{"id":151,"date":"2024-01-28T18:16:26","date_gmt":"2024-01-28T17:16:26","guid":{"rendered":"https:\/\/www.pierre-le-cycliste.fr\/?p=151"},"modified":"2024-01-28T18:16:26","modified_gmt":"2024-01-28T17:16:26","slug":"de-valence-a-roanne-jour-2-valence-saint-paul-en-jarez-94-km","status":"publish","type":"post","link":"https:\/\/www.pierre-le-cycliste.fr\/index.php\/2024\/01\/28\/de-valence-a-roanne-jour-2-valence-saint-paul-en-jarez-94-km\/","title":{"rendered":"de Valence \u00e0 Roanne &#8211; Jour 2 &#8211; Valence &#8211; Saint Paul en Jarez &#8211; 94 km"},"content":{"rendered":"<div id=\"attachment_161\" style=\"width: 527px\" class=\"wp-caption alignnone\"><img loading=\"lazy\" decoding=\"async\" aria-describedby=\"caption-attachment-161\" src=\"https:\/\/www.pierre-le-cycliste.fr\/wp-content\/uploads\/2024\/01\/Valence-Saint-Paul-en-Jarez.jpg\" alt=\"\" width=\"517\" height=\"512\" class=\"size-full wp-image-161\" srcset=\"https:\/\/www.pierre-le-cycliste.fr\/wp-content\/uploads\/2024\/01\/Valence-Saint-Paul-en-Jarez.jpg 517w, https:\/\/www.pierre-le-cycliste.fr\/wp-content\/uploads\/2024\/01\/Valence-Saint-Paul-en-Jarez-300x297.jpg 300w, https:\/\/www.pierre-le-cycliste.fr\/wp-content\/uploads\/2024\/01\/Valence-Saint-Paul-en-Jarez-150x150.jpg 150w\" sizes=\"auto, (max-width: 517px) 100vw, 517px\" \/><p id=\"caption-attachment-161\" class=\"wp-caption-text\">De Valence \u00e0 Saint Paul en Jarez.<\/p><\/div>\n<p>Impatient de p\u00e9daler, je d\u00e9marre \u00e0 7h. Il fait nuit, mais je dois d&rsquo;abord commencer par traverser Valence qui est \u00e9clair\u00e9e, et ensuite, j&rsquo;ai mon gilet jaune et mon excellent \u00e9clairage. De plus, les voitures roulent vers Valence, alors que je m&rsquo;en \u00e9loigne.<\/p>\n<p>Je remonte la rive droite du Rh\u00f4ne.<\/p>\n<p>Premi\u00e8re pause \u00e0 Cornas, le jour commence \u00e0 se lever.<\/p>\n<p>Puis c&rsquo;est Chateaubourg, il fait assez froid, avec un vent de face. Petite route, voire chemin, je suis bien tranquille.<\/p>\n<p>C&rsquo;est ensuite le barrage de la Roche de Glun, mais je rejoins la \u00ab\u00a0grande route\u00a0\u00bb qui doit \u00eatre assez tranquille en temps normal, mais les manifestations agricoles bloquent l&rsquo;autoroute de la vall\u00e9e du Rh\u00f4ne et les poids lourds sont d\u00e9vi\u00e9s par cette petite route.<\/p>\n<p>Bel embouteillage de poids lourds \u00e0 l&rsquo;entr\u00e9e de Tournon sur Rh\u00f4ne.<\/p>\n<p>Travers\u00e9e du Rh\u00f4ne pour poursuivre ma route via Tain L&rsquo;Hermitage, bien embouteill\u00e9e et la rive gauche.<\/p>\n<p>Nouvelle demi-travers\u00e9e du Rh\u00f4ne au niveau du barrage de Gervans pour poursuivre vers le nord sur l&rsquo;\u00eele Jamet,<\/p>\n<p>et au bout de l&rsquo;\u00eele, je rejoins la rive droite au niveau d&rsquo;Arras sur Rh\u00f4ne.<\/p>\n<p>6 kilom\u00e8tres plus loin, je rejoins Sarras et un nouvel embouteillage, mais je continue toujours \u00e0 remonter la rive droite sur une route qui ne supporte pas le trafic poids lourds qui sont d\u00e9vi\u00e9es vers la rive gauche.<\/p>\n<p>Pas tr\u00e8s agr\u00e9ables pour les voitures et camions en vall\u00e9e du Rh\u00f4ne ces jours-ci. A v\u00e9lo, pas de probl\u00e8me, on passe toujours. \u00c9videmment, on va moins vite quand il faut remonter une file de v\u00e9hicules bloqu\u00e9s.<\/p>\n<p>J&rsquo;arrive ensuite \u00e0 Andance o\u00f9 je fais ma pause casse-cro\u00fbte, puis je retraverse le Rh\u00f4ne pour Andancette et poursuivre \u00e0 nouveau en rive gauche,<\/p>\n<p>jusqu&rsquo;\u00e0 Saint Rambert d&rsquo;Albon o\u00f9 je passe sur l&rsquo;\u00eele de la Plati\u00e8re, r\u00e9serve naturelle.<\/p>\n<p>Au bout de l&rsquo;\u00eele, je repasse en rive droite \u00e0 Saint Pierre de Boeuf, j&rsquo;entre dans le <a href=\"https:\/\/fr.wikipedia.org\/wiki\/Parc_naturel_r%C3%A9gional_du_Pilat\">Parc naturel r\u00e9gional du Pilat<\/a>, <\/p>\n<p>et 4 kilom\u00e8tres plus lion, j&rsquo;arrive \u00e0 Chabanay o\u00f9 je vais commencer l&rsquo;ascension du col de Pavezin.<\/p>\n<p>Tr\u00e8s belle vue sur le Rh\u00f4ne, mais mont\u00e9e bien raide au d\u00e9part, et plusieurs passage ensuite tr\u00e8s raides. En fait, je ne me suis pas m\u00e9fier quand B-Router m&rsquo;a choisi mon itin\u00e9raire, et il a choisi un itin\u00e9raire par une succession de tous petits chemins goudronn\u00e9s, mais de traverses, un coup \u00e0 droite, un coup \u00e0 gauche. Des raccourcis ! Alors qu&rsquo;avec deux ou trois kilom\u00e8tres de plus, j&rsquo;aurais eu un itin\u00e9raire plus facile.<\/p>\n<p>De toute fa\u00e7on, il me fallait monter \u00e0 690 m\u00e8tres,<\/p>\n<p>et je suis en forme, mon entra\u00eenement progressif depuis la fin d\u00e9cembre a \u00e9t\u00e9 efficace.<\/p>\n<p>Je suis \u00e0 14h au col, qui n&rsquo;est pas tout \u00e0 fait le sommet de ma route, et ensuite j&rsquo;arrive, en descente, chez notre fille Isabelle, \u00e0 Saint Paul en Jarez apr\u00e8s avoir travers\u00e9 La Terrasse sur Dorlay. Il fait 18\u00b0.<\/p>\n<div id=\"attachment_66\" style=\"width: 650px\" class=\"wp-caption alignnone\"><img loading=\"lazy\" decoding=\"async\" aria-describedby=\"caption-attachment-66\" src=\"https:\/\/www.pierre-le-cycliste.fr\/wp-content\/uploads\/2024\/01\/20240125_074905.resized-1024x768.jpg\" alt=\"\" width=\"640\" height=\"480\" class=\"size-large wp-image-66\" srcset=\"https:\/\/www.pierre-le-cycliste.fr\/wp-content\/uploads\/2024\/01\/20240125_074905.resized-1024x768.jpg 1024w, https:\/\/www.pierre-le-cycliste.fr\/wp-content\/uploads\/2024\/01\/20240125_074905.resized-300x225.jpg 300w, https:\/\/www.pierre-le-cycliste.fr\/wp-content\/uploads\/2024\/01\/20240125_074905.resized-768x576.jpg 768w, https:\/\/www.pierre-le-cycliste.fr\/wp-content\/uploads\/2024\/01\/20240125_074905.resized-1536x1152.jpg 1536w, https:\/\/www.pierre-le-cycliste.fr\/wp-content\/uploads\/2024\/01\/20240125_074905.resized-2048x1536.jpg 2048w\" sizes=\"auto, (max-width: 640px) 100vw, 640px\" \/><p id=\"caption-attachment-66\" class=\"wp-caption-text\">La mairie de Cornas au lever du jour. Libert\u00e9, \u00c9galit\u00e9, Fraternit\u00e9, La\u00efcit\u00e9.<\/p><\/div>\n<div id=\"attachment_67\" style=\"width: 650px\" class=\"wp-caption alignnone\"><img loading=\"lazy\" decoding=\"async\" aria-describedby=\"caption-attachment-67\" src=\"https:\/\/www.pierre-le-cycliste.fr\/wp-content\/uploads\/2024\/01\/20240125_074933.resized-768x1024.jpg\" alt=\"\" width=\"640\" height=\"853\" class=\"size-large wp-image-67\" srcset=\"https:\/\/www.pierre-le-cycliste.fr\/wp-content\/uploads\/2024\/01\/20240125_074933.resized-768x1024.jpg 768w, https:\/\/www.pierre-le-cycliste.fr\/wp-content\/uploads\/2024\/01\/20240125_074933.resized-225x300.jpg 225w, https:\/\/www.pierre-le-cycliste.fr\/wp-content\/uploads\/2024\/01\/20240125_074933.resized-1152x1536.jpg 1152w, https:\/\/www.pierre-le-cycliste.fr\/wp-content\/uploads\/2024\/01\/20240125_074933.resized-1536x2048.jpg 1536w, https:\/\/www.pierre-le-cycliste.fr\/wp-content\/uploads\/2024\/01\/20240125_074933.resized-rotated.jpg 1734w\" sizes=\"auto, (max-width: 640px) 100vw, 640px\" \/><p id=\"caption-attachment-67\" class=\"wp-caption-text\">Fontaine au centre de Cornas.<\/p><\/div>\n<div id=\"attachment_68\" style=\"width: 650px\" class=\"wp-caption alignnone\"><img loading=\"lazy\" decoding=\"async\" aria-describedby=\"caption-attachment-68\" src=\"https:\/\/www.pierre-le-cycliste.fr\/wp-content\/uploads\/2024\/01\/20240125_075007.resized-768x1024.jpg\" alt=\"\" width=\"640\" height=\"853\" class=\"size-large wp-image-68\" srcset=\"https:\/\/www.pierre-le-cycliste.fr\/wp-content\/uploads\/2024\/01\/20240125_075007.resized-768x1024.jpg 768w, https:\/\/www.pierre-le-cycliste.fr\/wp-content\/uploads\/2024\/01\/20240125_075007.resized-225x300.jpg 225w, https:\/\/www.pierre-le-cycliste.fr\/wp-content\/uploads\/2024\/01\/20240125_075007.resized-1152x1536.jpg 1152w, https:\/\/www.pierre-le-cycliste.fr\/wp-content\/uploads\/2024\/01\/20240125_075007.resized-1536x2048.jpg 1536w, https:\/\/www.pierre-le-cycliste.fr\/wp-content\/uploads\/2024\/01\/20240125_075007.resized-rotated.jpg 1734w\" sizes=\"auto, (max-width: 640px) 100vw, 640px\" \/><p id=\"caption-attachment-68\" class=\"wp-caption-text\">L&rsquo;\u00e9glise de Cornas.<\/p><\/div>\n<div id=\"attachment_69\" style=\"width: 650px\" class=\"wp-caption alignnone\"><img loading=\"lazy\" decoding=\"async\" aria-describedby=\"caption-attachment-69\" src=\"https:\/\/www.pierre-le-cycliste.fr\/wp-content\/uploads\/2024\/01\/20240125_075712.resized-1024x768.jpg\" alt=\"\" width=\"640\" height=\"480\" class=\"size-large wp-image-69\" srcset=\"https:\/\/www.pierre-le-cycliste.fr\/wp-content\/uploads\/2024\/01\/20240125_075712.resized-1024x768.jpg 1024w, https:\/\/www.pierre-le-cycliste.fr\/wp-content\/uploads\/2024\/01\/20240125_075712.resized-300x225.jpg 300w, https:\/\/www.pierre-le-cycliste.fr\/wp-content\/uploads\/2024\/01\/20240125_075712.resized-768x576.jpg 768w, https:\/\/www.pierre-le-cycliste.fr\/wp-content\/uploads\/2024\/01\/20240125_075712.resized-1536x1152.jpg 1536w, https:\/\/www.pierre-le-cycliste.fr\/wp-content\/uploads\/2024\/01\/20240125_075712.resized-2048x1536.jpg 2048w\" sizes=\"auto, (max-width: 640px) 100vw, 640px\" \/><p id=\"caption-attachment-69\" class=\"wp-caption-text\">La Chapelle Notre-Dame-de-la-Mure \u00e0 Cornas.<\/p><\/div>\n<div id=\"attachment_71\" style=\"width: 650px\" class=\"wp-caption alignnone\"><img loading=\"lazy\" decoding=\"async\" aria-describedby=\"caption-attachment-71\" src=\"https:\/\/www.pierre-le-cycliste.fr\/wp-content\/uploads\/2024\/01\/20240125_081740.resized-1024x768.jpg\" alt=\"\" width=\"640\" height=\"480\" class=\"size-large wp-image-71\" srcset=\"https:\/\/www.pierre-le-cycliste.fr\/wp-content\/uploads\/2024\/01\/20240125_081740.resized-1024x768.jpg 1024w, https:\/\/www.pierre-le-cycliste.fr\/wp-content\/uploads\/2024\/01\/20240125_081740.resized-300x225.jpg 300w, https:\/\/www.pierre-le-cycliste.fr\/wp-content\/uploads\/2024\/01\/20240125_081740.resized-768x576.jpg 768w, https:\/\/www.pierre-le-cycliste.fr\/wp-content\/uploads\/2024\/01\/20240125_081740.resized-1536x1152.jpg 1536w, https:\/\/www.pierre-le-cycliste.fr\/wp-content\/uploads\/2024\/01\/20240125_081740.resized-2048x1536.jpg 2048w\" sizes=\"auto, (max-width: 640px) 100vw, 640px\" \/><p id=\"caption-attachment-71\" class=\"wp-caption-text\">Falaise en bord de Rh\u00f4ne \u00e0 Ch\u00e2teabourg, avec une plantation de jeunes ch\u00eanes irrigu\u00e9s.<\/p><\/div>\n<div id=\"attachment_70\" style=\"width: 650px\" class=\"wp-caption alignnone\"><img loading=\"lazy\" decoding=\"async\" aria-describedby=\"caption-attachment-70\" src=\"https:\/\/www.pierre-le-cycliste.fr\/wp-content\/uploads\/2024\/01\/20240125_081543.resized-1024x768.jpg\" alt=\"\" width=\"640\" height=\"480\" class=\"size-large wp-image-70\" srcset=\"https:\/\/www.pierre-le-cycliste.fr\/wp-content\/uploads\/2024\/01\/20240125_081543.resized-1024x768.jpg 1024w, https:\/\/www.pierre-le-cycliste.fr\/wp-content\/uploads\/2024\/01\/20240125_081543.resized-300x225.jpg 300w, https:\/\/www.pierre-le-cycliste.fr\/wp-content\/uploads\/2024\/01\/20240125_081543.resized-768x576.jpg 768w, https:\/\/www.pierre-le-cycliste.fr\/wp-content\/uploads\/2024\/01\/20240125_081543.resized-1536x1152.jpg 1536w, https:\/\/www.pierre-le-cycliste.fr\/wp-content\/uploads\/2024\/01\/20240125_081543.resized-2048x1536.jpg 2048w\" sizes=\"auto, (max-width: 640px) 100vw, 640px\" \/><p id=\"caption-attachment-70\" class=\"wp-caption-text\">Ch\u00e2teaubourg et son ch\u00e2teau construit au XIe si\u00e8cle, au sommet d\u2019une \u00e9minence rocheuse sur la rive droite du Rh\u00f4ne, face au confluent de l\u2019Is\u00e8re et au ch\u00e2teau de La Roche de Glun, et \u00e0 celui de Glun, trois ch\u00e2teaux appartenant au m\u00eame propri\u00e9taire, un nomm\u00e9 Rogier, qui avait l\u2019habitude de ran\u00e7onner les passants, p\u00e8lerins et mariniers. Dans ses m\u00e9moires, Joinville dit que, se rendant en croisade, le roi Louis IX en profita pour assi\u00e9ger le ch\u00e2teau de La Roche de Glun. Le seigneur Rogier et sa population pass\u00e9s au fil de l\u2019\u00e9p\u00e9e, le roi fut log\u00e9 au ch\u00e2teau de Ch\u00e2teaubourg.<\/p><\/div>\n<div id=\"attachment_72\" style=\"width: 650px\" class=\"wp-caption alignnone\"><img loading=\"lazy\" decoding=\"async\" aria-describedby=\"caption-attachment-72\" src=\"https:\/\/www.pierre-le-cycliste.fr\/wp-content\/uploads\/2024\/01\/20240125_082018.resized-1024x768.jpg\" alt=\"\" width=\"640\" height=\"480\" class=\"size-large wp-image-72\" srcset=\"https:\/\/www.pierre-le-cycliste.fr\/wp-content\/uploads\/2024\/01\/20240125_082018.resized-1024x768.jpg 1024w, https:\/\/www.pierre-le-cycliste.fr\/wp-content\/uploads\/2024\/01\/20240125_082018.resized-300x225.jpg 300w, https:\/\/www.pierre-le-cycliste.fr\/wp-content\/uploads\/2024\/01\/20240125_082018.resized-768x576.jpg 768w, https:\/\/www.pierre-le-cycliste.fr\/wp-content\/uploads\/2024\/01\/20240125_082018.resized-1536x1152.jpg 1536w, https:\/\/www.pierre-le-cycliste.fr\/wp-content\/uploads\/2024\/01\/20240125_082018.resized-2048x1536.jpg 2048w\" sizes=\"auto, (max-width: 640px) 100vw, 640px\" \/><p id=\"caption-attachment-72\" class=\"wp-caption-text\">Le ch\u00e2teau de Ch\u00e2teaubourg.<\/p><\/div>\n<div id=\"attachment_73\" style=\"width: 650px\" class=\"wp-caption alignnone\"><img loading=\"lazy\" decoding=\"async\" aria-describedby=\"caption-attachment-73\" src=\"https:\/\/www.pierre-le-cycliste.fr\/wp-content\/uploads\/2024\/01\/20240125_082908.resized-1024x768.jpg\" alt=\"\" width=\"640\" height=\"480\" class=\"size-large wp-image-73\" srcset=\"https:\/\/www.pierre-le-cycliste.fr\/wp-content\/uploads\/2024\/01\/20240125_082908.resized-1024x768.jpg 1024w, https:\/\/www.pierre-le-cycliste.fr\/wp-content\/uploads\/2024\/01\/20240125_082908.resized-300x225.jpg 300w, https:\/\/www.pierre-le-cycliste.fr\/wp-content\/uploads\/2024\/01\/20240125_082908.resized-768x576.jpg 768w, https:\/\/www.pierre-le-cycliste.fr\/wp-content\/uploads\/2024\/01\/20240125_082908.resized-1536x1152.jpg 1536w, https:\/\/www.pierre-le-cycliste.fr\/wp-content\/uploads\/2024\/01\/20240125_082908.resized-2048x1536.jpg 2048w\" sizes=\"auto, (max-width: 640px) 100vw, 640px\" \/><p id=\"caption-attachment-73\" class=\"wp-caption-text\">Le barrage de La Roche de Glun, sur le Rh\u00f4ne.<\/p><\/div>\n<div id=\"attachment_74\" style=\"width: 650px\" class=\"wp-caption alignnone\"><img loading=\"lazy\" decoding=\"async\" aria-describedby=\"caption-attachment-74\" src=\"https:\/\/www.pierre-le-cycliste.fr\/wp-content\/uploads\/2024\/01\/20240125_092953.resized-1024x768.jpg\" alt=\"\" width=\"640\" height=\"480\" class=\"size-large wp-image-74\" srcset=\"https:\/\/www.pierre-le-cycliste.fr\/wp-content\/uploads\/2024\/01\/20240125_092953.resized-1024x768.jpg 1024w, https:\/\/www.pierre-le-cycliste.fr\/wp-content\/uploads\/2024\/01\/20240125_092953.resized-300x225.jpg 300w, https:\/\/www.pierre-le-cycliste.fr\/wp-content\/uploads\/2024\/01\/20240125_092953.resized-768x576.jpg 768w, https:\/\/www.pierre-le-cycliste.fr\/wp-content\/uploads\/2024\/01\/20240125_092953.resized-1536x1152.jpg 1536w, https:\/\/www.pierre-le-cycliste.fr\/wp-content\/uploads\/2024\/01\/20240125_092953.resized-2048x1536.jpg 2048w\" sizes=\"auto, (max-width: 640px) 100vw, 640px\" \/><p id=\"caption-attachment-74\" class=\"wp-caption-text\">La vall\u00e9e du Rh\u00f4ne. Sur l&rsquo;autre rive, c&rsquo;est le village d&rsquo;Erome.<\/p><\/div>\n<div id=\"attachment_75\" style=\"width: 650px\" class=\"wp-caption alignnone\"><img loading=\"lazy\" decoding=\"async\" aria-describedby=\"caption-attachment-75\" src=\"https:\/\/www.pierre-le-cycliste.fr\/wp-content\/uploads\/2024\/01\/20240125_094147.resized-1024x768.jpg\" alt=\"\" width=\"640\" height=\"480\" class=\"size-large wp-image-75\" srcset=\"https:\/\/www.pierre-le-cycliste.fr\/wp-content\/uploads\/2024\/01\/20240125_094147.resized-1024x768.jpg 1024w, https:\/\/www.pierre-le-cycliste.fr\/wp-content\/uploads\/2024\/01\/20240125_094147.resized-300x225.jpg 300w, https:\/\/www.pierre-le-cycliste.fr\/wp-content\/uploads\/2024\/01\/20240125_094147.resized-768x576.jpg 768w, https:\/\/www.pierre-le-cycliste.fr\/wp-content\/uploads\/2024\/01\/20240125_094147.resized-1536x1152.jpg 1536w, https:\/\/www.pierre-le-cycliste.fr\/wp-content\/uploads\/2024\/01\/20240125_094147.resized-2048x1536.jpg 2048w\" sizes=\"auto, (max-width: 640px) 100vw, 640px\" \/><p id=\"caption-attachment-75\" class=\"wp-caption-text\">Le donjon de l&rsquo;ancien ch\u00e2teau d&rsquo;Arras sur Rh\u00f4ne.<\/p><\/div>\n<div id=\"attachment_76\" style=\"width: 650px\" class=\"wp-caption alignnone\"><img loading=\"lazy\" decoding=\"async\" aria-describedby=\"caption-attachment-76\" src=\"https:\/\/www.pierre-le-cycliste.fr\/wp-content\/uploads\/2024\/01\/20240125_094444.resized-768x1024.jpg\" alt=\"\" width=\"640\" height=\"853\" class=\"size-large wp-image-76\" srcset=\"https:\/\/www.pierre-le-cycliste.fr\/wp-content\/uploads\/2024\/01\/20240125_094444.resized-768x1024.jpg 768w, https:\/\/www.pierre-le-cycliste.fr\/wp-content\/uploads\/2024\/01\/20240125_094444.resized-225x300.jpg 225w, https:\/\/www.pierre-le-cycliste.fr\/wp-content\/uploads\/2024\/01\/20240125_094444.resized-1152x1536.jpg 1152w, https:\/\/www.pierre-le-cycliste.fr\/wp-content\/uploads\/2024\/01\/20240125_094444.resized-1536x2048.jpg 1536w, https:\/\/www.pierre-le-cycliste.fr\/wp-content\/uploads\/2024\/01\/20240125_094444.resized-rotated.jpg 1734w\" sizes=\"auto, (max-width: 640px) 100vw, 640px\" \/><p id=\"caption-attachment-76\" class=\"wp-caption-text\">Le donjon de l&rsquo;ancien ch\u00e2teau d&rsquo;Arras sur Rh\u00f4ne.<\/p><\/div>\n<div id=\"attachment_77\" style=\"width: 650px\" class=\"wp-caption alignnone\"><img loading=\"lazy\" decoding=\"async\" aria-describedby=\"caption-attachment-77\" src=\"https:\/\/www.pierre-le-cycliste.fr\/wp-content\/uploads\/2024\/01\/20240125_103500.resized-1024x768.jpg\" alt=\"\" width=\"640\" height=\"480\" class=\"size-large wp-image-77\" srcset=\"https:\/\/www.pierre-le-cycliste.fr\/wp-content\/uploads\/2024\/01\/20240125_103500.resized-1024x768.jpg 1024w, https:\/\/www.pierre-le-cycliste.fr\/wp-content\/uploads\/2024\/01\/20240125_103500.resized-300x225.jpg 300w, https:\/\/www.pierre-le-cycliste.fr\/wp-content\/uploads\/2024\/01\/20240125_103500.resized-768x576.jpg 768w, https:\/\/www.pierre-le-cycliste.fr\/wp-content\/uploads\/2024\/01\/20240125_103500.resized-1536x1152.jpg 1536w, https:\/\/www.pierre-le-cycliste.fr\/wp-content\/uploads\/2024\/01\/20240125_103500.resized-2048x1536.jpg 2048w\" sizes=\"auto, (max-width: 640px) 100vw, 640px\" \/><p id=\"caption-attachment-77\" class=\"wp-caption-text\">Andancette vue d&rsquo;Andance.<\/p><\/div>\n<div id=\"attachment_78\" style=\"width: 650px\" class=\"wp-caption alignnone\"><img loading=\"lazy\" decoding=\"async\" aria-describedby=\"caption-attachment-78\" src=\"https:\/\/www.pierre-le-cycliste.fr\/wp-content\/uploads\/2024\/01\/20240125_103606.resized-1024x768.jpg\" alt=\"\" width=\"640\" height=\"480\" class=\"size-large wp-image-78\" srcset=\"https:\/\/www.pierre-le-cycliste.fr\/wp-content\/uploads\/2024\/01\/20240125_103606.resized-1024x768.jpg 1024w, https:\/\/www.pierre-le-cycliste.fr\/wp-content\/uploads\/2024\/01\/20240125_103606.resized-300x225.jpg 300w, https:\/\/www.pierre-le-cycliste.fr\/wp-content\/uploads\/2024\/01\/20240125_103606.resized-768x576.jpg 768w, https:\/\/www.pierre-le-cycliste.fr\/wp-content\/uploads\/2024\/01\/20240125_103606.resized-1536x1152.jpg 1536w, https:\/\/www.pierre-le-cycliste.fr\/wp-content\/uploads\/2024\/01\/20240125_103606.resized-2048x1536.jpg 2048w\" sizes=\"auto, (max-width: 640px) 100vw, 640px\" \/><p id=\"caption-attachment-78\" class=\"wp-caption-text\">Andance et son pont la reliant \u00e0 Andancette.<\/p><\/div>\n<div id=\"attachment_79\" style=\"width: 650px\" class=\"wp-caption alignnone\"><img loading=\"lazy\" decoding=\"async\" aria-describedby=\"caption-attachment-79\" src=\"https:\/\/www.pierre-le-cycliste.fr\/wp-content\/uploads\/2024\/01\/20240125_110239.resized-1024x768.jpg\" alt=\"\" width=\"640\" height=\"480\" class=\"size-large wp-image-79\" srcset=\"https:\/\/www.pierre-le-cycliste.fr\/wp-content\/uploads\/2024\/01\/20240125_110239.resized-1024x768.jpg 1024w, https:\/\/www.pierre-le-cycliste.fr\/wp-content\/uploads\/2024\/01\/20240125_110239.resized-300x225.jpg 300w, https:\/\/www.pierre-le-cycliste.fr\/wp-content\/uploads\/2024\/01\/20240125_110239.resized-768x576.jpg 768w, https:\/\/www.pierre-le-cycliste.fr\/wp-content\/uploads\/2024\/01\/20240125_110239.resized-1536x1152.jpg 1536w, https:\/\/www.pierre-le-cycliste.fr\/wp-content\/uploads\/2024\/01\/20240125_110239.resized-2048x1536.jpg 2048w\" sizes=\"auto, (max-width: 640px) 100vw, 640px\" \/><p id=\"caption-attachment-79\" class=\"wp-caption-text\">Andance vue d&rsquo;Andancette.<\/p><\/div>\n<div id=\"attachment_80\" style=\"width: 650px\" class=\"wp-caption alignnone\"><img loading=\"lazy\" decoding=\"async\" aria-describedby=\"caption-attachment-80\" src=\"https:\/\/www.pierre-le-cycliste.fr\/wp-content\/uploads\/2024\/01\/20240125_122406.resized-1024x768.jpg\" alt=\"\" width=\"640\" height=\"480\" class=\"size-large wp-image-80\" srcset=\"https:\/\/www.pierre-le-cycliste.fr\/wp-content\/uploads\/2024\/01\/20240125_122406.resized-1024x768.jpg 1024w, https:\/\/www.pierre-le-cycliste.fr\/wp-content\/uploads\/2024\/01\/20240125_122406.resized-300x225.jpg 300w, https:\/\/www.pierre-le-cycliste.fr\/wp-content\/uploads\/2024\/01\/20240125_122406.resized-768x576.jpg 768w, https:\/\/www.pierre-le-cycliste.fr\/wp-content\/uploads\/2024\/01\/20240125_122406.resized-1536x1152.jpg 1536w, https:\/\/www.pierre-le-cycliste.fr\/wp-content\/uploads\/2024\/01\/20240125_122406.resized-2048x1536.jpg 2048w\" sizes=\"auto, (max-width: 640px) 100vw, 640px\" \/><p id=\"caption-attachment-80\" class=\"wp-caption-text\">Saint Pierre de B\u0153uf.<\/p><\/div>\n<div id=\"attachment_81\" style=\"width: 650px\" class=\"wp-caption alignnone\"><img loading=\"lazy\" decoding=\"async\" aria-describedby=\"caption-attachment-81\" src=\"https:\/\/www.pierre-le-cycliste.fr\/wp-content\/uploads\/2024\/01\/20240125_123252.resized-1024x768.jpg\" alt=\"\" width=\"640\" height=\"480\" class=\"size-large wp-image-81\" srcset=\"https:\/\/www.pierre-le-cycliste.fr\/wp-content\/uploads\/2024\/01\/20240125_123252.resized-1024x768.jpg 1024w, https:\/\/www.pierre-le-cycliste.fr\/wp-content\/uploads\/2024\/01\/20240125_123252.resized-300x225.jpg 300w, https:\/\/www.pierre-le-cycliste.fr\/wp-content\/uploads\/2024\/01\/20240125_123252.resized-768x576.jpg 768w, https:\/\/www.pierre-le-cycliste.fr\/wp-content\/uploads\/2024\/01\/20240125_123252.resized-1536x1152.jpg 1536w, https:\/\/www.pierre-le-cycliste.fr\/wp-content\/uploads\/2024\/01\/20240125_123252.resized-2048x1536.jpg 2048w\" sizes=\"auto, (max-width: 640px) 100vw, 640px\" \/><p id=\"caption-attachment-81\" class=\"wp-caption-text\">La centrale nucl\u00e9aire de Saint Alban-Saint Maurice.<\/p><\/div>\n<div id=\"attachment_82\" style=\"width: 650px\" class=\"wp-caption alignnone\"><img loading=\"lazy\" decoding=\"async\" aria-describedby=\"caption-attachment-82\" src=\"https:\/\/www.pierre-le-cycliste.fr\/wp-content\/uploads\/2024\/01\/20240125_125911.resized-1024x768.jpg\" alt=\"\" width=\"640\" height=\"480\" class=\"size-large wp-image-82\" srcset=\"https:\/\/www.pierre-le-cycliste.fr\/wp-content\/uploads\/2024\/01\/20240125_125911.resized-1024x768.jpg 1024w, https:\/\/www.pierre-le-cycliste.fr\/wp-content\/uploads\/2024\/01\/20240125_125911.resized-300x225.jpg 300w, https:\/\/www.pierre-le-cycliste.fr\/wp-content\/uploads\/2024\/01\/20240125_125911.resized-768x576.jpg 768w, https:\/\/www.pierre-le-cycliste.fr\/wp-content\/uploads\/2024\/01\/20240125_125911.resized-1536x1152.jpg 1536w, https:\/\/www.pierre-le-cycliste.fr\/wp-content\/uploads\/2024\/01\/20240125_125911.resized-2048x1536.jpg 2048w\" sizes=\"auto, (max-width: 640px) 100vw, 640px\" \/><p id=\"caption-attachment-82\" class=\"wp-caption-text\">Vue sur la vall\u00e9e du Rh\u00f4ne en montant dans le <a href=\"https:\/\/fr.wikipedia.org\/wiki\/Parc_naturel_r%C3%A9gional_du_Pilat\">massif du Pilat<\/a> \u00e0 partir de Chavanay.<\/p><\/div>\n<div id=\"attachment_83\" style=\"width: 650px\" class=\"wp-caption alignnone\"><img loading=\"lazy\" decoding=\"async\" aria-describedby=\"caption-attachment-83\" src=\"https:\/\/www.pierre-le-cycliste.fr\/wp-content\/uploads\/2024\/01\/20240125_141710.resized-1024x768.jpg\" alt=\"\" width=\"640\" height=\"480\" class=\"size-large wp-image-83\" srcset=\"https:\/\/www.pierre-le-cycliste.fr\/wp-content\/uploads\/2024\/01\/20240125_141710.resized-1024x768.jpg 1024w, https:\/\/www.pierre-le-cycliste.fr\/wp-content\/uploads\/2024\/01\/20240125_141710.resized-300x225.jpg 300w, https:\/\/www.pierre-le-cycliste.fr\/wp-content\/uploads\/2024\/01\/20240125_141710.resized-768x576.jpg 768w, https:\/\/www.pierre-le-cycliste.fr\/wp-content\/uploads\/2024\/01\/20240125_141710.resized-1536x1152.jpg 1536w, https:\/\/www.pierre-le-cycliste.fr\/wp-content\/uploads\/2024\/01\/20240125_141710.resized-2048x1536.jpg 2048w\" sizes=\"auto, (max-width: 640px) 100vw, 640px\" \/><p id=\"caption-attachment-83\" class=\"wp-caption-text\">Le Col de Pavezin. J&rsquo;y ai fait une petite pause. Beaucoup de cyclistes, isol\u00e9s ou par deux ou trois, profitent de ce bel apr\u00e8s-midi de janvier pour escalader le col. Une semaine plus t\u00f4t, le col \u00e9tait sous la neige !<\/p><\/div>\n<div id=\"attachment_84\" style=\"width: 650px\" class=\"wp-caption alignnone\"><img loading=\"lazy\" decoding=\"async\" aria-describedby=\"caption-attachment-84\" src=\"https:\/\/www.pierre-le-cycliste.fr\/wp-content\/uploads\/2024\/01\/20240125_141734.resized-1024x768.jpg\" alt=\"\" width=\"640\" height=\"480\" class=\"size-large wp-image-84\" srcset=\"https:\/\/www.pierre-le-cycliste.fr\/wp-content\/uploads\/2024\/01\/20240125_141734.resized-1024x768.jpg 1024w, https:\/\/www.pierre-le-cycliste.fr\/wp-content\/uploads\/2024\/01\/20240125_141734.resized-300x225.jpg 300w, https:\/\/www.pierre-le-cycliste.fr\/wp-content\/uploads\/2024\/01\/20240125_141734.resized-768x576.jpg 768w, https:\/\/www.pierre-le-cycliste.fr\/wp-content\/uploads\/2024\/01\/20240125_141734.resized-1536x1152.jpg 1536w, https:\/\/www.pierre-le-cycliste.fr\/wp-content\/uploads\/2024\/01\/20240125_141734.resized-2048x1536.jpg 2048w\" sizes=\"auto, (max-width: 640px) 100vw, 640px\" \/><p id=\"caption-attachment-84\" class=\"wp-caption-text\">L&rsquo;auberge du Col de Pavezin.<\/p><\/div>\n<p>Je suis pour deux jours \u00e0 Saint Paul en Jarez.<\/p>\n","protected":false},"excerpt":{"rendered":"<p>Impatient de p\u00e9daler, je d\u00e9marre \u00e0 7h. Il fait nuit, mais je dois d&rsquo;abord commencer par traverser Valence qui est \u00e9clair\u00e9e, et ensuite, j&rsquo;ai mon gilet jaune et mon excellent \u00e9clairage. De plus, les voitures roulent vers Valence, alors que &hellip; <a href=\"https:\/\/www.pierre-le-cycliste.fr\/index.php\/2024\/01\/28\/de-valence-a-roanne-jour-2-valence-saint-paul-en-jarez-94-km\/\">Continuer la lecture <span class=\"meta-nav\">&rarr;<\/span><\/a><\/p>\n","protected":false},"author":1,"featured_media":0,"comment_status":"open","ping_status":"open","sticky":false,"template":"","format":"standard","meta":{"footnotes":""},"categories":[1],"tags":[],"class_list":["post-151","post","type-post","status-publish","format-standard","hentry","category-non-classe"],"_links":{"self":[{"href":"https:\/\/www.pierre-le-cycliste.fr\/index.php\/wp-json\/wp\/v2\/posts\/151","targetHints":{"allow":["GET"]}}],"collection":[{"href":"https:\/\/www.pierre-le-cycliste.fr\/index.php\/wp-json\/wp\/v2\/posts"}],"about":[{"href":"https:\/\/www.pierre-le-cycliste.fr\/index.php\/wp-json\/wp\/v2\/types\/post"}],"author":[{"embeddable":true,"href":"https:\/\/www.pierre-le-cycliste.fr\/index.php\/wp-json\/wp\/v2\/users\/1"}],"replies":[{"embeddable":true,"href":"https:\/\/www.pierre-le-cycliste.fr\/index.php\/wp-json\/wp\/v2\/comments?post=151"}],"version-history":[{"count":7,"href":"https:\/\/www.pierre-le-cycliste.fr\/index.php\/wp-json\/wp\/v2\/posts\/151\/revisions"}],"predecessor-version":[{"id":163,"href":"https:\/\/www.pierre-le-cycliste.fr\/index.php\/wp-json\/wp\/v2\/posts\/151\/revisions\/163"}],"wp:attachment":[{"href":"https:\/\/www.pierre-le-cycliste.fr\/index.php\/wp-json\/wp\/v2\/media?parent=151"}],"wp:term":[{"taxonomy":"category","embeddable":true,"href":"https:\/\/www.pierre-le-cycliste.fr\/index.php\/wp-json\/wp\/v2\/categories?post=151"},{"taxonomy":"post_tag","embeddable":true,"href":"https:\/\/www.pierre-le-cycliste.fr\/index.php\/wp-json\/wp\/v2\/tags?post=151"}],"curies":[{"name":"wp","href":"https:\/\/api.w.org\/{rel}","templated":true}]}}