{"id":3048,"date":"2024-11-09T21:03:36","date_gmt":"2024-11-09T20:03:36","guid":{"rendered":"https:\/\/www.pierre-le-cycliste.fr\/?p=3048"},"modified":"2024-11-09T21:03:36","modified_gmt":"2024-11-09T20:03:36","slug":"guerre-14-18-jour-3-arras-bapaume-albert-72-km","status":"publish","type":"post","link":"https:\/\/www.pierre-le-cycliste.fr\/index.php\/2024\/11\/09\/guerre-14-18-jour-3-arras-bapaume-albert-72-km\/","title":{"rendered":"Guerre 14-18 &#8211; jour  3 &#8211; Arras &#8211; Bapaume &#8211; Albert &#8211; 72 km"},"content":{"rendered":"<p>Journ\u00e9e un peu moins froide qu&rsquo;hier, mais tr\u00e8s humide, et toujours grise, dans la brume. En quittant Bapaume, c&rsquo;\u00e9tait presque du crachin, mais je n&rsquo;ai pas eu besoin de sortir la cape.<\/p>\n<p>Rouler avec bagages me fait transpirer et pendant ma pause casse-cro\u00f9te \u00e0 Bapaume, j&rsquo;avais pas chaud. Je n&rsquo;ai pas tra\u00een\u00e9.<\/p>\n<p>\u00c9tape pas tr\u00e8s longue, mais avec pas mal de c\u00f4tes, d&rsquo;une cr\u00eate \u00e0 l&rsquo;autre, un peu dur en fin d&rsquo;\u00e9tapes.<\/p>\n<p>Arriv\u00e9e vers 16h30 dans mon studio, avec un canap\u00e9 pli\u00e9 que je n&rsquo;arrivais pas \u00e0 ouvrir. Heureusement le logeur n&rsquo;habite pas loin et est vite venu me d\u00e9panner.<\/p>\n<div id=\"attachment_3000\" style=\"width: 650px\" class=\"wp-caption alignnone\"><img loading=\"lazy\" decoding=\"async\" aria-describedby=\"caption-attachment-3000\" src=\"https:\/\/www.pierre-le-cycliste.fr\/wp-content\/uploads\/2024\/11\/20241109_082504.resized-1024x768.jpg\" alt=\"\" width=\"640\" height=\"480\" class=\"size-large wp-image-3000\" srcset=\"https:\/\/www.pierre-le-cycliste.fr\/wp-content\/uploads\/2024\/11\/20241109_082504.resized-1024x768.jpg 1024w, https:\/\/www.pierre-le-cycliste.fr\/wp-content\/uploads\/2024\/11\/20241109_082504.resized-300x225.jpg 300w, https:\/\/www.pierre-le-cycliste.fr\/wp-content\/uploads\/2024\/11\/20241109_082504.resized-768x576.jpg 768w, https:\/\/www.pierre-le-cycliste.fr\/wp-content\/uploads\/2024\/11\/20241109_082504.resized.jpg 1280w\" sizes=\"auto, (max-width: 640px) 100vw, 640px\" \/><p id=\"caption-attachment-3000\" class=\"wp-caption-text\">Peu apr\u00e8s le d\u00e9marrage d&rsquo;Arras, premi\u00e8re r\u00e9colte de betteravves. Depuis deux jours dans le Pas de Calais, je n&rsquo;en avais pas encore vu, mais aujourd&rsquo;hui, j&rsquo;en ai vu beaucoup.<\/p><\/div>\n<div id=\"attachment_3001\" style=\"width: 650px\" class=\"wp-caption alignnone\"><img loading=\"lazy\" decoding=\"async\" aria-describedby=\"caption-attachment-3001\" src=\"https:\/\/www.pierre-le-cycliste.fr\/wp-content\/uploads\/2024\/11\/20241109_083408.resized-1024x768.jpg\" alt=\"\" width=\"640\" height=\"480\" class=\"size-large wp-image-3001\" srcset=\"https:\/\/www.pierre-le-cycliste.fr\/wp-content\/uploads\/2024\/11\/20241109_083408.resized-1024x768.jpg 1024w, https:\/\/www.pierre-le-cycliste.fr\/wp-content\/uploads\/2024\/11\/20241109_083408.resized-300x225.jpg 300w, https:\/\/www.pierre-le-cycliste.fr\/wp-content\/uploads\/2024\/11\/20241109_083408.resized-768x576.jpg 768w, https:\/\/www.pierre-le-cycliste.fr\/wp-content\/uploads\/2024\/11\/20241109_083408.resized.jpg 1280w\" sizes=\"auto, (max-width: 640px) 100vw, 640px\" \/><p id=\"caption-attachment-3001\" class=\"wp-caption-text\">Sur ce chemin o\u00f9 je suis tr\u00e8s secou\u00e9, je perds une sacoche, un peu ma faute, un peu celle du porte-bagage. De ma faute, j&rsquo;aurai d\u00fb \u00eatre plus vigilant, mes sacoches vieillissent et le cliquet \u00e0 ressort pour la fermeture est moins efficace, il faut l&rsquo;aider. Mais l&rsquo;ergot du porte-bagage qui emp\u00eache la sacoche de glisser est moins bien positionn\u00e9  que sur mon v\u00e9lo pr\u00e9c\u00e9dent, \u00e0 un millim\u00e8tre pr\u00eat. J&rsquo;ai sorti les outils, compris ce qui s&rsquo;\u00e9tait pass\u00e9 et reparti !<\/p><\/div>\n<div id=\"attachment_3002\" style=\"width: 650px\" class=\"wp-caption alignnone\"><img loading=\"lazy\" decoding=\"async\" aria-describedby=\"caption-attachment-3002\" src=\"https:\/\/www.pierre-le-cycliste.fr\/wp-content\/uploads\/2024\/11\/20241109_084225.resized-1024x768.jpg\" alt=\"\" width=\"640\" height=\"480\" class=\"size-large wp-image-3002\" srcset=\"https:\/\/www.pierre-le-cycliste.fr\/wp-content\/uploads\/2024\/11\/20241109_084225.resized-1024x768.jpg 1024w, https:\/\/www.pierre-le-cycliste.fr\/wp-content\/uploads\/2024\/11\/20241109_084225.resized-300x225.jpg 300w, https:\/\/www.pierre-le-cycliste.fr\/wp-content\/uploads\/2024\/11\/20241109_084225.resized-768x576.jpg 768w, https:\/\/www.pierre-le-cycliste.fr\/wp-content\/uploads\/2024\/11\/20241109_084225.resized.jpg 1280w\" sizes=\"auto, (max-width: 640px) 100vw, 640px\" \/><p id=\"caption-attachment-3002\" class=\"wp-caption-text\">Le cimeti\u00e8re britannique de Neuville Vitasse.<\/p><\/div>\n<div id=\"attachment_3003\" style=\"width: 650px\" class=\"wp-caption alignnone\"><img loading=\"lazy\" decoding=\"async\" aria-describedby=\"caption-attachment-3003\" src=\"https:\/\/www.pierre-le-cycliste.fr\/wp-content\/uploads\/2024\/11\/20241109_090806.resized-768x1024.jpg\" alt=\"\" width=\"640\" height=\"853\" class=\"size-large wp-image-3003\" srcset=\"https:\/\/www.pierre-le-cycliste.fr\/wp-content\/uploads\/2024\/11\/20241109_090806.resized-768x1024.jpg 768w, https:\/\/www.pierre-le-cycliste.fr\/wp-content\/uploads\/2024\/11\/20241109_090806.resized-225x300.jpg 225w, https:\/\/www.pierre-le-cycliste.fr\/wp-content\/uploads\/2024\/11\/20241109_090806.resized-rotated.jpg 960w\" sizes=\"auto, (max-width: 640px) 100vw, 640px\" \/><p id=\"caption-attachment-3003\" class=\"wp-caption-text\">Le monument aux morts de Saint L\u00e9ger. Le soldat me semble porter un casque anglais.<\/p><\/div>\n<div id=\"attachment_3004\" style=\"width: 650px\" class=\"wp-caption alignnone\"><img loading=\"lazy\" decoding=\"async\" aria-describedby=\"caption-attachment-3004\" src=\"https:\/\/www.pierre-le-cycliste.fr\/wp-content\/uploads\/2024\/11\/20241109_090909.resized-768x1024.jpg\" alt=\"\" width=\"640\" height=\"853\" class=\"size-large wp-image-3004\" srcset=\"https:\/\/www.pierre-le-cycliste.fr\/wp-content\/uploads\/2024\/11\/20241109_090909.resized-768x1024.jpg 768w, https:\/\/www.pierre-le-cycliste.fr\/wp-content\/uploads\/2024\/11\/20241109_090909.resized-225x300.jpg 225w, https:\/\/www.pierre-le-cycliste.fr\/wp-content\/uploads\/2024\/11\/20241109_090909.resized-rotated.jpg 960w\" sizes=\"auto, (max-width: 640px) 100vw, 640px\" \/><p id=\"caption-attachment-3004\" class=\"wp-caption-text\">Citation du village de Saint L\u00e9ger, compl\u00e8tement d\u00e9truit, \u00e0 l&rsquo;ordre de l&rsquo;arm\u00e9e<\/p><\/div>\n<div id=\"attachment_3005\" style=\"width: 650px\" class=\"wp-caption alignnone\"><img loading=\"lazy\" decoding=\"async\" aria-describedby=\"caption-attachment-3005\" src=\"https:\/\/www.pierre-le-cycliste.fr\/wp-content\/uploads\/2024\/11\/20241109_091650.resized-1024x768.jpg\" alt=\"\" width=\"640\" height=\"480\" class=\"size-large wp-image-3005\" srcset=\"https:\/\/www.pierre-le-cycliste.fr\/wp-content\/uploads\/2024\/11\/20241109_091650.resized-1024x768.jpg 1024w, https:\/\/www.pierre-le-cycliste.fr\/wp-content\/uploads\/2024\/11\/20241109_091650.resized-300x225.jpg 300w, https:\/\/www.pierre-le-cycliste.fr\/wp-content\/uploads\/2024\/11\/20241109_091650.resized-768x576.jpg 768w, https:\/\/www.pierre-le-cycliste.fr\/wp-content\/uploads\/2024\/11\/20241109_091650.resized.jpg 1280w\" sizes=\"auto, (max-width: 640px) 100vw, 640px\" \/><p id=\"caption-attachment-3005\" class=\"wp-caption-text\">Le cimeti\u00e8re britannique de Saint L\u00e9ger.<\/p><\/div>\n<div id=\"attachment_3006\" style=\"width: 650px\" class=\"wp-caption alignnone\"><img loading=\"lazy\" decoding=\"async\" aria-describedby=\"caption-attachment-3006\" src=\"https:\/\/www.pierre-le-cycliste.fr\/wp-content\/uploads\/2024\/11\/20241109_091712.resized-1024x768.jpg\" alt=\"\" width=\"640\" height=\"480\" class=\"size-large wp-image-3006\" srcset=\"https:\/\/www.pierre-le-cycliste.fr\/wp-content\/uploads\/2024\/11\/20241109_091712.resized-1024x768.jpg 1024w, https:\/\/www.pierre-le-cycliste.fr\/wp-content\/uploads\/2024\/11\/20241109_091712.resized-300x225.jpg 300w, https:\/\/www.pierre-le-cycliste.fr\/wp-content\/uploads\/2024\/11\/20241109_091712.resized-768x576.jpg 768w, https:\/\/www.pierre-le-cycliste.fr\/wp-content\/uploads\/2024\/11\/20241109_091712.resized.jpg 1280w\" sizes=\"auto, (max-width: 640px) 100vw, 640px\" \/><p id=\"caption-attachment-3006\" class=\"wp-caption-text\">Le cimeti\u00e8re britannique de Saint L\u00e9ger.<\/p><\/div>\n<div id=\"attachment_3007\" style=\"width: 650px\" class=\"wp-caption alignnone\"><img loading=\"lazy\" decoding=\"async\" aria-describedby=\"caption-attachment-3007\" src=\"https:\/\/www.pierre-le-cycliste.fr\/wp-content\/uploads\/2024\/11\/20241109_092041.resized-1024x768.jpg\" alt=\"\" width=\"640\" height=\"480\" class=\"size-large wp-image-3007\" srcset=\"https:\/\/www.pierre-le-cycliste.fr\/wp-content\/uploads\/2024\/11\/20241109_092041.resized-1024x768.jpg 1024w, https:\/\/www.pierre-le-cycliste.fr\/wp-content\/uploads\/2024\/11\/20241109_092041.resized-300x225.jpg 300w, https:\/\/www.pierre-le-cycliste.fr\/wp-content\/uploads\/2024\/11\/20241109_092041.resized-768x576.jpg 768w, https:\/\/www.pierre-le-cycliste.fr\/wp-content\/uploads\/2024\/11\/20241109_092041.resized.jpg 1280w\" sizes=\"auto, (max-width: 640px) 100vw, 640px\" \/><p id=\"caption-attachment-3007\" class=\"wp-caption-text\">Sur la cr\u00eate, un champ d&rsquo;\u00e9oliennes dans la brume. Elle tourne tr\u00e8s tr\u00e8s peu. Pas de vent, ou tr\u00e8s peu.<\/p><\/div>\n<div id=\"attachment_3008\" style=\"width: 650px\" class=\"wp-caption alignnone\"><img loading=\"lazy\" decoding=\"async\" aria-describedby=\"caption-attachment-3008\" src=\"https:\/\/www.pierre-le-cycliste.fr\/wp-content\/uploads\/2024\/11\/20241109_093130.resized-1024x768.jpg\" alt=\"\" width=\"640\" height=\"480\" class=\"size-large wp-image-3008\" srcset=\"https:\/\/www.pierre-le-cycliste.fr\/wp-content\/uploads\/2024\/11\/20241109_093130.resized-1024x768.jpg 1024w, https:\/\/www.pierre-le-cycliste.fr\/wp-content\/uploads\/2024\/11\/20241109_093130.resized-300x225.jpg 300w, https:\/\/www.pierre-le-cycliste.fr\/wp-content\/uploads\/2024\/11\/20241109_093130.resized-768x576.jpg 768w, https:\/\/www.pierre-le-cycliste.fr\/wp-content\/uploads\/2024\/11\/20241109_093130.resized.jpg 1280w\" sizes=\"auto, (max-width: 640px) 100vw, 640px\" \/><p id=\"caption-attachment-3008\" class=\"wp-caption-text\">L&rsquo;\u00e9glise de Mory.<\/p><\/div>\n<p><div id=\"attachment_3009\" style=\"width: 650px\" class=\"wp-caption alignnone\"><img loading=\"lazy\" decoding=\"async\" aria-describedby=\"caption-attachment-3009\" src=\"https:\/\/www.pierre-le-cycliste.fr\/wp-content\/uploads\/2024\/11\/20241109_094629.resized-1024x768.jpg\" alt=\"\" width=\"640\" height=\"480\" class=\"size-large wp-image-3009\" srcset=\"https:\/\/www.pierre-le-cycliste.fr\/wp-content\/uploads\/2024\/11\/20241109_094629.resized-1024x768.jpg 1024w, https:\/\/www.pierre-le-cycliste.fr\/wp-content\/uploads\/2024\/11\/20241109_094629.resized-300x225.jpg 300w, https:\/\/www.pierre-le-cycliste.fr\/wp-content\/uploads\/2024\/11\/20241109_094629.resized-768x576.jpg 768w, https:\/\/www.pierre-le-cycliste.fr\/wp-content\/uploads\/2024\/11\/20241109_094629.resized.jpg 1280w\" sizes=\"auto, (max-width: 640px) 100vw, 640px\" \/><p id=\"caption-attachment-3009\" class=\"wp-caption-text\">Le monument aux morts de Favreuil.<\/p><\/div><br \/>\nhttps:\/\/fr.wikipedia.org\/wiki\/Manfred_von_Richthofen<br \/>\n<div id=\"attachment_3010\" style=\"width: 650px\" class=\"wp-caption alignnone\"><img loading=\"lazy\" decoding=\"async\" aria-describedby=\"caption-attachment-3010\" src=\"https:\/\/www.pierre-le-cycliste.fr\/wp-content\/uploads\/2024\/11\/20241109_095855.resized-1024x768.jpg\" alt=\"\" width=\"640\" height=\"480\" class=\"size-large wp-image-3010\" srcset=\"https:\/\/www.pierre-le-cycliste.fr\/wp-content\/uploads\/2024\/11\/20241109_095855.resized-1024x768.jpg 1024w, https:\/\/www.pierre-le-cycliste.fr\/wp-content\/uploads\/2024\/11\/20241109_095855.resized-300x225.jpg 300w, https:\/\/www.pierre-le-cycliste.fr\/wp-content\/uploads\/2024\/11\/20241109_095855.resized-768x576.jpg 768w, https:\/\/www.pierre-le-cycliste.fr\/wp-content\/uploads\/2024\/11\/20241109_095855.resized.jpg 1280w\" sizes=\"auto, (max-width: 640px) 100vw, 640px\" \/><p id=\"caption-attachment-3010\" class=\"wp-caption-text\">L&rsquo;H\u00f4tel,de Ville de <a href=\"https:\/\/fr.wikipedia.org\/wiki\/Bapaume\">Bapaume<\/a>. Devant, la statue du G\u00e9n\u00e9ral Faidherbe, qui, lors de la guerre de 1870, avant la capitulation de Sedan, emp\u00eacha la ville d&rsquo;\u00eatre prise par les Allemands. G\u00e9n\u00e9ral aujourd&rsquo;hui tr\u00e8s controvers\u00e9, c&rsquo;est lui qui fut charg\u00e9 de la \u00ab\u00a0pacification\u00a0\u00bb du S\u00e9n\u00e9gal. Le grand lyc\u00e9e lillois o\u00f9 j&rsquo;ai pass\u00e9 mes concours d&rsquo;\u00e9coles d&rsquo;ing\u00e9nieurs, est le lyc\u00e9e Faidherbe.<\/p><\/div><\/p>\n<div id=\"attachment_3011\" style=\"width: 650px\" class=\"wp-caption alignnone\"><img loading=\"lazy\" decoding=\"async\" aria-describedby=\"caption-attachment-3011\" src=\"https:\/\/www.pierre-le-cycliste.fr\/wp-content\/uploads\/2024\/11\/20241109_101749.resized-768x1024.jpg\" alt=\"\" width=\"640\" height=\"853\" class=\"size-large wp-image-3011\" srcset=\"https:\/\/www.pierre-le-cycliste.fr\/wp-content\/uploads\/2024\/11\/20241109_101749.resized-768x1024.jpg 768w, https:\/\/www.pierre-le-cycliste.fr\/wp-content\/uploads\/2024\/11\/20241109_101749.resized-225x300.jpg 225w, https:\/\/www.pierre-le-cycliste.fr\/wp-content\/uploads\/2024\/11\/20241109_101749.resized-rotated.jpg 960w\" sizes=\"auto, (max-width: 640px) 100vw, 640px\" \/><p id=\"caption-attachment-3011\" class=\"wp-caption-text\">Sur l&rsquo;h\u00f4tel de ville de Bapaume, monument \u00e0 la m\u00e9moire de <a href=\"https:\/\/patrimoines.pasdecalais.fr\/Decouvrir\/Evenements-historiques\/Mort-des-deputes-Briquet-et-Tailliandier-a-Bapaume\">deux d\u00e9put\u00e9s, Briquet et Tailliandier,<\/a> morts sous les d\u00e9combres de l&rsquo;\u00e9difice d\u00e9truit par une bombe \u00e0 retardement laiss\u00e9 par les allemands en se repliant sur la ligne Hindenbourg.<\/p><\/div>\n<div id=\"attachment_3012\" style=\"width: 650px\" class=\"wp-caption alignnone\"><img loading=\"lazy\" decoding=\"async\" aria-describedby=\"caption-attachment-3012\" src=\"https:\/\/www.pierre-le-cycliste.fr\/wp-content\/uploads\/2024\/11\/20241109_110129.resized-1024x768.jpg\" alt=\"\" width=\"640\" height=\"480\" class=\"size-large wp-image-3012\" srcset=\"https:\/\/www.pierre-le-cycliste.fr\/wp-content\/uploads\/2024\/11\/20241109_110129.resized-1024x768.jpg 1024w, https:\/\/www.pierre-le-cycliste.fr\/wp-content\/uploads\/2024\/11\/20241109_110129.resized-300x225.jpg 300w, https:\/\/www.pierre-le-cycliste.fr\/wp-content\/uploads\/2024\/11\/20241109_110129.resized-768x576.jpg 768w, https:\/\/www.pierre-le-cycliste.fr\/wp-content\/uploads\/2024\/11\/20241109_110129.resized.jpg 1280w\" sizes=\"auto, (max-width: 640px) 100vw, 640px\" \/><p id=\"caption-attachment-3012\" class=\"wp-caption-text\">L&rsquo;\u00e9glise de Martinpuich, d\u00e9truite pendant la guerre. Reconstruite \u00e0 l&rsquo;identique en pierre apr\u00e8s la guerre ? Contraste avec les autres \u00e9glises construites en briques.<\/p><\/div>\n<div id=\"attachment_3013\" style=\"width: 650px\" class=\"wp-caption alignnone\"><img loading=\"lazy\" decoding=\"async\" aria-describedby=\"caption-attachment-3013\" src=\"https:\/\/www.pierre-le-cycliste.fr\/wp-content\/uploads\/2024\/11\/20241109_110257.resized-1024x768.jpg\" alt=\"\" width=\"640\" height=\"480\" class=\"size-large wp-image-3013\" srcset=\"https:\/\/www.pierre-le-cycliste.fr\/wp-content\/uploads\/2024\/11\/20241109_110257.resized-1024x768.jpg 1024w, https:\/\/www.pierre-le-cycliste.fr\/wp-content\/uploads\/2024\/11\/20241109_110257.resized-300x225.jpg 300w, https:\/\/www.pierre-le-cycliste.fr\/wp-content\/uploads\/2024\/11\/20241109_110257.resized-768x576.jpg 768w, https:\/\/www.pierre-le-cycliste.fr\/wp-content\/uploads\/2024\/11\/20241109_110257.resized.jpg 1280w\" sizes=\"auto, (max-width: 640px) 100vw, 640px\" \/><p id=\"caption-attachment-3013\" class=\"wp-caption-text\">Humour \u00e0 Martinpuich !<\/p><\/div>\n<div id=\"attachment_3014\" style=\"width: 650px\" class=\"wp-caption alignnone\"><img loading=\"lazy\" decoding=\"async\" aria-describedby=\"caption-attachment-3014\" src=\"https:\/\/www.pierre-le-cycliste.fr\/wp-content\/uploads\/2024\/11\/20241109_111403.resized-1024x768.jpg\" alt=\"\" width=\"640\" height=\"480\" class=\"size-large wp-image-3014\" srcset=\"https:\/\/www.pierre-le-cycliste.fr\/wp-content\/uploads\/2024\/11\/20241109_111403.resized-1024x768.jpg 1024w, https:\/\/www.pierre-le-cycliste.fr\/wp-content\/uploads\/2024\/11\/20241109_111403.resized-300x225.jpg 300w, https:\/\/www.pierre-le-cycliste.fr\/wp-content\/uploads\/2024\/11\/20241109_111403.resized-768x576.jpg 768w, https:\/\/www.pierre-le-cycliste.fr\/wp-content\/uploads\/2024\/11\/20241109_111403.resized.jpg 1280w\" sizes=\"auto, (max-width: 640px) 100vw, 640px\" \/><p id=\"caption-attachment-3014\" class=\"wp-caption-text\">\u00c9glise de Bazentin le Petit.<\/p><\/div>\n<div id=\"attachment_3015\" style=\"width: 650px\" class=\"wp-caption alignnone\"><img loading=\"lazy\" decoding=\"async\" aria-describedby=\"caption-attachment-3015\" src=\"https:\/\/www.pierre-le-cycliste.fr\/wp-content\/uploads\/2024\/11\/20241109_112217.resized-1024x768.jpg\" alt=\"\" width=\"640\" height=\"480\" class=\"size-large wp-image-3015\" srcset=\"https:\/\/www.pierre-le-cycliste.fr\/wp-content\/uploads\/2024\/11\/20241109_112217.resized-1024x768.jpg 1024w, https:\/\/www.pierre-le-cycliste.fr\/wp-content\/uploads\/2024\/11\/20241109_112217.resized-300x225.jpg 300w, https:\/\/www.pierre-le-cycliste.fr\/wp-content\/uploads\/2024\/11\/20241109_112217.resized-768x576.jpg 768w, https:\/\/www.pierre-le-cycliste.fr\/wp-content\/uploads\/2024\/11\/20241109_112217.resized.jpg 1280w\" sizes=\"auto, (max-width: 640px) 100vw, 640px\" \/><p id=\"caption-attachment-3015\" class=\"wp-caption-text\">Cimeti\u00e8re britannique \u00e0 Bazentin.<\/p><\/div>\n<div id=\"attachment_3016\" style=\"width: 650px\" class=\"wp-caption alignnone\"><img loading=\"lazy\" decoding=\"async\" aria-describedby=\"caption-attachment-3016\" src=\"https:\/\/www.pierre-le-cycliste.fr\/wp-content\/uploads\/2024\/11\/20241109_112835.resized-1024x768.jpg\" alt=\"\" width=\"640\" height=\"480\" class=\"size-large wp-image-3016\" srcset=\"https:\/\/www.pierre-le-cycliste.fr\/wp-content\/uploads\/2024\/11\/20241109_112835.resized-1024x768.jpg 1024w, https:\/\/www.pierre-le-cycliste.fr\/wp-content\/uploads\/2024\/11\/20241109_112835.resized-300x225.jpg 300w, https:\/\/www.pierre-le-cycliste.fr\/wp-content\/uploads\/2024\/11\/20241109_112835.resized-768x576.jpg 768w, https:\/\/www.pierre-le-cycliste.fr\/wp-content\/uploads\/2024\/11\/20241109_112835.resized.jpg 1280w\" sizes=\"auto, (max-width: 640px) 100vw, 640px\" \/><p id=\"caption-attachment-3016\" class=\"wp-caption-text\"><a href=\"https:\/\/fr.wikipedia.org\/wiki\/M%C3%A9morial_%C3%A0_la_38e_division_galloise\">M\u00e9morial gallois \u00e0 Mametz<\/a>.<\/p><\/div>\n<div id=\"attachment_3017\" style=\"width: 650px\" class=\"wp-caption alignnone\"><img loading=\"lazy\" decoding=\"async\" aria-describedby=\"caption-attachment-3017\" src=\"https:\/\/www.pierre-le-cycliste.fr\/wp-content\/uploads\/2024\/11\/20241109_120530.resized-1024x768.jpg\" alt=\"\" width=\"640\" height=\"480\" class=\"size-large wp-image-3017\" srcset=\"https:\/\/www.pierre-le-cycliste.fr\/wp-content\/uploads\/2024\/11\/20241109_120530.resized-1024x768.jpg 1024w, https:\/\/www.pierre-le-cycliste.fr\/wp-content\/uploads\/2024\/11\/20241109_120530.resized-300x225.jpg 300w, https:\/\/www.pierre-le-cycliste.fr\/wp-content\/uploads\/2024\/11\/20241109_120530.resized-768x576.jpg 768w, https:\/\/www.pierre-le-cycliste.fr\/wp-content\/uploads\/2024\/11\/20241109_120530.resized.jpg 1280w\" sizes=\"auto, (max-width: 640px) 100vw, 640px\" \/><p id=\"caption-attachment-3017\" class=\"wp-caption-text\">Le Tommy, caf\u00e9-restaurant-mus\u00e9e \u00e0 Pozi\u00e8res.<\/p><\/div>\n<div id=\"attachment_3018\" style=\"width: 650px\" class=\"wp-caption alignnone\"><img loading=\"lazy\" decoding=\"async\" aria-describedby=\"caption-attachment-3018\" src=\"https:\/\/www.pierre-le-cycliste.fr\/wp-content\/uploads\/2024\/11\/20241109_121456.resized-1024x768.jpg\" alt=\"\" width=\"640\" height=\"480\" class=\"size-large wp-image-3018\" srcset=\"https:\/\/www.pierre-le-cycliste.fr\/wp-content\/uploads\/2024\/11\/20241109_121456.resized-1024x768.jpg 1024w, https:\/\/www.pierre-le-cycliste.fr\/wp-content\/uploads\/2024\/11\/20241109_121456.resized-300x225.jpg 300w, https:\/\/www.pierre-le-cycliste.fr\/wp-content\/uploads\/2024\/11\/20241109_121456.resized-768x576.jpg 768w, https:\/\/www.pierre-le-cycliste.fr\/wp-content\/uploads\/2024\/11\/20241109_121456.resized.jpg 1280w\" sizes=\"auto, (max-width: 640px) 100vw, 640px\" \/><p id=\"caption-attachment-3018\" class=\"wp-caption-text\">M\u00e9morial australien \u00e0 Pozi\u00e8res.<\/p><\/div>\n<div id=\"attachment_3019\" style=\"width: 650px\" class=\"wp-caption alignnone\"><img loading=\"lazy\" decoding=\"async\" aria-describedby=\"caption-attachment-3019\" src=\"https:\/\/www.pierre-le-cycliste.fr\/wp-content\/uploads\/2024\/11\/20241109_121527.resized-1024x768.jpg\" alt=\"\" width=\"640\" height=\"480\" class=\"size-large wp-image-3019\" srcset=\"https:\/\/www.pierre-le-cycliste.fr\/wp-content\/uploads\/2024\/11\/20241109_121527.resized-1024x768.jpg 1024w, https:\/\/www.pierre-le-cycliste.fr\/wp-content\/uploads\/2024\/11\/20241109_121527.resized-300x225.jpg 300w, https:\/\/www.pierre-le-cycliste.fr\/wp-content\/uploads\/2024\/11\/20241109_121527.resized-768x576.jpg 768w, https:\/\/www.pierre-le-cycliste.fr\/wp-content\/uploads\/2024\/11\/20241109_121527.resized.jpg 1280w\" sizes=\"auto, (max-width: 640px) 100vw, 640px\" \/><p id=\"caption-attachment-3019\" class=\"wp-caption-text\">M\u00e9morial australien \u00e0 Pozi\u00e8res.<\/p><\/div>\n<div id=\"attachment_3020\" style=\"width: 650px\" class=\"wp-caption alignnone\"><img loading=\"lazy\" decoding=\"async\" aria-describedby=\"caption-attachment-3020\" src=\"https:\/\/www.pierre-le-cycliste.fr\/wp-content\/uploads\/2024\/11\/20241109_122748.resized-1024x768.jpg\" alt=\"\" width=\"640\" height=\"480\" class=\"size-large wp-image-3020\" srcset=\"https:\/\/www.pierre-le-cycliste.fr\/wp-content\/uploads\/2024\/11\/20241109_122748.resized-1024x768.jpg 1024w, https:\/\/www.pierre-le-cycliste.fr\/wp-content\/uploads\/2024\/11\/20241109_122748.resized-300x225.jpg 300w, https:\/\/www.pierre-le-cycliste.fr\/wp-content\/uploads\/2024\/11\/20241109_122748.resized-768x576.jpg 768w, https:\/\/www.pierre-le-cycliste.fr\/wp-content\/uploads\/2024\/11\/20241109_122748.resized.jpg 1280w\" sizes=\"auto, (max-width: 640px) 100vw, 640px\" \/><p id=\"caption-attachment-3020\" class=\"wp-caption-text\"><a href=\"https:\/\/fr.wikipedia.org\/wiki\/Bataille_de_la_ferme_du_Mouquet\">M\u00e9morial de la ferme du Mouquet<\/a>.<\/p><\/div>\n<div id=\"attachment_3021\" style=\"width: 650px\" class=\"wp-caption alignnone\"><img loading=\"lazy\" decoding=\"async\" aria-describedby=\"caption-attachment-3021\" src=\"https:\/\/www.pierre-le-cycliste.fr\/wp-content\/uploads\/2024\/11\/20241109_123137.resized-1024x768.jpg\" alt=\"\" width=\"640\" height=\"480\" class=\"size-large wp-image-3021\" srcset=\"https:\/\/www.pierre-le-cycliste.fr\/wp-content\/uploads\/2024\/11\/20241109_123137.resized-1024x768.jpg 1024w, https:\/\/www.pierre-le-cycliste.fr\/wp-content\/uploads\/2024\/11\/20241109_123137.resized-300x225.jpg 300w, https:\/\/www.pierre-le-cycliste.fr\/wp-content\/uploads\/2024\/11\/20241109_123137.resized-768x576.jpg 768w, https:\/\/www.pierre-le-cycliste.fr\/wp-content\/uploads\/2024\/11\/20241109_123137.resized.jpg 1280w\" sizes=\"auto, (max-width: 640px) 100vw, 640px\" \/><p id=\"caption-attachment-3021\" class=\"wp-caption-text\"><a href=\"https:\/\/fr.wikipedia.org\/wiki\/M%C3%A9morial_de_Thiepval\">Le M\u00e9morial de Thiepval.<\/a><\/p><\/div>\n<div id=\"attachment_3022\" style=\"width: 650px\" class=\"wp-caption alignnone\"><img loading=\"lazy\" decoding=\"async\" aria-describedby=\"caption-attachment-3022\" src=\"https:\/\/www.pierre-le-cycliste.fr\/wp-content\/uploads\/2024\/11\/20241109_125704.resized-rotated-e1731177824811-1024x768.jpg\" alt=\"\" width=\"640\" height=\"480\" class=\"size-large wp-image-3022\" srcset=\"https:\/\/www.pierre-le-cycliste.fr\/wp-content\/uploads\/2024\/11\/20241109_125704.resized-rotated-e1731177824811-1024x768.jpg 1024w, https:\/\/www.pierre-le-cycliste.fr\/wp-content\/uploads\/2024\/11\/20241109_125704.resized-rotated-e1731177824811-300x225.jpg 300w, https:\/\/www.pierre-le-cycliste.fr\/wp-content\/uploads\/2024\/11\/20241109_125704.resized-rotated-e1731177824811-768x576.jpg 768w, https:\/\/www.pierre-le-cycliste.fr\/wp-content\/uploads\/2024\/11\/20241109_125704.resized-rotated-e1731177824811.jpg 1280w\" sizes=\"auto, (max-width: 640px) 100vw, 640px\" \/><p id=\"caption-attachment-3022\" class=\"wp-caption-text\">Le Mus\u00e9e de Thiepval.<\/p><\/div>\n<div id=\"attachment_3023\" style=\"width: 650px\" class=\"wp-caption alignnone\"><img loading=\"lazy\" decoding=\"async\" aria-describedby=\"caption-attachment-3023\" src=\"https:\/\/www.pierre-le-cycliste.fr\/wp-content\/uploads\/2024\/11\/20241109_125832.resized-1024x768.jpg\" alt=\"\" width=\"640\" height=\"480\" class=\"size-large wp-image-3023\" srcset=\"https:\/\/www.pierre-le-cycliste.fr\/wp-content\/uploads\/2024\/11\/20241109_125832.resized-1024x768.jpg 1024w, https:\/\/www.pierre-le-cycliste.fr\/wp-content\/uploads\/2024\/11\/20241109_125832.resized-300x225.jpg 300w, https:\/\/www.pierre-le-cycliste.fr\/wp-content\/uploads\/2024\/11\/20241109_125832.resized-768x576.jpg 768w, https:\/\/www.pierre-le-cycliste.fr\/wp-content\/uploads\/2024\/11\/20241109_125832.resized.jpg 1280w\" sizes=\"auto, (max-width: 640px) 100vw, 640px\" \/><p id=\"caption-attachment-3023\" class=\"wp-caption-text\">Le Mus\u00e9e de Thiepval.<\/p><\/div>\n<div id=\"attachment_3024\" style=\"width: 650px\" class=\"wp-caption alignnone\"><img loading=\"lazy\" decoding=\"async\" aria-describedby=\"caption-attachment-3024\" src=\"https:\/\/www.pierre-le-cycliste.fr\/wp-content\/uploads\/2024\/11\/20241109_125945.resized-768x1024.jpg\" alt=\"\" width=\"640\" height=\"853\" class=\"size-large wp-image-3024\" srcset=\"https:\/\/www.pierre-le-cycliste.fr\/wp-content\/uploads\/2024\/11\/20241109_125945.resized-768x1024.jpg 768w, https:\/\/www.pierre-le-cycliste.fr\/wp-content\/uploads\/2024\/11\/20241109_125945.resized-225x300.jpg 225w, https:\/\/www.pierre-le-cycliste.fr\/wp-content\/uploads\/2024\/11\/20241109_125945.resized-rotated.jpg 960w\" sizes=\"auto, (max-width: 640px) 100vw, 640px\" \/><p id=\"caption-attachment-3024\" class=\"wp-caption-text\">Affiche touristique \u00e9dit\u00e9e par la Compagnie des Chemins de Fer du Nord. Le tourisme m\u00e9moriel ne date pas d&rsquo;aujourd&rsquo;hui !<\/p><\/div>\n<div id=\"attachment_3025\" style=\"width: 650px\" class=\"wp-caption alignnone\"><img loading=\"lazy\" decoding=\"async\" aria-describedby=\"caption-attachment-3025\" src=\"https:\/\/www.pierre-le-cycliste.fr\/wp-content\/uploads\/2024\/11\/20241109_130521.resized-1024x768.jpg\" alt=\"\" width=\"640\" height=\"480\" class=\"size-large wp-image-3025\" srcset=\"https:\/\/www.pierre-le-cycliste.fr\/wp-content\/uploads\/2024\/11\/20241109_130521.resized-1024x768.jpg 1024w, https:\/\/www.pierre-le-cycliste.fr\/wp-content\/uploads\/2024\/11\/20241109_130521.resized-300x225.jpg 300w, https:\/\/www.pierre-le-cycliste.fr\/wp-content\/uploads\/2024\/11\/20241109_130521.resized-768x576.jpg 768w, https:\/\/www.pierre-le-cycliste.fr\/wp-content\/uploads\/2024\/11\/20241109_130521.resized.jpg 1280w\" sizes=\"auto, (max-width: 640px) 100vw, 640px\" \/><p id=\"caption-attachment-3025\" class=\"wp-caption-text\">Le Mus\u00e9e de Thiepval.<\/p><\/div>\n<div id=\"attachment_3026\" style=\"width: 650px\" class=\"wp-caption alignnone\"><img loading=\"lazy\" decoding=\"async\" aria-describedby=\"caption-attachment-3026\" src=\"https:\/\/www.pierre-le-cycliste.fr\/wp-content\/uploads\/2024\/11\/20241109_130648.resized-768x1024.jpg\" alt=\"\" width=\"640\" height=\"853\" class=\"size-large wp-image-3026\" srcset=\"https:\/\/www.pierre-le-cycliste.fr\/wp-content\/uploads\/2024\/11\/20241109_130648.resized-768x1024.jpg 768w, https:\/\/www.pierre-le-cycliste.fr\/wp-content\/uploads\/2024\/11\/20241109_130648.resized-225x300.jpg 225w, https:\/\/www.pierre-le-cycliste.fr\/wp-content\/uploads\/2024\/11\/20241109_130648.resized-rotated.jpg 960w\" sizes=\"auto, (max-width: 640px) 100vw, 640px\" \/><p id=\"caption-attachment-3026\" class=\"wp-caption-text\">Le Mus\u00e9e de Thiepval.<\/p><\/div>\n<div id=\"attachment_3027\" style=\"width: 650px\" class=\"wp-caption alignnone\"><img loading=\"lazy\" decoding=\"async\" aria-describedby=\"caption-attachment-3027\" src=\"https:\/\/www.pierre-le-cycliste.fr\/wp-content\/uploads\/2024\/11\/20241109_130845.resized-768x1024.jpg\" alt=\"\" width=\"640\" height=\"853\" class=\"size-large wp-image-3027\" srcset=\"https:\/\/www.pierre-le-cycliste.fr\/wp-content\/uploads\/2024\/11\/20241109_130845.resized-768x1024.jpg 768w, https:\/\/www.pierre-le-cycliste.fr\/wp-content\/uploads\/2024\/11\/20241109_130845.resized-225x300.jpg 225w, https:\/\/www.pierre-le-cycliste.fr\/wp-content\/uploads\/2024\/11\/20241109_130845.resized-rotated.jpg 960w\" sizes=\"auto, (max-width: 640px) 100vw, 640px\" \/><p id=\"caption-attachment-3027\" class=\"wp-caption-text\">Le Mus\u00e9e de Thiepval.<\/p><\/div>\n<div id=\"attachment_3028\" style=\"width: 650px\" class=\"wp-caption alignnone\"><img loading=\"lazy\" decoding=\"async\" aria-describedby=\"caption-attachment-3028\" src=\"https:\/\/www.pierre-le-cycliste.fr\/wp-content\/uploads\/2024\/11\/20241109_131039.resized-768x1024.jpg\" alt=\"\" width=\"640\" height=\"853\" class=\"size-large wp-image-3028\" srcset=\"https:\/\/www.pierre-le-cycliste.fr\/wp-content\/uploads\/2024\/11\/20241109_131039.resized-768x1024.jpg 768w, https:\/\/www.pierre-le-cycliste.fr\/wp-content\/uploads\/2024\/11\/20241109_131039.resized-225x300.jpg 225w, https:\/\/www.pierre-le-cycliste.fr\/wp-content\/uploads\/2024\/11\/20241109_131039.resized-rotated.jpg 960w\" sizes=\"auto, (max-width: 640px) 100vw, 640px\" \/><p id=\"caption-attachment-3028\" class=\"wp-caption-text\">Le Mus\u00e9e de Thiepval.<\/p><\/div>\n<div id=\"attachment_3030\" style=\"width: 650px\" class=\"wp-caption alignnone\"><img loading=\"lazy\" decoding=\"async\" aria-describedby=\"caption-attachment-3030\" src=\"https:\/\/www.pierre-le-cycliste.fr\/wp-content\/uploads\/2024\/11\/20241109_131424.resized-1024x768.jpg\" alt=\"\" width=\"640\" height=\"480\" class=\"size-large wp-image-3030\" srcset=\"https:\/\/www.pierre-le-cycliste.fr\/wp-content\/uploads\/2024\/11\/20241109_131424.resized-1024x768.jpg 1024w, https:\/\/www.pierre-le-cycliste.fr\/wp-content\/uploads\/2024\/11\/20241109_131424.resized-300x225.jpg 300w, https:\/\/www.pierre-le-cycliste.fr\/wp-content\/uploads\/2024\/11\/20241109_131424.resized-768x576.jpg 768w, https:\/\/www.pierre-le-cycliste.fr\/wp-content\/uploads\/2024\/11\/20241109_131424.resized.jpg 1280w\" sizes=\"auto, (max-width: 640px) 100vw, 640px\" \/><p id=\"caption-attachment-3030\" class=\"wp-caption-text\"><a href=\"https:\/\/fr.wikipedia.org\/wiki\/Manfred_von_Richthofen\">Le Baron Rouge<\/a> au Mus\u00e9e de Thiepval.<\/p><\/div>\n<div id=\"attachment_3029\" style=\"width: 650px\" class=\"wp-caption alignnone\"><img loading=\"lazy\" decoding=\"async\" aria-describedby=\"caption-attachment-3029\" src=\"https:\/\/www.pierre-le-cycliste.fr\/wp-content\/uploads\/2024\/11\/20241109_131328.resized-768x1024.jpg\" alt=\"\" width=\"640\" height=\"853\" class=\"size-large wp-image-3029\" srcset=\"https:\/\/www.pierre-le-cycliste.fr\/wp-content\/uploads\/2024\/11\/20241109_131328.resized-768x1024.jpg 768w, https:\/\/www.pierre-le-cycliste.fr\/wp-content\/uploads\/2024\/11\/20241109_131328.resized-225x300.jpg 225w, https:\/\/www.pierre-le-cycliste.fr\/wp-content\/uploads\/2024\/11\/20241109_131328.resized-rotated.jpg 960w\" sizes=\"auto, (max-width: 640px) 100vw, 640px\" \/><p id=\"caption-attachment-3029\" class=\"wp-caption-text\"><a href=\"https:\/\/fr.wikipedia.org\/wiki\/Manfred_von_Richthofen\">Le Baron Rouge<\/a> au Mus\u00e9e de Thiepval.<\/p><\/div>\n<div id=\"attachment_3031\" style=\"width: 650px\" class=\"wp-caption alignnone\"><img loading=\"lazy\" decoding=\"async\" aria-describedby=\"caption-attachment-3031\" src=\"https:\/\/www.pierre-le-cycliste.fr\/wp-content\/uploads\/2024\/11\/20241109_131820.resized-1024x768.jpg\" alt=\"\" width=\"640\" height=\"480\" class=\"size-large wp-image-3031\" srcset=\"https:\/\/www.pierre-le-cycliste.fr\/wp-content\/uploads\/2024\/11\/20241109_131820.resized-1024x768.jpg 1024w, https:\/\/www.pierre-le-cycliste.fr\/wp-content\/uploads\/2024\/11\/20241109_131820.resized-300x225.jpg 300w, https:\/\/www.pierre-le-cycliste.fr\/wp-content\/uploads\/2024\/11\/20241109_131820.resized-768x576.jpg 768w, https:\/\/www.pierre-le-cycliste.fr\/wp-content\/uploads\/2024\/11\/20241109_131820.resized.jpg 1280w\" sizes=\"auto, (max-width: 640px) 100vw, 640px\" \/><p id=\"caption-attachment-3031\" class=\"wp-caption-text\">Le front aux environs d&rsquo;Albert en 1916-1917.<\/p><\/div>\n<div id=\"attachment_3032\" style=\"width: 650px\" class=\"wp-caption alignnone\"><img loading=\"lazy\" decoding=\"async\" aria-describedby=\"caption-attachment-3032\" src=\"https:\/\/www.pierre-le-cycliste.fr\/wp-content\/uploads\/2024\/11\/20241109_132417.resized-1024x768.jpg\" alt=\"\" width=\"640\" height=\"480\" class=\"size-large wp-image-3032\" srcset=\"https:\/\/www.pierre-le-cycliste.fr\/wp-content\/uploads\/2024\/11\/20241109_132417.resized-1024x768.jpg 1024w, https:\/\/www.pierre-le-cycliste.fr\/wp-content\/uploads\/2024\/11\/20241109_132417.resized-300x225.jpg 300w, https:\/\/www.pierre-le-cycliste.fr\/wp-content\/uploads\/2024\/11\/20241109_132417.resized-768x576.jpg 768w, https:\/\/www.pierre-le-cycliste.fr\/wp-content\/uploads\/2024\/11\/20241109_132417.resized.jpg 1280w\" sizes=\"auto, (max-width: 640px) 100vw, 640px\" \/><p id=\"caption-attachment-3032\" class=\"wp-caption-text\"><a href=\"https:\/\/fr.wikipedia.org\/wiki\/M%C3%A9morial_de_Thiepval\">Le M\u00e9morial de Thiepval<\/a>.<\/p><\/div>\n<div id=\"attachment_3037\" style=\"width: 650px\" class=\"wp-caption alignnone\"><img loading=\"lazy\" decoding=\"async\" aria-describedby=\"caption-attachment-3037\" src=\"https:\/\/www.pierre-le-cycliste.fr\/wp-content\/uploads\/2024\/11\/20241109_133016.resized-1024x768.jpg\" alt=\"\" width=\"640\" height=\"480\" class=\"size-large wp-image-3037\" srcset=\"https:\/\/www.pierre-le-cycliste.fr\/wp-content\/uploads\/2024\/11\/20241109_133016.resized-1024x768.jpg 1024w, https:\/\/www.pierre-le-cycliste.fr\/wp-content\/uploads\/2024\/11\/20241109_133016.resized-300x225.jpg 300w, https:\/\/www.pierre-le-cycliste.fr\/wp-content\/uploads\/2024\/11\/20241109_133016.resized-768x576.jpg 768w, https:\/\/www.pierre-le-cycliste.fr\/wp-content\/uploads\/2024\/11\/20241109_133016.resized.jpg 1280w\" sizes=\"auto, (max-width: 640px) 100vw, 640px\" \/><p id=\"caption-attachment-3037\" class=\"wp-caption-text\">Le M\u00e9morial de Thiepval.<\/p><\/div>\n<div id=\"attachment_3034\" style=\"width: 650px\" class=\"wp-caption alignnone\"><img loading=\"lazy\" decoding=\"async\" aria-describedby=\"caption-attachment-3034\" src=\"https:\/\/www.pierre-le-cycliste.fr\/wp-content\/uploads\/2024\/11\/20241109_132639.resized-1024x768.jpg\" alt=\"\" width=\"640\" height=\"480\" class=\"size-large wp-image-3034\" srcset=\"https:\/\/www.pierre-le-cycliste.fr\/wp-content\/uploads\/2024\/11\/20241109_132639.resized-1024x768.jpg 1024w, https:\/\/www.pierre-le-cycliste.fr\/wp-content\/uploads\/2024\/11\/20241109_132639.resized-300x225.jpg 300w, https:\/\/www.pierre-le-cycliste.fr\/wp-content\/uploads\/2024\/11\/20241109_132639.resized-768x576.jpg 768w, https:\/\/www.pierre-le-cycliste.fr\/wp-content\/uploads\/2024\/11\/20241109_132639.resized.jpg 1280w\" sizes=\"auto, (max-width: 640px) 100vw, 640px\" \/><p id=\"caption-attachment-3034\" class=\"wp-caption-text\">Le M\u00e9morial de Thiepval.<\/p><\/div>\n<div id=\"attachment_3033\" style=\"width: 650px\" class=\"wp-caption alignnone\"><img loading=\"lazy\" decoding=\"async\" aria-describedby=\"caption-attachment-3033\" src=\"https:\/\/www.pierre-le-cycliste.fr\/wp-content\/uploads\/2024\/11\/20241109_132628.resized-1024x768.jpg\" alt=\"\" width=\"640\" height=\"480\" class=\"size-large wp-image-3033\" srcset=\"https:\/\/www.pierre-le-cycliste.fr\/wp-content\/uploads\/2024\/11\/20241109_132628.resized-1024x768.jpg 1024w, https:\/\/www.pierre-le-cycliste.fr\/wp-content\/uploads\/2024\/11\/20241109_132628.resized-300x225.jpg 300w, https:\/\/www.pierre-le-cycliste.fr\/wp-content\/uploads\/2024\/11\/20241109_132628.resized-768x576.jpg 768w, https:\/\/www.pierre-le-cycliste.fr\/wp-content\/uploads\/2024\/11\/20241109_132628.resized.jpg 1280w\" sizes=\"auto, (max-width: 640px) 100vw, 640px\" \/><p id=\"caption-attachment-3033\" class=\"wp-caption-text\">Le M\u00e9morial de Thiepval.<\/p><\/div>\n<div id=\"attachment_3035\" style=\"width: 650px\" class=\"wp-caption alignnone\"><img loading=\"lazy\" decoding=\"async\" aria-describedby=\"caption-attachment-3035\" src=\"https:\/\/www.pierre-le-cycliste.fr\/wp-content\/uploads\/2024\/11\/20241109_132715.resized-1024x768.jpg\" alt=\"\" width=\"640\" height=\"480\" class=\"size-large wp-image-3035\" srcset=\"https:\/\/www.pierre-le-cycliste.fr\/wp-content\/uploads\/2024\/11\/20241109_132715.resized-1024x768.jpg 1024w, https:\/\/www.pierre-le-cycliste.fr\/wp-content\/uploads\/2024\/11\/20241109_132715.resized-300x225.jpg 300w, https:\/\/www.pierre-le-cycliste.fr\/wp-content\/uploads\/2024\/11\/20241109_132715.resized-768x576.jpg 768w, https:\/\/www.pierre-le-cycliste.fr\/wp-content\/uploads\/2024\/11\/20241109_132715.resized.jpg 1280w\" sizes=\"auto, (max-width: 640px) 100vw, 640px\" \/><p id=\"caption-attachment-3035\" class=\"wp-caption-text\">Le M\u00e9morial de Thiepval.<\/p><\/div>\n<div id=\"attachment_3036\" style=\"width: 650px\" class=\"wp-caption alignnone\"><img loading=\"lazy\" decoding=\"async\" aria-describedby=\"caption-attachment-3036\" src=\"https:\/\/www.pierre-le-cycliste.fr\/wp-content\/uploads\/2024\/11\/20241109_132833.resized-1024x768.jpg\" alt=\"\" width=\"640\" height=\"480\" class=\"size-large wp-image-3036\" srcset=\"https:\/\/www.pierre-le-cycliste.fr\/wp-content\/uploads\/2024\/11\/20241109_132833.resized-1024x768.jpg 1024w, https:\/\/www.pierre-le-cycliste.fr\/wp-content\/uploads\/2024\/11\/20241109_132833.resized-300x225.jpg 300w, https:\/\/www.pierre-le-cycliste.fr\/wp-content\/uploads\/2024\/11\/20241109_132833.resized-768x576.jpg 768w, https:\/\/www.pierre-le-cycliste.fr\/wp-content\/uploads\/2024\/11\/20241109_132833.resized.jpg 1280w\" sizes=\"auto, (max-width: 640px) 100vw, 640px\" \/><p id=\"caption-attachment-3036\" class=\"wp-caption-text\">Le M\u00e9morial de Thiepval.<\/p><\/div>\n<div id=\"attachment_3038\" style=\"width: 650px\" class=\"wp-caption alignnone\"><img loading=\"lazy\" decoding=\"async\" aria-describedby=\"caption-attachment-3038\" src=\"https:\/\/www.pierre-le-cycliste.fr\/wp-content\/uploads\/2024\/11\/20241109_134537.resized-1024x768.jpg\" alt=\"\" width=\"640\" height=\"480\" class=\"size-large wp-image-3038\" srcset=\"https:\/\/www.pierre-le-cycliste.fr\/wp-content\/uploads\/2024\/11\/20241109_134537.resized-1024x768.jpg 1024w, https:\/\/www.pierre-le-cycliste.fr\/wp-content\/uploads\/2024\/11\/20241109_134537.resized-300x225.jpg 300w, https:\/\/www.pierre-le-cycliste.fr\/wp-content\/uploads\/2024\/11\/20241109_134537.resized-768x576.jpg 768w, https:\/\/www.pierre-le-cycliste.fr\/wp-content\/uploads\/2024\/11\/20241109_134537.resized.jpg 1280w\" sizes=\"auto, (max-width: 640px) 100vw, 640px\" \/><p id=\"caption-attachment-3038\" class=\"wp-caption-text\"><a href=\"https:\/\/fr.wikipedia.org\/wiki\/Tour_d%27Ulster_(monument)\">La Tour d&rsquo;Ulster<\/a>.<\/p><\/div>\n<div id=\"attachment_3039\" style=\"width: 650px\" class=\"wp-caption alignnone\"><img loading=\"lazy\" decoding=\"async\" aria-describedby=\"caption-attachment-3039\" src=\"https:\/\/www.pierre-le-cycliste.fr\/wp-content\/uploads\/2024\/11\/20241109_140606.resized-1024x768.jpg\" alt=\"\" width=\"640\" height=\"480\" class=\"size-large wp-image-3039\" srcset=\"https:\/\/www.pierre-le-cycliste.fr\/wp-content\/uploads\/2024\/11\/20241109_140606.resized-1024x768.jpg 1024w, https:\/\/www.pierre-le-cycliste.fr\/wp-content\/uploads\/2024\/11\/20241109_140606.resized-300x225.jpg 300w, https:\/\/www.pierre-le-cycliste.fr\/wp-content\/uploads\/2024\/11\/20241109_140606.resized-768x576.jpg 768w, https:\/\/www.pierre-le-cycliste.fr\/wp-content\/uploads\/2024\/11\/20241109_140606.resized.jpg 1280w\" sizes=\"auto, (max-width: 640px) 100vw, 640px\" \/><p id=\"caption-attachment-3039\" class=\"wp-caption-text\"><a href=\"https:\/\/fr.wikipedia.org\/wiki\/M%C3%A9morial_terre-neuvien_de_Beaumont-Hamel\">M\u00e9morial terre-neuvien de Beaumont-Hamel<\/a><\/p><\/div>\n<div id=\"attachment_3040\" style=\"width: 650px\" class=\"wp-caption alignnone\"><img loading=\"lazy\" decoding=\"async\" aria-describedby=\"caption-attachment-3040\" src=\"https:\/\/www.pierre-le-cycliste.fr\/wp-content\/uploads\/2024\/11\/20241109_140752.resized-1024x768.jpg\" alt=\"\" width=\"640\" height=\"480\" class=\"size-large wp-image-3040\" srcset=\"https:\/\/www.pierre-le-cycliste.fr\/wp-content\/uploads\/2024\/11\/20241109_140752.resized-1024x768.jpg 1024w, https:\/\/www.pierre-le-cycliste.fr\/wp-content\/uploads\/2024\/11\/20241109_140752.resized-300x225.jpg 300w, https:\/\/www.pierre-le-cycliste.fr\/wp-content\/uploads\/2024\/11\/20241109_140752.resized-768x576.jpg 768w, https:\/\/www.pierre-le-cycliste.fr\/wp-content\/uploads\/2024\/11\/20241109_140752.resized.jpg 1280w\" sizes=\"auto, (max-width: 640px) 100vw, 640px\" \/><p id=\"caption-attachment-3040\" class=\"wp-caption-text\">M\u00e9morial terre-neuvien de Beaumont-Hamel<\/p><\/div>\n<div id=\"attachment_3041\" style=\"width: 650px\" class=\"wp-caption alignnone\"><img loading=\"lazy\" decoding=\"async\" aria-describedby=\"caption-attachment-3041\" src=\"https:\/\/www.pierre-le-cycliste.fr\/wp-content\/uploads\/2024\/11\/20241109_141026.resized-1024x768.jpg\" alt=\"\" width=\"640\" height=\"480\" class=\"size-large wp-image-3041\" srcset=\"https:\/\/www.pierre-le-cycliste.fr\/wp-content\/uploads\/2024\/11\/20241109_141026.resized-1024x768.jpg 1024w, https:\/\/www.pierre-le-cycliste.fr\/wp-content\/uploads\/2024\/11\/20241109_141026.resized-300x225.jpg 300w, https:\/\/www.pierre-le-cycliste.fr\/wp-content\/uploads\/2024\/11\/20241109_141026.resized-768x576.jpg 768w, https:\/\/www.pierre-le-cycliste.fr\/wp-content\/uploads\/2024\/11\/20241109_141026.resized.jpg 1280w\" sizes=\"auto, (max-width: 640px) 100vw, 640px\" \/><p id=\"caption-attachment-3041\" class=\"wp-caption-text\"><a href=\"https:\/\/fr.wikipedia.org\/wiki\/M%C3%A9morial_terre-neuvien_de_Beaumont-Hamel\">M\u00e9morial terre-neuvien de Beaumont-Hamel<\/a><\/p><\/div>\n<div id=\"attachment_3042\" style=\"width: 650px\" class=\"wp-caption alignnone\"><img loading=\"lazy\" decoding=\"async\" aria-describedby=\"caption-attachment-3042\" src=\"https:\/\/www.pierre-le-cycliste.fr\/wp-content\/uploads\/2024\/11\/20241109_145201.resized-1024x768.jpg\" alt=\"\" width=\"640\" height=\"480\" class=\"size-large wp-image-3042\" srcset=\"https:\/\/www.pierre-le-cycliste.fr\/wp-content\/uploads\/2024\/11\/20241109_145201.resized-1024x768.jpg 1024w, https:\/\/www.pierre-le-cycliste.fr\/wp-content\/uploads\/2024\/11\/20241109_145201.resized-300x225.jpg 300w, https:\/\/www.pierre-le-cycliste.fr\/wp-content\/uploads\/2024\/11\/20241109_145201.resized-768x576.jpg 768w, https:\/\/www.pierre-le-cycliste.fr\/wp-content\/uploads\/2024\/11\/20241109_145201.resized.jpg 1280w\" sizes=\"auto, (max-width: 640px) 100vw, 640px\" \/><p id=\"caption-attachment-3042\" class=\"wp-caption-text\">Le m\u00e9morial de Thiepval vu sur son autre face, toujours dans le brouillard, apr\u00e8s une boucle qui me ram\u00e8ne \u00e0 Albert.<\/p><\/div>\n<div id=\"attachment_3043\" style=\"width: 650px\" class=\"wp-caption alignnone\"><img loading=\"lazy\" decoding=\"async\" aria-describedby=\"caption-attachment-3043\" src=\"https:\/\/www.pierre-le-cycliste.fr\/wp-content\/uploads\/2024\/11\/20241109_150449.resized-768x1024.jpg\" alt=\"\" width=\"640\" height=\"853\" class=\"size-large wp-image-3043\" srcset=\"https:\/\/www.pierre-le-cycliste.fr\/wp-content\/uploads\/2024\/11\/20241109_150449.resized-768x1024.jpg 768w, https:\/\/www.pierre-le-cycliste.fr\/wp-content\/uploads\/2024\/11\/20241109_150449.resized-225x300.jpg 225w, https:\/\/www.pierre-le-cycliste.fr\/wp-content\/uploads\/2024\/11\/20241109_150449.resized-rotated.jpg 960w\" sizes=\"auto, (max-width: 640px) 100vw, 640px\" \/><p id=\"caption-attachment-3043\" class=\"wp-caption-text\">Le monument aux morts d&rsquo;Aveluy.<\/p><\/div>\n<div id=\"attachment_3044\" style=\"width: 650px\" class=\"wp-caption alignnone\"><img loading=\"lazy\" decoding=\"async\" aria-describedby=\"caption-attachment-3044\" src=\"https:\/\/www.pierre-le-cycliste.fr\/wp-content\/uploads\/2024\/11\/20241109_150630.resized-1024x768.jpg\" alt=\"\" width=\"640\" height=\"480\" class=\"size-large wp-image-3044\" srcset=\"https:\/\/www.pierre-le-cycliste.fr\/wp-content\/uploads\/2024\/11\/20241109_150630.resized-1024x768.jpg 1024w, https:\/\/www.pierre-le-cycliste.fr\/wp-content\/uploads\/2024\/11\/20241109_150630.resized-300x225.jpg 300w, https:\/\/www.pierre-le-cycliste.fr\/wp-content\/uploads\/2024\/11\/20241109_150630.resized-768x576.jpg 768w, https:\/\/www.pierre-le-cycliste.fr\/wp-content\/uploads\/2024\/11\/20241109_150630.resized.jpg 1280w\" sizes=\"auto, (max-width: 640px) 100vw, 640px\" \/><p id=\"caption-attachment-3044\" class=\"wp-caption-text\">Le monument aux morts d&rsquo;Aveluy. Modeste.<\/p><\/div>\n<div id=\"attachment_3045\" style=\"width: 650px\" class=\"wp-caption alignnone\"><img loading=\"lazy\" decoding=\"async\" aria-describedby=\"caption-attachment-3045\" src=\"https:\/\/www.pierre-le-cycliste.fr\/wp-content\/uploads\/2024\/11\/20241109_151144.resized-1024x768.jpg\" alt=\"\" width=\"640\" height=\"480\" class=\"size-large wp-image-3045\" srcset=\"https:\/\/www.pierre-le-cycliste.fr\/wp-content\/uploads\/2024\/11\/20241109_151144.resized-1024x768.jpg 1024w, https:\/\/www.pierre-le-cycliste.fr\/wp-content\/uploads\/2024\/11\/20241109_151144.resized-300x225.jpg 300w, https:\/\/www.pierre-le-cycliste.fr\/wp-content\/uploads\/2024\/11\/20241109_151144.resized-768x576.jpg 768w, https:\/\/www.pierre-le-cycliste.fr\/wp-content\/uploads\/2024\/11\/20241109_151144.resized.jpg 1280w\" sizes=\"auto, (max-width: 640px) 100vw, 640px\" \/><p id=\"caption-attachment-3045\" class=\"wp-caption-text\">En approchant d&rsquo;Albert je rejoins la v\u00e9loroute de la m\u00e9moire, la V32.<\/p><\/div>\n<div id=\"attachment_3046\" style=\"width: 650px\" class=\"wp-caption alignnone\"><img loading=\"lazy\" decoding=\"async\" aria-describedby=\"caption-attachment-3046\" src=\"https:\/\/www.pierre-le-cycliste.fr\/wp-content\/uploads\/2024\/11\/20241109_152221.resized-768x1024.jpg\" alt=\"\" width=\"640\" height=\"853\" class=\"size-large wp-image-3046\" srcset=\"https:\/\/www.pierre-le-cycliste.fr\/wp-content\/uploads\/2024\/11\/20241109_152221.resized-768x1024.jpg 768w, https:\/\/www.pierre-le-cycliste.fr\/wp-content\/uploads\/2024\/11\/20241109_152221.resized-225x300.jpg 225w, https:\/\/www.pierre-le-cycliste.fr\/wp-content\/uploads\/2024\/11\/20241109_152221.resized-rotated.jpg 960w\" sizes=\"auto, (max-width: 640px) 100vw, 640px\" \/><p id=\"caption-attachment-3046\" class=\"wp-caption-text\">L&rsquo;\u00e9glise d&rsquo;Albert, <a href=\"https:\/\/fr.wikipedia.org\/wiki\/Basilique_Notre-Dame_de_Brebi%C3%A8res\">Basilique Notre-Dame de Brebi\u00e8res<\/a>.<\/p><\/div>\n<div id=\"attachment_3047\" style=\"width: 650px\" class=\"wp-caption alignnone\"><img loading=\"lazy\" decoding=\"async\" aria-describedby=\"caption-attachment-3047\" src=\"https:\/\/www.pierre-le-cycliste.fr\/wp-content\/uploads\/2024\/11\/20241109_153021.resized-1024x768.jpg\" alt=\"\" width=\"640\" height=\"480\" class=\"size-large wp-image-3047\" srcset=\"https:\/\/www.pierre-le-cycliste.fr\/wp-content\/uploads\/2024\/11\/20241109_153021.resized-1024x768.jpg 1024w, https:\/\/www.pierre-le-cycliste.fr\/wp-content\/uploads\/2024\/11\/20241109_153021.resized-300x225.jpg 300w, https:\/\/www.pierre-le-cycliste.fr\/wp-content\/uploads\/2024\/11\/20241109_153021.resized-768x576.jpg 768w, https:\/\/www.pierre-le-cycliste.fr\/wp-content\/uploads\/2024\/11\/20241109_153021.resized.jpg 1280w\" sizes=\"auto, (max-width: 640px) 100vw, 640px\" \/><p id=\"caption-attachment-3047\" class=\"wp-caption-text\">L&rsquo;H\u00f4tel de Ville d&rsquo;Albert.<\/p><\/div>\n","protected":false},"excerpt":{"rendered":"<p>Journ\u00e9e un peu moins froide qu&rsquo;hier, mais tr\u00e8s humide, et toujours grise, dans la brume. En quittant Bapaume, c&rsquo;\u00e9tait presque du crachin, mais je n&rsquo;ai pas eu besoin de sortir la cape. Rouler avec bagages me fait transpirer et pendant &hellip; <a href=\"https:\/\/www.pierre-le-cycliste.fr\/index.php\/2024\/11\/09\/guerre-14-18-jour-3-arras-bapaume-albert-72-km\/\">Continuer la lecture <span class=\"meta-nav\">&rarr;<\/span><\/a><\/p>\n","protected":false},"author":1,"featured_media":0,"comment_status":"open","ping_status":"open","sticky":false,"template":"","format":"standard","meta":{"footnotes":""},"categories":[1],"tags":[],"class_list":["post-3048","post","type-post","status-publish","format-standard","hentry","category-non-classe"],"_links":{"self":[{"href":"https:\/\/www.pierre-le-cycliste.fr\/index.php\/wp-json\/wp\/v2\/posts\/3048","targetHints":{"allow":["GET"]}}],"collection":[{"href":"https:\/\/www.pierre-le-cycliste.fr\/index.php\/wp-json\/wp\/v2\/posts"}],"about":[{"href":"https:\/\/www.pierre-le-cycliste.fr\/index.php\/wp-json\/wp\/v2\/types\/post"}],"author":[{"embeddable":true,"href":"https:\/\/www.pierre-le-cycliste.fr\/index.php\/wp-json\/wp\/v2\/users\/1"}],"replies":[{"embeddable":true,"href":"https:\/\/www.pierre-le-cycliste.fr\/index.php\/wp-json\/wp\/v2\/comments?post=3048"}],"version-history":[{"count":3,"href":"https:\/\/www.pierre-le-cycliste.fr\/index.php\/wp-json\/wp\/v2\/posts\/3048\/revisions"}],"predecessor-version":[{"id":3051,"href":"https:\/\/www.pierre-le-cycliste.fr\/index.php\/wp-json\/wp\/v2\/posts\/3048\/revisions\/3051"}],"wp:attachment":[{"href":"https:\/\/www.pierre-le-cycliste.fr\/index.php\/wp-json\/wp\/v2\/media?parent=3048"}],"wp:term":[{"taxonomy":"category","embeddable":true,"href":"https:\/\/www.pierre-le-cycliste.fr\/index.php\/wp-json\/wp\/v2\/categories?post=3048"},{"taxonomy":"post_tag","embeddable":true,"href":"https:\/\/www.pierre-le-cycliste.fr\/index.php\/wp-json\/wp\/v2\/tags?post=3048"}],"curies":[{"name":"wp","href":"https:\/\/api.w.org\/{rel}","templated":true}]}}