{"id":3096,"date":"2024-11-10T21:12:20","date_gmt":"2024-11-10T20:12:20","guid":{"rendered":"https:\/\/www.pierre-le-cycliste.fr\/?p=3096"},"modified":"2024-11-10T21:12:20","modified_gmt":"2024-11-10T20:12:20","slug":"guerre-14-18-jour-4-albert-vallee-de-la-somme-peronne-62-km","status":"publish","type":"post","link":"https:\/\/www.pierre-le-cycliste.fr\/index.php\/2024\/11\/10\/guerre-14-18-jour-4-albert-vallee-de-la-somme-peronne-62-km\/","title":{"rendered":"Guerre 14-18 &#8211; jour  4 &#8211; Albert &#8211; Vall\u00e9e de la Somme &#8211; P\u00e9ronne &#8211; 62 km"},"content":{"rendered":"<p>Particuli\u00e8rement bel itin\u00e9raire aujourd&rsquo;hui, et toujours en pleine nature avec z\u00e9ro circulation.<\/p>\n<p>Journ\u00e9e plus douce qu&rsquo;hier, la temp\u00e9rature serait pass\u00e9e de 9\u00b0 \u00e0 12\u00b0, journ\u00e9e s\u00e8che, plus lumineuse, j&rsquo;ai presque failli voir le soleil, et la lumi\u00e8re cela fait vraiment du bien.<\/p>\n<p>En partant je passe \u00e0 la basilique Notre-Dame de Brebi\u00e8res que je n&rsquo;avais fait qu&rsquo;apercevoir hier. A 8h pass\u00e9, un dimanche, elle n&rsquo;est pas encore ouverte,<\/p>\n<p>et le mus\u00e9e 14-18 non plus, mais je m&rsquo;en doutais.<\/p>\n<p>Fatigu\u00e9 hier soir en arrivant, je n&rsquo;avais pas explor\u00e9, mais la journ\u00e9e avait d\u00e9j\u00e0 \u00e9t\u00e9 tr\u00e8s riche.<\/p>\n<p>A l&rsquo;arriv\u00e9e, vers 14h, \u00e9tape courte, visite du mus\u00e9e de P\u00e9ronne, jumel\u00e9e avec celui de Thiepval vu hier. Bof ! D\u00e9cevant, mais on en tire toujours quelque chose. Je pr\u00e9f\u00e8re, de tr\u00e8s loin, le m\u00e9morial 14-18 Notre Dame de Lorette, \u00e0 Souchez, que j&rsquo;ai vu jeudi, et, en plus, entr\u00e9e gratuite.<\/p>\n<div id=\"attachment_3052\" style=\"width: 650px\" class=\"wp-caption alignnone\"><img loading=\"lazy\" decoding=\"async\" aria-describedby=\"caption-attachment-3052\" src=\"https:\/\/www.pierre-le-cycliste.fr\/wp-content\/uploads\/2024\/11\/20241110_080750.resized-1024x768.jpg\" alt=\"\" width=\"640\" height=\"480\" class=\"size-large wp-image-3052\" srcset=\"https:\/\/www.pierre-le-cycliste.fr\/wp-content\/uploads\/2024\/11\/20241110_080750.resized-1024x768.jpg 1024w, https:\/\/www.pierre-le-cycliste.fr\/wp-content\/uploads\/2024\/11\/20241110_080750.resized-300x225.jpg 300w, https:\/\/www.pierre-le-cycliste.fr\/wp-content\/uploads\/2024\/11\/20241110_080750.resized-768x576.jpg 768w, https:\/\/www.pierre-le-cycliste.fr\/wp-content\/uploads\/2024\/11\/20241110_080750.resized.jpg 1280w\" sizes=\"auto, (max-width: 640px) 100vw, 640px\" \/><p id=\"caption-attachment-3052\" class=\"wp-caption-text\"><a href=\"https:\/\/fr.wikipedia.org\/wiki\/Basilique_Notre-Dame_de_Brebi%C3%A8res\">La basilique Notre-Dame de Brebi\u00e8res<\/a>, ce matin en partant.<\/p><\/div>\n<div id=\"attachment_3053\" style=\"width: 650px\" class=\"wp-caption alignnone\"><img loading=\"lazy\" decoding=\"async\" aria-describedby=\"caption-attachment-3053\" src=\"https:\/\/www.pierre-le-cycliste.fr\/wp-content\/uploads\/2024\/11\/20241110_081249.resized-1024x768.jpg\" alt=\"\" width=\"640\" height=\"480\" class=\"size-large wp-image-3053\" srcset=\"https:\/\/www.pierre-le-cycliste.fr\/wp-content\/uploads\/2024\/11\/20241110_081249.resized-1024x768.jpg 1024w, https:\/\/www.pierre-le-cycliste.fr\/wp-content\/uploads\/2024\/11\/20241110_081249.resized-300x225.jpg 300w, https:\/\/www.pierre-le-cycliste.fr\/wp-content\/uploads\/2024\/11\/20241110_081249.resized-768x576.jpg 768w, https:\/\/www.pierre-le-cycliste.fr\/wp-content\/uploads\/2024\/11\/20241110_081249.resized.jpg 1280w\" sizes=\"auto, (max-width: 640px) 100vw, 640px\" \/><p id=\"caption-attachment-3053\" class=\"wp-caption-text\">La Basilique Notre-Dame de Brebi\u00e8res<\/p><\/div>\n<div id=\"attachment_3054\" style=\"width: 650px\" class=\"wp-caption alignnone\"><img loading=\"lazy\" decoding=\"async\" aria-describedby=\"caption-attachment-3054\" src=\"https:\/\/www.pierre-le-cycliste.fr\/wp-content\/uploads\/2024\/11\/20241110_081320.resized-1024x768.jpg\" alt=\"\" width=\"640\" height=\"480\" class=\"size-large wp-image-3054\" srcset=\"https:\/\/www.pierre-le-cycliste.fr\/wp-content\/uploads\/2024\/11\/20241110_081320.resized-1024x768.jpg 1024w, https:\/\/www.pierre-le-cycliste.fr\/wp-content\/uploads\/2024\/11\/20241110_081320.resized-300x225.jpg 300w, https:\/\/www.pierre-le-cycliste.fr\/wp-content\/uploads\/2024\/11\/20241110_081320.resized-768x576.jpg 768w, https:\/\/www.pierre-le-cycliste.fr\/wp-content\/uploads\/2024\/11\/20241110_081320.resized.jpg 1280w\" sizes=\"auto, (max-width: 640px) 100vw, 640px\" \/><p id=\"caption-attachment-3054\" class=\"wp-caption-text\">Le mus\u00e9e 14-18 d&rsquo;Albert.<\/p><\/div>\n<div id=\"attachment_3055\" style=\"width: 650px\" class=\"wp-caption alignnone\"><img loading=\"lazy\" decoding=\"async\" aria-describedby=\"caption-attachment-3055\" src=\"https:\/\/www.pierre-le-cycliste.fr\/wp-content\/uploads\/2024\/11\/20241110_085436.resized-1024x768.jpg\" alt=\"\" width=\"640\" height=\"480\" class=\"size-large wp-image-3055\" srcset=\"https:\/\/www.pierre-le-cycliste.fr\/wp-content\/uploads\/2024\/11\/20241110_085436.resized-1024x768.jpg 1024w, https:\/\/www.pierre-le-cycliste.fr\/wp-content\/uploads\/2024\/11\/20241110_085436.resized-300x225.jpg 300w, https:\/\/www.pierre-le-cycliste.fr\/wp-content\/uploads\/2024\/11\/20241110_085436.resized-768x576.jpg 768w, https:\/\/www.pierre-le-cycliste.fr\/wp-content\/uploads\/2024\/11\/20241110_085436.resized.jpg 1280w\" sizes=\"auto, (max-width: 640px) 100vw, 640px\" \/><p id=\"caption-attachment-3055\" class=\"wp-caption-text\">Jolie maison \u00e0 Morlancourt ! Belle fresque sur la porte de garage. Original et bien vu !<\/p><\/div>\n<div id=\"attachment_3056\" style=\"width: 650px\" class=\"wp-caption alignnone\"><img loading=\"lazy\" decoding=\"async\" aria-describedby=\"caption-attachment-3056\" src=\"https:\/\/www.pierre-le-cycliste.fr\/wp-content\/uploads\/2024\/11\/20241110_091143.resized-1024x768.jpg\" alt=\"\" width=\"640\" height=\"480\" class=\"size-large wp-image-3056\" srcset=\"https:\/\/www.pierre-le-cycliste.fr\/wp-content\/uploads\/2024\/11\/20241110_091143.resized-1024x768.jpg 1024w, https:\/\/www.pierre-le-cycliste.fr\/wp-content\/uploads\/2024\/11\/20241110_091143.resized-300x225.jpg 300w, https:\/\/www.pierre-le-cycliste.fr\/wp-content\/uploads\/2024\/11\/20241110_091143.resized-768x576.jpg 768w, https:\/\/www.pierre-le-cycliste.fr\/wp-content\/uploads\/2024\/11\/20241110_091143.resized.jpg 1280w\" sizes=\"auto, (max-width: 640px) 100vw, 640px\" \/><p id=\"caption-attachment-3056\" class=\"wp-caption-text\">A Chipily, statue du sculpteur Henri Gauqui\u00e9 qui repr\u00e9sente un artilleur britannique serrant dans ses bras son cheval bless\u00e9 au combat, dont il vient de retirer le harnachement. Il porte l&rsquo;inscription \u00ab Aux morts de la 58e division britannique \/ London division \/ Pro deo &#8211; Pro rece &#8211; Pro patria \u00bb et \u00ab La 58e division britannique fut une des seules divisions anglaises qui en coop\u00e9ration avec l&rsquo;arm\u00e9e fran\u00e7aise et les corps d&rsquo;arm\u00e9es australiens et canadiens r\u00e9ussit \u00e0 p\u00e9n\u00e9trer les d\u00e9fenses allemandes entre Le Quesnoy et Montdidier, le 8 ao\u00fbt 1918 d\u00e9terminant le commencement de la retraite allemande qui se termina par l&rsquo;armistice du 11 novembre 1918 \u00bb<\/p><\/div>\n<div id=\"attachment_3057\" style=\"width: 650px\" class=\"wp-caption alignnone\"><img loading=\"lazy\" decoding=\"async\" aria-describedby=\"caption-attachment-3057\" src=\"https:\/\/www.pierre-le-cycliste.fr\/wp-content\/uploads\/2024\/11\/20241110_091205.resized-1024x768.jpg\" alt=\"\" width=\"640\" height=\"480\" class=\"size-large wp-image-3057\" srcset=\"https:\/\/www.pierre-le-cycliste.fr\/wp-content\/uploads\/2024\/11\/20241110_091205.resized-1024x768.jpg 1024w, https:\/\/www.pierre-le-cycliste.fr\/wp-content\/uploads\/2024\/11\/20241110_091205.resized-300x225.jpg 300w, https:\/\/www.pierre-le-cycliste.fr\/wp-content\/uploads\/2024\/11\/20241110_091205.resized-768x576.jpg 768w, https:\/\/www.pierre-le-cycliste.fr\/wp-content\/uploads\/2024\/11\/20241110_091205.resized.jpg 1280w\" sizes=\"auto, (max-width: 640px) 100vw, 640px\" \/><p id=\"caption-attachment-3057\" class=\"wp-caption-text\">A Chipily, statue du sculpteur Henri Gauqui\u00e9 qui repr\u00e9sente un artilleur britannique serrant dans ses bras son cheval bless\u00e9 au combat, dont il vient de retirer le harnachement. Il porte l&rsquo;inscription \u00ab Aux morts de la 58e division britannique \/ London division \/ Pro deo &#8211; Pro rece &#8211; Pro patria \u00bb et \u00ab La 58e division britannique fut une des seules divisions anglaises qui en coop\u00e9ration avec l&rsquo;arm\u00e9e fran\u00e7aise et les corps d&rsquo;arm\u00e9es australiens et canadiens r\u00e9ussit \u00e0 p\u00e9n\u00e9trer les d\u00e9fenses allemandes entre Le Quesnoy et Montdidier, le 8 ao\u00fbt 1918 d\u00e9terminant le commencement de la retraite allemande qui se termina par l&rsquo;armistice du 11 novembre 1918 \u00bb<\/p><\/div>\n<div id=\"attachment_3058\" style=\"width: 650px\" class=\"wp-caption alignnone\"><img loading=\"lazy\" decoding=\"async\" aria-describedby=\"caption-attachment-3058\" src=\"https:\/\/www.pierre-le-cycliste.fr\/wp-content\/uploads\/2024\/11\/20241110_091247.resized-1024x768.jpg\" alt=\"\" width=\"640\" height=\"480\" class=\"size-large wp-image-3058\" srcset=\"https:\/\/www.pierre-le-cycliste.fr\/wp-content\/uploads\/2024\/11\/20241110_091247.resized-1024x768.jpg 1024w, https:\/\/www.pierre-le-cycliste.fr\/wp-content\/uploads\/2024\/11\/20241110_091247.resized-300x225.jpg 300w, https:\/\/www.pierre-le-cycliste.fr\/wp-content\/uploads\/2024\/11\/20241110_091247.resized-768x576.jpg 768w, https:\/\/www.pierre-le-cycliste.fr\/wp-content\/uploads\/2024\/11\/20241110_091247.resized.jpg 1280w\" sizes=\"auto, (max-width: 640px) 100vw, 640px\" \/><p id=\"caption-attachment-3058\" class=\"wp-caption-text\">Le monument aux morts de Chipily. Il fait p\u00e2le figure \u00e0 c\u00f4t\u00e9 de la statue pr\u00e9c\u00e9dente. Un peu dommage !<\/p><\/div>\n<div id=\"attachment_3059\" style=\"width: 650px\" class=\"wp-caption alignnone\"><img loading=\"lazy\" decoding=\"async\" aria-describedby=\"caption-attachment-3059\" src=\"https:\/\/www.pierre-le-cycliste.fr\/wp-content\/uploads\/2024\/11\/20241110_092804.resized-1024x768.jpg\" alt=\"\" width=\"640\" height=\"480\" class=\"size-large wp-image-3059\" srcset=\"https:\/\/www.pierre-le-cycliste.fr\/wp-content\/uploads\/2024\/11\/20241110_092804.resized-1024x768.jpg 1024w, https:\/\/www.pierre-le-cycliste.fr\/wp-content\/uploads\/2024\/11\/20241110_092804.resized-300x225.jpg 300w, https:\/\/www.pierre-le-cycliste.fr\/wp-content\/uploads\/2024\/11\/20241110_092804.resized-768x576.jpg 768w, https:\/\/www.pierre-le-cycliste.fr\/wp-content\/uploads\/2024\/11\/20241110_092804.resized.jpg 1280w\" sizes=\"auto, (max-width: 640px) 100vw, 640px\" \/><p id=\"caption-attachment-3059\" class=\"wp-caption-text\">La vall\u00e9e de la Somme vue du belv\u00e9d\u00e8re du Camp de C\u00e9sar, \u00e0 Chipily. La photo ne rend pas la beaut\u00e9 de cette vue sur la vall\u00e9e.<\/p><\/div>\n<div id=\"attachment_3060\" style=\"width: 650px\" class=\"wp-caption alignnone\"><img loading=\"lazy\" decoding=\"async\" aria-describedby=\"caption-attachment-3060\" src=\"https:\/\/www.pierre-le-cycliste.fr\/wp-content\/uploads\/2024\/11\/20241110_092853.resized-1024x768.jpg\" alt=\"\" width=\"640\" height=\"480\" class=\"size-large wp-image-3060\" srcset=\"https:\/\/www.pierre-le-cycliste.fr\/wp-content\/uploads\/2024\/11\/20241110_092853.resized-1024x768.jpg 1024w, https:\/\/www.pierre-le-cycliste.fr\/wp-content\/uploads\/2024\/11\/20241110_092853.resized-300x225.jpg 300w, https:\/\/www.pierre-le-cycliste.fr\/wp-content\/uploads\/2024\/11\/20241110_092853.resized-768x576.jpg 768w, https:\/\/www.pierre-le-cycliste.fr\/wp-content\/uploads\/2024\/11\/20241110_092853.resized.jpg 1280w\" sizes=\"auto, (max-width: 640px) 100vw, 640px\" \/><p id=\"caption-attachment-3060\" class=\"wp-caption-text\">La vall\u00e9e de la Somme vue du belv\u00e9d\u00e8re du Camp de C\u00e9sar, \u00e0 Chipily. La photo ne rend pas la beaut\u00e9 de cette vue sur la vall\u00e9e.<\/p><\/div>\n<div id=\"attachment_3061\" style=\"width: 650px\" class=\"wp-caption alignnone\"><img loading=\"lazy\" decoding=\"async\" aria-describedby=\"caption-attachment-3061\" src=\"https:\/\/www.pierre-le-cycliste.fr\/wp-content\/uploads\/2024\/11\/20241110_093500.resized-1024x768.jpg\" alt=\"\" width=\"640\" height=\"480\" class=\"size-large wp-image-3061\" srcset=\"https:\/\/www.pierre-le-cycliste.fr\/wp-content\/uploads\/2024\/11\/20241110_093500.resized-1024x768.jpg 1024w, https:\/\/www.pierre-le-cycliste.fr\/wp-content\/uploads\/2024\/11\/20241110_093500.resized-300x225.jpg 300w, https:\/\/www.pierre-le-cycliste.fr\/wp-content\/uploads\/2024\/11\/20241110_093500.resized-768x576.jpg 768w, https:\/\/www.pierre-le-cycliste.fr\/wp-content\/uploads\/2024\/11\/20241110_093500.resized.jpg 1280w\" sizes=\"auto, (max-width: 640px) 100vw, 640px\" \/><p id=\"caption-attachment-3061\" class=\"wp-caption-text\">La travers\u00e9e d&rsquo;un marais de la Somme (la vieille Somme, elle coule bien !) en descendant du Camp de C\u00e9sar.<\/p><\/div>\n<div id=\"attachment_3062\" style=\"width: 650px\" class=\"wp-caption alignnone\"><img loading=\"lazy\" decoding=\"async\" aria-describedby=\"caption-attachment-3062\" src=\"https:\/\/www.pierre-le-cycliste.fr\/wp-content\/uploads\/2024\/11\/20241110_093938.resized-1024x768.jpg\" alt=\"\" width=\"640\" height=\"480\" class=\"size-large wp-image-3062\" srcset=\"https:\/\/www.pierre-le-cycliste.fr\/wp-content\/uploads\/2024\/11\/20241110_093938.resized-1024x768.jpg 1024w, https:\/\/www.pierre-le-cycliste.fr\/wp-content\/uploads\/2024\/11\/20241110_093938.resized-300x225.jpg 300w, https:\/\/www.pierre-le-cycliste.fr\/wp-content\/uploads\/2024\/11\/20241110_093938.resized-768x576.jpg 768w, https:\/\/www.pierre-le-cycliste.fr\/wp-content\/uploads\/2024\/11\/20241110_093938.resized.jpg 1280w\" sizes=\"auto, (max-width: 640px) 100vw, 640px\" \/><p id=\"caption-attachment-3062\" class=\"wp-caption-text\">\u00c9cluse de M\u00e9ricourt sur la Somme canalis\u00e9e.<\/p><\/div>\n<div id=\"attachment_3063\" style=\"width: 650px\" class=\"wp-caption alignnone\"><img loading=\"lazy\" decoding=\"async\" aria-describedby=\"caption-attachment-3063\" src=\"https:\/\/www.pierre-le-cycliste.fr\/wp-content\/uploads\/2024\/11\/20241110_094906.resized-1024x768.jpg\" alt=\"\" width=\"640\" height=\"480\" class=\"size-large wp-image-3063\" srcset=\"https:\/\/www.pierre-le-cycliste.fr\/wp-content\/uploads\/2024\/11\/20241110_094906.resized-1024x768.jpg 1024w, https:\/\/www.pierre-le-cycliste.fr\/wp-content\/uploads\/2024\/11\/20241110_094906.resized-300x225.jpg 300w, https:\/\/www.pierre-le-cycliste.fr\/wp-content\/uploads\/2024\/11\/20241110_094906.resized-768x576.jpg 768w, https:\/\/www.pierre-le-cycliste.fr\/wp-content\/uploads\/2024\/11\/20241110_094906.resized.jpg 1280w\" sizes=\"auto, (max-width: 640px) 100vw, 640px\" \/><p id=\"caption-attachment-3063\" class=\"wp-caption-text\">La v\u00e9lroute le long de la Somme canalis\u00e9e. Au fond le village d&rsquo;Etinehem. Je n&rsquo;y passerai pas, il est de l&rsquo;autre c\u00f4t\u00e9 de la Somme.<\/p><\/div>\n<div id=\"attachment_3064\" style=\"width: 650px\" class=\"wp-caption alignnone\"><img loading=\"lazy\" decoding=\"async\" aria-describedby=\"caption-attachment-3064\" src=\"https:\/\/www.pierre-le-cycliste.fr\/wp-content\/uploads\/2024\/11\/20241110_095059.resized-1024x768.jpg\" alt=\"\" width=\"640\" height=\"480\" class=\"size-large wp-image-3064\" srcset=\"https:\/\/www.pierre-le-cycliste.fr\/wp-content\/uploads\/2024\/11\/20241110_095059.resized-1024x768.jpg 1024w, https:\/\/www.pierre-le-cycliste.fr\/wp-content\/uploads\/2024\/11\/20241110_095059.resized-300x225.jpg 300w, https:\/\/www.pierre-le-cycliste.fr\/wp-content\/uploads\/2024\/11\/20241110_095059.resized-768x576.jpg 768w, https:\/\/www.pierre-le-cycliste.fr\/wp-content\/uploads\/2024\/11\/20241110_095059.resized.jpg 1280w\" sizes=\"auto, (max-width: 640px) 100vw, 640px\" \/><p id=\"caption-attachment-3064\" class=\"wp-caption-text\">Vache assurant l&rsquo;entretien du marais de la Somme \u00e0 M\u00e9ricourt-Etinehem.<\/p><\/div>\n<div id=\"attachment_3065\" style=\"width: 650px\" class=\"wp-caption alignnone\"><img loading=\"lazy\" decoding=\"async\" aria-describedby=\"caption-attachment-3065\" src=\"https:\/\/www.pierre-le-cycliste.fr\/wp-content\/uploads\/2024\/11\/20241110_100149.resized-1024x768.jpg\" alt=\"\" width=\"640\" height=\"480\" class=\"size-large wp-image-3065\" srcset=\"https:\/\/www.pierre-le-cycliste.fr\/wp-content\/uploads\/2024\/11\/20241110_100149.resized-1024x768.jpg 1024w, https:\/\/www.pierre-le-cycliste.fr\/wp-content\/uploads\/2024\/11\/20241110_100149.resized-300x225.jpg 300w, https:\/\/www.pierre-le-cycliste.fr\/wp-content\/uploads\/2024\/11\/20241110_100149.resized-768x576.jpg 768w, https:\/\/www.pierre-le-cycliste.fr\/wp-content\/uploads\/2024\/11\/20241110_100149.resized.jpg 1280w\" sizes=\"auto, (max-width: 640px) 100vw, 640px\" \/><p id=\"caption-attachment-3065\" class=\"wp-caption-text\">Marais de la Somme \u00e0 M\u00e9ricourt-Etinehem.<\/p><\/div>\n<div id=\"attachment_3066\" style=\"width: 650px\" class=\"wp-caption alignnone\"><img loading=\"lazy\" decoding=\"async\" aria-describedby=\"caption-attachment-3066\" src=\"https:\/\/www.pierre-le-cycliste.fr\/wp-content\/uploads\/2024\/11\/20241110_100800.resized-1024x768.jpg\" alt=\"\" width=\"640\" height=\"480\" class=\"size-large wp-image-3066\" srcset=\"https:\/\/www.pierre-le-cycliste.fr\/wp-content\/uploads\/2024\/11\/20241110_100800.resized-1024x768.jpg 1024w, https:\/\/www.pierre-le-cycliste.fr\/wp-content\/uploads\/2024\/11\/20241110_100800.resized-300x225.jpg 300w, https:\/\/www.pierre-le-cycliste.fr\/wp-content\/uploads\/2024\/11\/20241110_100800.resized-768x576.jpg 768w, https:\/\/www.pierre-le-cycliste.fr\/wp-content\/uploads\/2024\/11\/20241110_100800.resized.jpg 1280w\" sizes=\"auto, (max-width: 640px) 100vw, 640px\" \/><p id=\"caption-attachment-3066\" class=\"wp-caption-text\">Le port de Froissy (je n&rsquo;ai vu aucune circulation sur la Somme, ce n&rsquo;est peut-\u00eatre pas la saison). Par contre, beaucoup de p\u00eacheurs, parfois bien \u00e9quip\u00e9s, tente et chariot pour porter le mat\u00e9riel, et quelques chasseurs.<\/p><\/div>\n<div id=\"attachment_3067\" style=\"width: 650px\" class=\"wp-caption alignnone\"><img loading=\"lazy\" decoding=\"async\" aria-describedby=\"caption-attachment-3067\" src=\"https:\/\/www.pierre-le-cycliste.fr\/wp-content\/uploads\/2024\/11\/20241110_101531.resized-1024x768.jpg\" alt=\"\" width=\"640\" height=\"480\" class=\"size-large wp-image-3067\" srcset=\"https:\/\/www.pierre-le-cycliste.fr\/wp-content\/uploads\/2024\/11\/20241110_101531.resized-1024x768.jpg 1024w, https:\/\/www.pierre-le-cycliste.fr\/wp-content\/uploads\/2024\/11\/20241110_101531.resized-300x225.jpg 300w, https:\/\/www.pierre-le-cycliste.fr\/wp-content\/uploads\/2024\/11\/20241110_101531.resized-768x576.jpg 768w, https:\/\/www.pierre-le-cycliste.fr\/wp-content\/uploads\/2024\/11\/20241110_101531.resized.jpg 1280w\" sizes=\"auto, (max-width: 640px) 100vw, 640px\" \/><p id=\"caption-attachment-3067\" class=\"wp-caption-text\">Le mus\u00e9e ferroviaire des trains \u00e0 voie \u00e9troite \u00e0 Froissy (ferm\u00e9 en cette saison, mais il y a de l&rsquo;activit\u00e9 (b\u00e9n\u00e9vole) sur le site !).<\/p><\/div>\n<div id=\"attachment_3068\" style=\"width: 650px\" class=\"wp-caption alignnone\"><img loading=\"lazy\" decoding=\"async\" aria-describedby=\"caption-attachment-3068\" src=\"https:\/\/www.pierre-le-cycliste.fr\/wp-content\/uploads\/2024\/11\/20241110_102007.resized-1024x768.jpg\" alt=\"\" width=\"640\" height=\"480\" class=\"size-large wp-image-3068\" srcset=\"https:\/\/www.pierre-le-cycliste.fr\/wp-content\/uploads\/2024\/11\/20241110_102007.resized-1024x768.jpg 1024w, https:\/\/www.pierre-le-cycliste.fr\/wp-content\/uploads\/2024\/11\/20241110_102007.resized-300x225.jpg 300w, https:\/\/www.pierre-le-cycliste.fr\/wp-content\/uploads\/2024\/11\/20241110_102007.resized-768x576.jpg 768w, https:\/\/www.pierre-le-cycliste.fr\/wp-content\/uploads\/2024\/11\/20241110_102007.resized.jpg 1280w\" sizes=\"auto, (max-width: 640px) 100vw, 640px\" \/><p id=\"caption-attachment-3068\" class=\"wp-caption-text\">La gare de Froissy.<\/p><\/div>\n<div id=\"attachment_3069\" style=\"width: 650px\" class=\"wp-caption alignnone\"><img loading=\"lazy\" decoding=\"async\" aria-describedby=\"caption-attachment-3069\" src=\"https:\/\/www.pierre-le-cycliste.fr\/wp-content\/uploads\/2024\/11\/20241110_102211.resized-1024x768.jpg\" alt=\"\" width=\"640\" height=\"480\" class=\"size-large wp-image-3069\" srcset=\"https:\/\/www.pierre-le-cycliste.fr\/wp-content\/uploads\/2024\/11\/20241110_102211.resized-1024x768.jpg 1024w, https:\/\/www.pierre-le-cycliste.fr\/wp-content\/uploads\/2024\/11\/20241110_102211.resized-300x225.jpg 300w, https:\/\/www.pierre-le-cycliste.fr\/wp-content\/uploads\/2024\/11\/20241110_102211.resized-768x576.jpg 768w, https:\/\/www.pierre-le-cycliste.fr\/wp-content\/uploads\/2024\/11\/20241110_102211.resized.jpg 1280w\" sizes=\"auto, (max-width: 640px) 100vw, 640px\" \/><p id=\"caption-attachment-3069\" class=\"wp-caption-text\">Entre Somme canalis\u00e9e et chemin de fer \u00e0 voie \u00e9troite.<\/p><\/div>\n<div id=\"attachment_3070\" style=\"width: 650px\" class=\"wp-caption alignnone\"><img loading=\"lazy\" decoding=\"async\" aria-describedby=\"caption-attachment-3070\" src=\"https:\/\/www.pierre-le-cycliste.fr\/wp-content\/uploads\/2024\/11\/20241110_102701.resized-1024x768.jpg\" alt=\"\" width=\"640\" height=\"480\" class=\"size-large wp-image-3070\" srcset=\"https:\/\/www.pierre-le-cycliste.fr\/wp-content\/uploads\/2024\/11\/20241110_102701.resized-1024x768.jpg 1024w, https:\/\/www.pierre-le-cycliste.fr\/wp-content\/uploads\/2024\/11\/20241110_102701.resized-300x225.jpg 300w, https:\/\/www.pierre-le-cycliste.fr\/wp-content\/uploads\/2024\/11\/20241110_102701.resized-768x576.jpg 768w, https:\/\/www.pierre-le-cycliste.fr\/wp-content\/uploads\/2024\/11\/20241110_102701.resized.jpg 1280w\" sizes=\"auto, (max-width: 640px) 100vw, 640px\" \/><p id=\"caption-attachment-3070\" class=\"wp-caption-text\">Le village de Cappy.<\/p><\/div>\n<div id=\"attachment_3071\" style=\"width: 650px\" class=\"wp-caption alignnone\"><img loading=\"lazy\" decoding=\"async\" aria-describedby=\"caption-attachment-3071\" src=\"https:\/\/www.pierre-le-cycliste.fr\/wp-content\/uploads\/2024\/11\/20241110_103655.resized-768x1024.jpg\" alt=\"\" width=\"640\" height=\"853\" class=\"size-large wp-image-3071\" srcset=\"https:\/\/www.pierre-le-cycliste.fr\/wp-content\/uploads\/2024\/11\/20241110_103655.resized-768x1024.jpg 768w, https:\/\/www.pierre-le-cycliste.fr\/wp-content\/uploads\/2024\/11\/20241110_103655.resized-225x300.jpg 225w, https:\/\/www.pierre-le-cycliste.fr\/wp-content\/uploads\/2024\/11\/20241110_103655.resized-rotated.jpg 960w\" sizes=\"auto, (max-width: 640px) 100vw, 640px\" \/><p id=\"caption-attachment-3071\" class=\"wp-caption-text\">Le monument aux morts de Cappy.<\/p><\/div>\n<div id=\"attachment_3072\" style=\"width: 650px\" class=\"wp-caption alignnone\"><img loading=\"lazy\" decoding=\"async\" aria-describedby=\"caption-attachment-3072\" src=\"https:\/\/www.pierre-le-cycliste.fr\/wp-content\/uploads\/2024\/11\/20241110_103835.resized-1024x768.jpg\" alt=\"\" width=\"640\" height=\"480\" class=\"size-large wp-image-3072\" srcset=\"https:\/\/www.pierre-le-cycliste.fr\/wp-content\/uploads\/2024\/11\/20241110_103835.resized-1024x768.jpg 1024w, https:\/\/www.pierre-le-cycliste.fr\/wp-content\/uploads\/2024\/11\/20241110_103835.resized-300x225.jpg 300w, https:\/\/www.pierre-le-cycliste.fr\/wp-content\/uploads\/2024\/11\/20241110_103835.resized-768x576.jpg 768w, https:\/\/www.pierre-le-cycliste.fr\/wp-content\/uploads\/2024\/11\/20241110_103835.resized.jpg 1280w\" sizes=\"auto, (max-width: 640px) 100vw, 640px\" \/><p id=\"caption-attachment-3072\" class=\"wp-caption-text\">L&rsquo;\u00e9glise de Cappy.<\/p><\/div>\n<div id=\"attachment_3073\" style=\"width: 650px\" class=\"wp-caption alignnone\"><img loading=\"lazy\" decoding=\"async\" aria-describedby=\"caption-attachment-3073\" src=\"https:\/\/www.pierre-le-cycliste.fr\/wp-content\/uploads\/2024\/11\/20241110_110238.resized-1024x768.jpg\" alt=\"\" width=\"640\" height=\"480\" class=\"size-large wp-image-3073\" srcset=\"https:\/\/www.pierre-le-cycliste.fr\/wp-content\/uploads\/2024\/11\/20241110_110238.resized-1024x768.jpg 1024w, https:\/\/www.pierre-le-cycliste.fr\/wp-content\/uploads\/2024\/11\/20241110_110238.resized-300x225.jpg 300w, https:\/\/www.pierre-le-cycliste.fr\/wp-content\/uploads\/2024\/11\/20241110_110238.resized-768x576.jpg 768w, https:\/\/www.pierre-le-cycliste.fr\/wp-content\/uploads\/2024\/11\/20241110_110238.resized.jpg 1280w\" sizes=\"auto, (max-width: 640px) 100vw, 640px\" \/><p id=\"caption-attachment-3073\" class=\"wp-caption-text\">La Somme \u00e0 Vaux.<\/p><\/div>\n<div id=\"attachment_3074\" style=\"width: 650px\" class=\"wp-caption alignnone\"><img loading=\"lazy\" decoding=\"async\" aria-describedby=\"caption-attachment-3074\" src=\"https:\/\/www.pierre-le-cycliste.fr\/wp-content\/uploads\/2024\/11\/20241110_110336.resized-1024x768.jpg\" alt=\"\" width=\"640\" height=\"480\" class=\"size-large wp-image-3074\" srcset=\"https:\/\/www.pierre-le-cycliste.fr\/wp-content\/uploads\/2024\/11\/20241110_110336.resized-1024x768.jpg 1024w, https:\/\/www.pierre-le-cycliste.fr\/wp-content\/uploads\/2024\/11\/20241110_110336.resized-300x225.jpg 300w, https:\/\/www.pierre-le-cycliste.fr\/wp-content\/uploads\/2024\/11\/20241110_110336.resized-768x576.jpg 768w, https:\/\/www.pierre-le-cycliste.fr\/wp-content\/uploads\/2024\/11\/20241110_110336.resized.jpg 1280w\" sizes=\"auto, (max-width: 640px) 100vw, 640px\" \/><p id=\"caption-attachment-3074\" class=\"wp-caption-text\">La Somme \u00e0 Vaux.<\/p><\/div>\n<div id=\"attachment_3075\" style=\"width: 650px\" class=\"wp-caption alignnone\"><img loading=\"lazy\" decoding=\"async\" aria-describedby=\"caption-attachment-3075\" src=\"https:\/\/www.pierre-le-cycliste.fr\/wp-content\/uploads\/2024\/11\/20241110_111358.resized-1024x768.jpg\" alt=\"\" width=\"640\" height=\"480\" class=\"size-large wp-image-3075\" srcset=\"https:\/\/www.pierre-le-cycliste.fr\/wp-content\/uploads\/2024\/11\/20241110_111358.resized-1024x768.jpg 1024w, https:\/\/www.pierre-le-cycliste.fr\/wp-content\/uploads\/2024\/11\/20241110_111358.resized-300x225.jpg 300w, https:\/\/www.pierre-le-cycliste.fr\/wp-content\/uploads\/2024\/11\/20241110_111358.resized-768x576.jpg 768w, https:\/\/www.pierre-le-cycliste.fr\/wp-content\/uploads\/2024\/11\/20241110_111358.resized.jpg 1280w\" sizes=\"auto, (max-width: 640px) 100vw, 640px\" \/><p id=\"caption-attachment-3075\" class=\"wp-caption-text\">La Grenouill\u00e8re, vue du belv\u00e9d\u00e8re de Vaux.<\/p><\/div>\n<div id=\"attachment_3076\" style=\"width: 650px\" class=\"wp-caption alignnone\"><img loading=\"lazy\" decoding=\"async\" aria-describedby=\"caption-attachment-3076\" src=\"https:\/\/www.pierre-le-cycliste.fr\/wp-content\/uploads\/2024\/11\/20241110_115523.resized-1024x768.jpg\" alt=\"\" width=\"640\" height=\"480\" class=\"size-large wp-image-3076\" srcset=\"https:\/\/www.pierre-le-cycliste.fr\/wp-content\/uploads\/2024\/11\/20241110_115523.resized-1024x768.jpg 1024w, https:\/\/www.pierre-le-cycliste.fr\/wp-content\/uploads\/2024\/11\/20241110_115523.resized-300x225.jpg 300w, https:\/\/www.pierre-le-cycliste.fr\/wp-content\/uploads\/2024\/11\/20241110_115523.resized-768x576.jpg 768w, https:\/\/www.pierre-le-cycliste.fr\/wp-content\/uploads\/2024\/11\/20241110_115523.resized.jpg 1280w\" sizes=\"auto, (max-width: 640px) 100vw, 640px\" \/><p id=\"caption-attachment-3076\" class=\"wp-caption-text\">Le monument aux morts et la mairie d&rsquo;Eclusier-Vaux<\/p><\/div>\n<div id=\"attachment_3078\" style=\"width: 650px\" class=\"wp-caption alignnone\"><img loading=\"lazy\" decoding=\"async\" aria-describedby=\"caption-attachment-3078\" src=\"https:\/\/www.pierre-le-cycliste.fr\/wp-content\/uploads\/2024\/11\/20241110_124804.resized-1024x768.jpg\" alt=\"\" width=\"640\" height=\"480\" class=\"size-large wp-image-3078\" srcset=\"https:\/\/www.pierre-le-cycliste.fr\/wp-content\/uploads\/2024\/11\/20241110_124804.resized-1024x768.jpg 1024w, https:\/\/www.pierre-le-cycliste.fr\/wp-content\/uploads\/2024\/11\/20241110_124804.resized-300x225.jpg 300w, https:\/\/www.pierre-le-cycliste.fr\/wp-content\/uploads\/2024\/11\/20241110_124804.resized-768x576.jpg 768w, https:\/\/www.pierre-le-cycliste.fr\/wp-content\/uploads\/2024\/11\/20241110_124804.resized.jpg 1280w\" sizes=\"auto, (max-width: 640px) 100vw, 640px\" \/><p id=\"caption-attachment-3078\" class=\"wp-caption-text\">Mairie et \u00e9glise de Cl\u00e9ry sur Somme.<\/p><\/div>\n<div id=\"attachment_3077\" style=\"width: 650px\" class=\"wp-caption alignnone\"><img loading=\"lazy\" decoding=\"async\" aria-describedby=\"caption-attachment-3077\" src=\"https:\/\/www.pierre-le-cycliste.fr\/wp-content\/uploads\/2024\/11\/20241110_124503.resized-1024x768.jpg\" alt=\"\" width=\"640\" height=\"480\" class=\"size-large wp-image-3077\" srcset=\"https:\/\/www.pierre-le-cycliste.fr\/wp-content\/uploads\/2024\/11\/20241110_124503.resized-1024x768.jpg 1024w, https:\/\/www.pierre-le-cycliste.fr\/wp-content\/uploads\/2024\/11\/20241110_124503.resized-300x225.jpg 300w, https:\/\/www.pierre-le-cycliste.fr\/wp-content\/uploads\/2024\/11\/20241110_124503.resized-768x576.jpg 768w, https:\/\/www.pierre-le-cycliste.fr\/wp-content\/uploads\/2024\/11\/20241110_124503.resized.jpg 1280w\" sizes=\"auto, (max-width: 640px) 100vw, 640px\" \/><p id=\"caption-attachment-3077\" class=\"wp-caption-text\">L&rsquo;\u00e9glise de Cl\u00e9ry sur Somme, arts d\u00e9coratifs, mais malheureusement elle est ferm\u00e9e.<\/p><\/div>\n<div id=\"attachment_3079\" style=\"width: 650px\" class=\"wp-caption alignnone\"><img loading=\"lazy\" decoding=\"async\" aria-describedby=\"caption-attachment-3079\" src=\"https:\/\/www.pierre-le-cycliste.fr\/wp-content\/uploads\/2024\/11\/20241110_124945.resized-1024x768.jpg\" alt=\"\" width=\"640\" height=\"480\" class=\"size-large wp-image-3079\" srcset=\"https:\/\/www.pierre-le-cycliste.fr\/wp-content\/uploads\/2024\/11\/20241110_124945.resized-1024x768.jpg 1024w, https:\/\/www.pierre-le-cycliste.fr\/wp-content\/uploads\/2024\/11\/20241110_124945.resized-300x225.jpg 300w, https:\/\/www.pierre-le-cycliste.fr\/wp-content\/uploads\/2024\/11\/20241110_124945.resized-768x576.jpg 768w, https:\/\/www.pierre-le-cycliste.fr\/wp-content\/uploads\/2024\/11\/20241110_124945.resized.jpg 1280w\" sizes=\"auto, (max-width: 640px) 100vw, 640px\" \/><p id=\"caption-attachment-3079\" class=\"wp-caption-text\">En face de la mairie et de l&rsquo;\u00e9glise de Cl\u00e9ry sur Somme, le presbyt\u00e8re ?<\/p><\/div>\n<div id=\"attachment_3080\" style=\"width: 650px\" class=\"wp-caption alignnone\"><img loading=\"lazy\" decoding=\"async\" aria-describedby=\"caption-attachment-3080\" src=\"https:\/\/www.pierre-le-cycliste.fr\/wp-content\/uploads\/2024\/11\/20241110_131328.resized-1024x768.jpg\" alt=\"\" width=\"640\" height=\"480\" class=\"size-large wp-image-3080\" srcset=\"https:\/\/www.pierre-le-cycliste.fr\/wp-content\/uploads\/2024\/11\/20241110_131328.resized-1024x768.jpg 1024w, https:\/\/www.pierre-le-cycliste.fr\/wp-content\/uploads\/2024\/11\/20241110_131328.resized-300x225.jpg 300w, https:\/\/www.pierre-le-cycliste.fr\/wp-content\/uploads\/2024\/11\/20241110_131328.resized-768x576.jpg 768w, https:\/\/www.pierre-le-cycliste.fr\/wp-content\/uploads\/2024\/11\/20241110_131328.resized.jpg 1280w\" sizes=\"auto, (max-width: 640px) 100vw, 640px\" \/><p id=\"caption-attachment-3080\" class=\"wp-caption-text\">La statue du <a href=\"https:\/\/fr.wikipedia.org\/wiki\/Ferdinand_Foch\">Mar\u00e9chal Foch<\/a>, Ferdinand Foch, \u00e0 Bouchavesnes.<\/p><\/div>\n<div id=\"attachment_3081\" style=\"width: 650px\" class=\"wp-caption alignnone\"><img loading=\"lazy\" decoding=\"async\" aria-describedby=\"caption-attachment-3081\" src=\"https:\/\/www.pierre-le-cycliste.fr\/wp-content\/uploads\/2024\/11\/20241110_131343.resized-1024x768.jpg\" alt=\"\" width=\"640\" height=\"480\" class=\"size-large wp-image-3081\" srcset=\"https:\/\/www.pierre-le-cycliste.fr\/wp-content\/uploads\/2024\/11\/20241110_131343.resized-1024x768.jpg 1024w, https:\/\/www.pierre-le-cycliste.fr\/wp-content\/uploads\/2024\/11\/20241110_131343.resized-300x225.jpg 300w, https:\/\/www.pierre-le-cycliste.fr\/wp-content\/uploads\/2024\/11\/20241110_131343.resized-768x576.jpg 768w, https:\/\/www.pierre-le-cycliste.fr\/wp-content\/uploads\/2024\/11\/20241110_131343.resized.jpg 1280w\" sizes=\"auto, (max-width: 640px) 100vw, 640px\" \/><p id=\"caption-attachment-3081\" class=\"wp-caption-text\">La statue du <a href=\"https:\/\/fr.wikipedia.org\/wiki\/Ferdinand_Foch\">Mar\u00e9chal Foch<\/a>, Ferdinand Foch, \u00e0 Bouchavesnes.<\/p><\/div>\n<div id=\"attachment_3082\" style=\"width: 650px\" class=\"wp-caption alignnone\"><img loading=\"lazy\" decoding=\"async\" aria-describedby=\"caption-attachment-3082\" src=\"https:\/\/www.pierre-le-cycliste.fr\/wp-content\/uploads\/2024\/11\/20241110_133610.resized-1024x768.jpg\" alt=\"\" width=\"640\" height=\"480\" class=\"size-large wp-image-3082\" srcset=\"https:\/\/www.pierre-le-cycliste.fr\/wp-content\/uploads\/2024\/11\/20241110_133610.resized-1024x768.jpg 1024w, https:\/\/www.pierre-le-cycliste.fr\/wp-content\/uploads\/2024\/11\/20241110_133610.resized-300x225.jpg 300w, https:\/\/www.pierre-le-cycliste.fr\/wp-content\/uploads\/2024\/11\/20241110_133610.resized-768x576.jpg 768w, https:\/\/www.pierre-le-cycliste.fr\/wp-content\/uploads\/2024\/11\/20241110_133610.resized.jpg 1280w\" sizes=\"auto, (max-width: 640px) 100vw, 640px\" \/><p id=\"caption-attachment-3082\" class=\"wp-caption-text\">Le monument aux morts de&rsquo;Allaines.<\/p><\/div>\n<div id=\"attachment_3083\" style=\"width: 650px\" class=\"wp-caption alignnone\"><img loading=\"lazy\" decoding=\"async\" aria-describedby=\"caption-attachment-3083\" src=\"https:\/\/www.pierre-le-cycliste.fr\/wp-content\/uploads\/2024\/11\/20241110_134828.resized-1024x768.jpg\" alt=\"\" width=\"640\" height=\"480\" class=\"size-large wp-image-3083\" srcset=\"https:\/\/www.pierre-le-cycliste.fr\/wp-content\/uploads\/2024\/11\/20241110_134828.resized-1024x768.jpg 1024w, https:\/\/www.pierre-le-cycliste.fr\/wp-content\/uploads\/2024\/11\/20241110_134828.resized-300x225.jpg 300w, https:\/\/www.pierre-le-cycliste.fr\/wp-content\/uploads\/2024\/11\/20241110_134828.resized-768x576.jpg 768w, https:\/\/www.pierre-le-cycliste.fr\/wp-content\/uploads\/2024\/11\/20241110_134828.resized.jpg 1280w\" sizes=\"auto, (max-width: 640px) 100vw, 640px\" \/><p id=\"caption-attachment-3083\" class=\"wp-caption-text\">Le m\u00e9morial australien au Mont Saint Quentin \u00e0 P\u00e9ronne.<\/p><\/div>\n<div id=\"attachment_3084\" style=\"width: 650px\" class=\"wp-caption alignnone\"><img loading=\"lazy\" decoding=\"async\" aria-describedby=\"caption-attachment-3084\" src=\"https:\/\/www.pierre-le-cycliste.fr\/wp-content\/uploads\/2024\/11\/20241110_134948.resized-1024x768.jpg\" alt=\"\" width=\"640\" height=\"480\" class=\"size-large wp-image-3084\" srcset=\"https:\/\/www.pierre-le-cycliste.fr\/wp-content\/uploads\/2024\/11\/20241110_134948.resized-1024x768.jpg 1024w, https:\/\/www.pierre-le-cycliste.fr\/wp-content\/uploads\/2024\/11\/20241110_134948.resized-300x225.jpg 300w, https:\/\/www.pierre-le-cycliste.fr\/wp-content\/uploads\/2024\/11\/20241110_134948.resized-768x576.jpg 768w, https:\/\/www.pierre-le-cycliste.fr\/wp-content\/uploads\/2024\/11\/20241110_134948.resized.jpg 1280w\" sizes=\"auto, (max-width: 640px) 100vw, 640px\" \/><p id=\"caption-attachment-3084\" class=\"wp-caption-text\">Le m\u00e9morial australien au Mont Saint Quentin \u00e0 P\u00e9ronne.<\/p><\/div>\n<div id=\"attachment_3085\" style=\"width: 650px\" class=\"wp-caption alignnone\"><img loading=\"lazy\" decoding=\"async\" aria-describedby=\"caption-attachment-3085\" src=\"https:\/\/www.pierre-le-cycliste.fr\/wp-content\/uploads\/2024\/11\/20241110_140056.resized-1024x768.jpg\" alt=\"\" width=\"640\" height=\"480\" class=\"size-large wp-image-3085\" srcset=\"https:\/\/www.pierre-le-cycliste.fr\/wp-content\/uploads\/2024\/11\/20241110_140056.resized-1024x768.jpg 1024w, https:\/\/www.pierre-le-cycliste.fr\/wp-content\/uploads\/2024\/11\/20241110_140056.resized-300x225.jpg 300w, https:\/\/www.pierre-le-cycliste.fr\/wp-content\/uploads\/2024\/11\/20241110_140056.resized-768x576.jpg 768w, https:\/\/www.pierre-le-cycliste.fr\/wp-content\/uploads\/2024\/11\/20241110_140056.resized.jpg 1280w\" sizes=\"auto, (max-width: 640px) 100vw, 640px\" \/><p id=\"caption-attachment-3085\" class=\"wp-caption-text\">L&rsquo;H\u00f4tel de Ville de P\u00e9ronne.<\/p><\/div>\n<div id=\"attachment_3086\" style=\"width: 650px\" class=\"wp-caption alignnone\"><img loading=\"lazy\" decoding=\"async\" aria-describedby=\"caption-attachment-3086\" src=\"https:\/\/www.pierre-le-cycliste.fr\/wp-content\/uploads\/2024\/11\/20241110_140709.resized-1024x768.jpg\" alt=\"\" width=\"640\" height=\"480\" class=\"size-large wp-image-3086\" srcset=\"https:\/\/www.pierre-le-cycliste.fr\/wp-content\/uploads\/2024\/11\/20241110_140709.resized-1024x768.jpg 1024w, https:\/\/www.pierre-le-cycliste.fr\/wp-content\/uploads\/2024\/11\/20241110_140709.resized-300x225.jpg 300w, https:\/\/www.pierre-le-cycliste.fr\/wp-content\/uploads\/2024\/11\/20241110_140709.resized-768x576.jpg 768w, https:\/\/www.pierre-le-cycliste.fr\/wp-content\/uploads\/2024\/11\/20241110_140709.resized.jpg 1280w\" sizes=\"auto, (max-width: 640px) 100vw, 640px\" \/><p id=\"caption-attachment-3086\" class=\"wp-caption-text\">L&rsquo;historial de la Grand Guerre, dans le ch\u00e2teau de P\u00e9ronne.<\/p><\/div>\n<div id=\"attachment_3087\" style=\"width: 650px\" class=\"wp-caption alignnone\"><img loading=\"lazy\" decoding=\"async\" aria-describedby=\"caption-attachment-3087\" src=\"https:\/\/www.pierre-le-cycliste.fr\/wp-content\/uploads\/2024\/11\/20241110_142128.resized-768x1024.jpg\" alt=\"\" width=\"640\" height=\"853\" class=\"size-large wp-image-3087\" srcset=\"https:\/\/www.pierre-le-cycliste.fr\/wp-content\/uploads\/2024\/11\/20241110_142128.resized-768x1024.jpg 768w, https:\/\/www.pierre-le-cycliste.fr\/wp-content\/uploads\/2024\/11\/20241110_142128.resized-225x300.jpg 225w, https:\/\/www.pierre-le-cycliste.fr\/wp-content\/uploads\/2024\/11\/20241110_142128.resized-rotated.jpg 960w\" sizes=\"auto, (max-width: 640px) 100vw, 640px\" \/><p id=\"caption-attachment-3087\" class=\"wp-caption-text\">Publicit\u00e9 pour un ouvrage \u00ab\u00a0La psychologie du militaire\u00a0\u00bb. Avec son cheval, il \u00e9crase &#8230;<\/p><\/div>\n<div id=\"attachment_3088\" style=\"width: 650px\" class=\"wp-caption alignnone\"><img loading=\"lazy\" decoding=\"async\" aria-describedby=\"caption-attachment-3088\" src=\"https:\/\/www.pierre-le-cycliste.fr\/wp-content\/uploads\/2024\/11\/20241110_142244.resized-1024x768.jpg\" alt=\"\" width=\"640\" height=\"480\" class=\"size-large wp-image-3088\" srcset=\"https:\/\/www.pierre-le-cycliste.fr\/wp-content\/uploads\/2024\/11\/20241110_142244.resized-1024x768.jpg 1024w, https:\/\/www.pierre-le-cycliste.fr\/wp-content\/uploads\/2024\/11\/20241110_142244.resized-300x225.jpg 300w, https:\/\/www.pierre-le-cycliste.fr\/wp-content\/uploads\/2024\/11\/20241110_142244.resized-768x576.jpg 768w, https:\/\/www.pierre-le-cycliste.fr\/wp-content\/uploads\/2024\/11\/20241110_142244.resized.jpg 1280w\" sizes=\"auto, (max-width: 640px) 100vw, 640px\" \/><p id=\"caption-attachment-3088\" class=\"wp-caption-text\">Ouvrages exaltant la n\u00e9cessit\u00e9 de servir la patrie, disponibles en t\u00e9l\u00e9chargement sur le site de la BNF . \u00ab\u00a0<a href=\"https:\/\/gallica.bnf.fr\/ark:\/12148\/bpt6k1180635w\/f1.item\">le\u00e7ons patriotiques<br \/>d&rsquo;instruction et d&rsquo;\u00e9ducation<br \/>militaires<\/a>\u00ab\u00a0, \u00ab\u00a0<a href=\"https:\/\/gallica.bnf.fr\/ark:\/12148\/bpt6k54038383\">devoir et patrie<\/a>\u00ab\u00a0.<\/p><\/div>\n<div id=\"attachment_3089\" style=\"width: 650px\" class=\"wp-caption alignnone\"><img loading=\"lazy\" decoding=\"async\" aria-describedby=\"caption-attachment-3089\" src=\"https:\/\/www.pierre-le-cycliste.fr\/wp-content\/uploads\/2024\/11\/20241110_142451.resized-1024x768.jpg\" alt=\"\" width=\"640\" height=\"480\" class=\"size-large wp-image-3089\" srcset=\"https:\/\/www.pierre-le-cycliste.fr\/wp-content\/uploads\/2024\/11\/20241110_142451.resized-1024x768.jpg 1024w, https:\/\/www.pierre-le-cycliste.fr\/wp-content\/uploads\/2024\/11\/20241110_142451.resized-300x225.jpg 300w, https:\/\/www.pierre-le-cycliste.fr\/wp-content\/uploads\/2024\/11\/20241110_142451.resized-768x576.jpg 768w, https:\/\/www.pierre-le-cycliste.fr\/wp-content\/uploads\/2024\/11\/20241110_142451.resized.jpg 1280w\" sizes=\"auto, (max-width: 640px) 100vw, 640px\" \/><p id=\"caption-attachment-3089\" class=\"wp-caption-text\">Mouchoir d&rsquo;instruction militaire. Comment pr\u00e9senter ses effets pour la revue de d\u00e9tail !<\/p><\/div>\n<div id=\"attachment_3090\" style=\"width: 650px\" class=\"wp-caption alignnone\"><img loading=\"lazy\" decoding=\"async\" aria-describedby=\"caption-attachment-3090\" src=\"https:\/\/www.pierre-le-cycliste.fr\/wp-content\/uploads\/2024\/11\/20241110_142849.resized-768x1024.jpg\" alt=\"\" width=\"640\" height=\"853\" class=\"size-large wp-image-3090\" srcset=\"https:\/\/www.pierre-le-cycliste.fr\/wp-content\/uploads\/2024\/11\/20241110_142849.resized-768x1024.jpg 768w, https:\/\/www.pierre-le-cycliste.fr\/wp-content\/uploads\/2024\/11\/20241110_142849.resized-225x300.jpg 225w, https:\/\/www.pierre-le-cycliste.fr\/wp-content\/uploads\/2024\/11\/20241110_142849.resized-rotated.jpg 960w\" sizes=\"auto, (max-width: 640px) 100vw, 640px\" \/><p id=\"caption-attachment-3090\" class=\"wp-caption-text\">L&rsquo;as de carreau. Le sac \u00e0 dos du soldat. Rempli, il p\u00e8se 30 kilos. Pour la charge totale du soldat, il faut rajouter, a minima, le fusil.<\/p><\/div>\n<div id=\"attachment_3091\" style=\"width: 650px\" class=\"wp-caption alignnone\"><img loading=\"lazy\" decoding=\"async\" aria-describedby=\"caption-attachment-3091\" src=\"https:\/\/www.pierre-le-cycliste.fr\/wp-content\/uploads\/2024\/11\/20241110_144227.resized-768x1024.jpg\" alt=\"\" width=\"640\" height=\"853\" class=\"size-large wp-image-3091\" srcset=\"https:\/\/www.pierre-le-cycliste.fr\/wp-content\/uploads\/2024\/11\/20241110_144227.resized-768x1024.jpg 768w, https:\/\/www.pierre-le-cycliste.fr\/wp-content\/uploads\/2024\/11\/20241110_144227.resized-225x300.jpg 225w, https:\/\/www.pierre-le-cycliste.fr\/wp-content\/uploads\/2024\/11\/20241110_144227.resized-rotated.jpg 960w\" sizes=\"auto, (max-width: 640px) 100vw, 640px\" \/><p id=\"caption-attachment-3091\" class=\"wp-caption-text\">L&rsquo;as de carreau charg\u00e9. Je reconnais sur le dessus du sac, la demi-toile de tente, le poteau en 2 morceaux embo\u00eetable. Avec deux soldats, on a une tente enti\u00e8re. Ce mod\u00e8le \u00e9tait encore en vigueur quand j&rsquo;ai fait mes classes au 6e r\u00e9giment du G\u00e9nie \u00e0 Angers en octobre 1974 ! J&rsquo;ai dormi dessous, m\u00eame qu&rsquo;un inscete avait eu la mauvaise id\u00e9e de s&rsquo;introduire dans mon oreille, et je l&rsquo;entendais vrombir. L&rsquo;infirmerie m&rsquo;avait fait un rin\u00e7age d&rsquo;oreille. Efficace !<\/p><\/div>\n<div id=\"attachment_3092\" style=\"width: 650px\" class=\"wp-caption alignnone\"><img loading=\"lazy\" decoding=\"async\" aria-describedby=\"caption-attachment-3092\" src=\"https:\/\/www.pierre-le-cycliste.fr\/wp-content\/uploads\/2024\/11\/20241110_151008.resized-1024x768.jpg\" alt=\"\" width=\"640\" height=\"480\" class=\"size-large wp-image-3092\" srcset=\"https:\/\/www.pierre-le-cycliste.fr\/wp-content\/uploads\/2024\/11\/20241110_151008.resized-1024x768.jpg 1024w, https:\/\/www.pierre-le-cycliste.fr\/wp-content\/uploads\/2024\/11\/20241110_151008.resized-300x225.jpg 300w, https:\/\/www.pierre-le-cycliste.fr\/wp-content\/uploads\/2024\/11\/20241110_151008.resized-768x576.jpg 768w, https:\/\/www.pierre-le-cycliste.fr\/wp-content\/uploads\/2024\/11\/20241110_151008.resized.jpg 1280w\" sizes=\"auto, (max-width: 640px) 100vw, 640px\" \/><p id=\"caption-attachment-3092\" class=\"wp-caption-text\">Le v\u00e9lo pliant qui a \u00e9quip\u00e9 les cyclistes de l&rsquo;infanterie. Presque un Brompton ! En 1913 dix bataillons de 400 chasseurs cyclistes furent cr\u00e9\u00e9s. V\u00e9ritable atout face au cheval, la bicyclette G\u00e9rard pouvait se porter repli\u00e9e sur le dos avec des bretelles, ne g\u00eanait pas au tir debout. <a href=\"http:\/\/www.velo-design.com\/bicyclette-pliante-capitaine-gerard\/\">Article \u00e0 lire<\/a>.<\/p><\/div>\n<div id=\"attachment_3093\" style=\"width: 650px\" class=\"wp-caption alignnone\"><img loading=\"lazy\" decoding=\"async\" aria-describedby=\"caption-attachment-3093\" src=\"https:\/\/www.pierre-le-cycliste.fr\/wp-content\/uploads\/2024\/11\/20241110_153958.resized-1024x768.jpg\" alt=\"\" width=\"640\" height=\"480\" class=\"size-large wp-image-3093\" srcset=\"https:\/\/www.pierre-le-cycliste.fr\/wp-content\/uploads\/2024\/11\/20241110_153958.resized-1024x768.jpg 1024w, https:\/\/www.pierre-le-cycliste.fr\/wp-content\/uploads\/2024\/11\/20241110_153958.resized-300x225.jpg 300w, https:\/\/www.pierre-le-cycliste.fr\/wp-content\/uploads\/2024\/11\/20241110_153958.resized-768x576.jpg 768w, https:\/\/www.pierre-le-cycliste.fr\/wp-content\/uploads\/2024\/11\/20241110_153958.resized.jpg 1280w\" sizes=\"auto, (max-width: 640px) 100vw, 640px\" \/><p id=\"caption-attachment-3093\" class=\"wp-caption-text\">Le monument aux morts de P\u00e9ronne.<\/p><\/div>\n<div id=\"attachment_3094\" style=\"width: 650px\" class=\"wp-caption alignnone\"><img loading=\"lazy\" decoding=\"async\" aria-describedby=\"caption-attachment-3094\" src=\"https:\/\/www.pierre-le-cycliste.fr\/wp-content\/uploads\/2024\/11\/20241110_154027.resized-1024x768.jpg\" alt=\"\" width=\"640\" height=\"480\" class=\"size-large wp-image-3094\" srcset=\"https:\/\/www.pierre-le-cycliste.fr\/wp-content\/uploads\/2024\/11\/20241110_154027.resized-1024x768.jpg 1024w, https:\/\/www.pierre-le-cycliste.fr\/wp-content\/uploads\/2024\/11\/20241110_154027.resized-300x225.jpg 300w, https:\/\/www.pierre-le-cycliste.fr\/wp-content\/uploads\/2024\/11\/20241110_154027.resized-768x576.jpg 768w, https:\/\/www.pierre-le-cycliste.fr\/wp-content\/uploads\/2024\/11\/20241110_154027.resized.jpg 1280w\" sizes=\"auto, (max-width: 640px) 100vw, 640px\" \/><p id=\"caption-attachment-3094\" class=\"wp-caption-text\">D\u00e9tail sur le monument aux morts de P\u00e9ronne.<\/p><\/div>\n<div id=\"attachment_3095\" style=\"width: 650px\" class=\"wp-caption alignnone\"><img loading=\"lazy\" decoding=\"async\" aria-describedby=\"caption-attachment-3095\" src=\"https:\/\/www.pierre-le-cycliste.fr\/wp-content\/uploads\/2024\/11\/20241110_154054.resized-1024x768.jpg\" alt=\"\" width=\"640\" height=\"480\" class=\"size-large wp-image-3095\" srcset=\"https:\/\/www.pierre-le-cycliste.fr\/wp-content\/uploads\/2024\/11\/20241110_154054.resized-1024x768.jpg 1024w, https:\/\/www.pierre-le-cycliste.fr\/wp-content\/uploads\/2024\/11\/20241110_154054.resized-300x225.jpg 300w, https:\/\/www.pierre-le-cycliste.fr\/wp-content\/uploads\/2024\/11\/20241110_154054.resized-768x576.jpg 768w, https:\/\/www.pierre-le-cycliste.fr\/wp-content\/uploads\/2024\/11\/20241110_154054.resized.jpg 1280w\" sizes=\"auto, (max-width: 640px) 100vw, 640px\" \/><p id=\"caption-attachment-3095\" class=\"wp-caption-text\">D\u00e9tail sur le monument aux morts de P\u00e9ronne. Curieux m\u00e9lange<\/p><\/div>\n","protected":false},"excerpt":{"rendered":"<p>Particuli\u00e8rement bel itin\u00e9raire aujourd&rsquo;hui, et toujours en pleine nature avec z\u00e9ro circulation. Journ\u00e9e plus douce qu&rsquo;hier, la temp\u00e9rature serait pass\u00e9e de 9\u00b0 \u00e0 12\u00b0, journ\u00e9e s\u00e8che, plus lumineuse, j&rsquo;ai presque failli voir le soleil, et la lumi\u00e8re cela fait vraiment &hellip; <a href=\"https:\/\/www.pierre-le-cycliste.fr\/index.php\/2024\/11\/10\/guerre-14-18-jour-4-albert-vallee-de-la-somme-peronne-62-km\/\">Continuer la lecture <span class=\"meta-nav\">&rarr;<\/span><\/a><\/p>\n","protected":false},"author":1,"featured_media":0,"comment_status":"open","ping_status":"open","sticky":false,"template":"","format":"standard","meta":{"footnotes":""},"categories":[1],"tags":[],"class_list":["post-3096","post","type-post","status-publish","format-standard","hentry","category-non-classe"],"_links":{"self":[{"href":"https:\/\/www.pierre-le-cycliste.fr\/index.php\/wp-json\/wp\/v2\/posts\/3096","targetHints":{"allow":["GET"]}}],"collection":[{"href":"https:\/\/www.pierre-le-cycliste.fr\/index.php\/wp-json\/wp\/v2\/posts"}],"about":[{"href":"https:\/\/www.pierre-le-cycliste.fr\/index.php\/wp-json\/wp\/v2\/types\/post"}],"author":[{"embeddable":true,"href":"https:\/\/www.pierre-le-cycliste.fr\/index.php\/wp-json\/wp\/v2\/users\/1"}],"replies":[{"embeddable":true,"href":"https:\/\/www.pierre-le-cycliste.fr\/index.php\/wp-json\/wp\/v2\/comments?post=3096"}],"version-history":[{"count":4,"href":"https:\/\/www.pierre-le-cycliste.fr\/index.php\/wp-json\/wp\/v2\/posts\/3096\/revisions"}],"predecessor-version":[{"id":3100,"href":"https:\/\/www.pierre-le-cycliste.fr\/index.php\/wp-json\/wp\/v2\/posts\/3096\/revisions\/3100"}],"wp:attachment":[{"href":"https:\/\/www.pierre-le-cycliste.fr\/index.php\/wp-json\/wp\/v2\/media?parent=3096"}],"wp:term":[{"taxonomy":"category","embeddable":true,"href":"https:\/\/www.pierre-le-cycliste.fr\/index.php\/wp-json\/wp\/v2\/categories?post=3096"},{"taxonomy":"post_tag","embeddable":true,"href":"https:\/\/www.pierre-le-cycliste.fr\/index.php\/wp-json\/wp\/v2\/tags?post=3096"}],"curies":[{"name":"wp","href":"https:\/\/api.w.org\/{rel}","templated":true}]}}