{"id":3206,"date":"2024-11-12T21:25:01","date_gmt":"2024-11-12T20:25:01","guid":{"rendered":"https:\/\/www.pierre-le-cycliste.fr\/?p=3206"},"modified":"2025-05-14T15:53:53","modified_gmt":"2025-05-14T13:53:53","slug":"guerre-14-18-jour-6-saint-quentin-laon-75-km","status":"publish","type":"post","link":"https:\/\/www.pierre-le-cycliste.fr\/index.php\/2024\/11\/12\/guerre-14-18-jour-6-saint-quentin-laon-75-km\/","title":{"rendered":"Guerre 14-18 &#8211; jour  6 &#8211; Saint Quentin &#8211; Laon &#8211; 75 km"},"content":{"rendered":"<p>Premi\u00e8re \u00e9tape o\u00f9 je suis vraiment sur les traces de mon grand-p\u00e8re Fernand, presque sur la fin de la guerre.<\/p>\n<p>D\u00e9but avril 2018, la 60e division d&rsquo;infanterie qui int\u00e8gre la compagnie 10\/13 du 6e r\u00e9giment du G\u00e9nie auquel appartient Fernand, est d\u00e9barqu\u00e9e \u00e0 La Croix de Saint Ouen, petite localit\u00e9 au sud de Compi\u00e8gne, et progressivement, jusqu&rsquo;au 9 ao\u00fbt 1918, sa compagnie va se d\u00e9placer et effectuer des travaux de G\u00e9nie, travaux de tranch\u00e9es et de r\u00e9parations de route, construction d\u2019abris dans le secteur de Mong\u00e9rain, Cr\u00e8vecoeur le Petit, Welles-Perennes, Faverolles, Armancourt<\/p>\n<div id=\"attachment_3213\" style=\"width: 650px\" class=\"wp-caption alignnone\"><img loading=\"lazy\" decoding=\"async\" aria-describedby=\"caption-attachment-3213\" class=\"size-large wp-image-3213\" src=\"https:\/\/www.pierre-le-cycliste.fr\/wp-content\/uploads\/2024\/11\/05-Journal-de-marche-1024x608.jpg\" alt=\"\" width=\"640\" height=\"380\" srcset=\"https:\/\/www.pierre-le-cycliste.fr\/wp-content\/uploads\/2024\/11\/05-Journal-de-marche-1024x608.jpg 1024w, https:\/\/www.pierre-le-cycliste.fr\/wp-content\/uploads\/2024\/11\/05-Journal-de-marche-300x178.jpg 300w, https:\/\/www.pierre-le-cycliste.fr\/wp-content\/uploads\/2024\/11\/05-Journal-de-marche-768x456.jpg 768w, https:\/\/www.pierre-le-cycliste.fr\/wp-content\/uploads\/2024\/11\/05-Journal-de-marche.jpg 1047w\" sizes=\"auto, (max-width: 640px) 100vw, 640px\" \/><p id=\"caption-attachment-3213\" class=\"wp-caption-text\">En bleu, le transfert de La Cardine \u00e0 Vadenay \u00e0 pied ,<br \/>En vert, le trajet en train de Vadenay \u00e0 La Croix de Saint Ouen<br \/>En rouge, la progression en faisant reculer les Allemands jusqu\u2019au franchissement de l\u2019Oise \u00e0 Neuvilette<br \/>En bleu, la mise au repos \u00e0 Caply<\/p><\/div>\n<p>A partir du 10 ao\u00fbt, c&rsquo;est la marche en avant pour faire reculer les Allemands.<\/p>\n<p>Les 10 et 11 octobre, la compagnie avance jusqu\u2019\u00e0 Neuvilette et Bernot. \u00ab Au prix de pertes<br \/>\ncruelles, une passerelle est lanc\u00e9e sur l\u2019Oise et le canal en face de la Neuvilette \u00bb.<\/p>\n<p>Le 21 octobre, Fernand, qui a fait son service militaire au 6e G\u00e9nie d&rsquo;Angers comme musicien et qui le dit lui-m\u00eame est \u00ab\u00a0tr\u00e8s peu militaire\u00a0\u00bb, qui a \u00e9t\u00e9 mobilis\u00e9 en tant que brancardier d\u00e8s le d\u00e9but de la guerre le 2 ao\u00fbt 1914, qui est devenu sapeur-mineur, probablement par choix, en juin 1916, est nomm\u00e9 caporal. Probablement \u00e0 la suite des pertes cruelles pour franchir l&rsquo;Oise \u00e0 Neuvillette, deux caporaux sont pass\u00e9s sergent, deux nouveaux caporaux sont nomm\u00e9s.<\/p>\n<p>Mais ce n&rsquo;est probablement pas la seule raison, le 8 novembre 1918, Fernand est cit\u00e9 \u00e0 l&rsquo;ordre de la 60e Division avec entre autres mentions \u00ab\u00a0S\u2019est distingu\u00e9 particuli\u00e8rement pendant les op\u00e9rations de franchissement de l\u2019Oise, le 10 et 11 octobre 1918\u00a0\u00bb.<\/p>\n<p>Voil\u00e0 ce que dit Fernand sur ces journ\u00e9es d&rsquo;octobre dans une lettre dat\u00e9e du 13 octobre 1918 :<\/p>\n<p><em>\u00ab\u00a0Mes chers parents<\/em><br \/>\n<em>Il faut r\u00e9ellement que je fasse effort sur moi-m\u00eame et r\u00e9cup\u00e9rer tout mon reste de courage pour venir griffonner quelques lignes. Depuis trois jours j\u2019ai v\u00e9cu des heures qui resteront je le crois mes plus dures de la guerre. M\u00eame \u00e0 Verdun je crois nous n\u2019avons eu \u00e0 donner un effort semblable. C\u2019est vraiment demander \u00e0 des hommes le maximum de ce qu\u2019il peuvent donner. Je suis litt\u00e9ralement \u00e9reint\u00e9 et abruti.<\/em><br \/>\n<em>Nous voil\u00e0 pourtant depuis ce matin au repos quoique tr\u00e8s peu distant encore des lignes et au milieu de la plaine, sans abri. A part cela je vais bien et il suffirait de quelques jours de repos \u00e0 l\u2019arri\u00e8re pour me remettre dispos. Donc tout va bien.<\/em><br \/>\n<em>J\u2019ai bien re\u00e7u la derni\u00e8re lettre de maman et le colis beurre dont je vous remercie.<\/em><br \/>\n<em>Je vous embrasse<\/em><br \/>\n<em>Fernand\u00a0\u00bb<\/em><\/p>\n<p>et dans sa lettre du 22 octobre 1918 :<\/p>\n<p><em>\u00ab\u00a0Mes chers parents<\/em><br \/>\n<em>Nous voil\u00e0 arriv\u00e9s au repos pour tout de bon cette fois. Sera-t-ce pour une longue dur\u00e9e je n\u2019ose le pr\u00e9dire, mais enfin nous jouissons pour l\u2019heure du calme et de la qui\u00e9tude dont nous avons un r\u00e9el besoin.Nous sommes \u00e0 au moins 80 km des boches dans un petit pays de l\u2019Oise et le son du canon ne nous y parvient pas.<\/em><br \/>\n<em>Ce furent vraiment des journ\u00e9es terribles que les derni\u00e8res que nous avons pass\u00e9es dans l\u2019Aisne. Le \u00abPetit Journal\u00bb du 20 ou 19 donne en premi\u00e8re page un r\u00e9cit assez bien r\u00e9el de cet \u00e9pisode de guerre sous le titre \u00ab\u00a0comment une division r\u00e9ussit \u00e0 franchir l\u2019Oise\u00a0\u00bb. Ce fut tr\u00e8s tr\u00e8s dur et le souvenir de ces journ\u00e9es l\u00e0 nous restera en m\u00e9moire notre vie enti\u00e8re. H\u00e9las\u00a0!<\/em><br \/>\n<em>Le plus malheureux est que dix d\u2019entre nous sont rest\u00e9s l\u00e0-bas. Je vous ai dit l\u2019autre jour comment presque en repos et une heure avant de partir un abri sauta et engloutit quatre des n\u00f4tres qui avaient eu la chance d\u2019\u00e9chapper au plus grand danger.<\/em><br \/>\n<em>Je puis dire que j\u2019ai de la chance de passer ainsi toujours \u00e0 travers.<\/em><br \/>\n<em>Enfin pour l\u2019instant toujours vous pouvez \u00eatre tranquille sur mon sort. Nous sommes en s\u00fbret\u00e9 et presque heureux. Nous avons eu la veine de tomber chez une brave bonne femme qui nous fait la cuisine et nous mangeons tous comme des ogres.<\/em><br \/>\n<em>Par exemple tout est tr\u00e8s bon march\u00e9. Le vin 2F90 le litre et le reste \u00e0 l\u2019avenant. Nous venons de faire un bon march\u00e9. Une oie 0F75. Je suis \u00e9tonn\u00e9 du bon march\u00e9. Nous sommes 11. Cela va nous faire un grand repas demain. Arros\u00e9 suffisamment de pinard cela passera je crois.<\/em><br \/>\n<em>Que voulez vous, il faut vraiment se donner du bon temps quand on peut car vraiment ce sont les moments mauvais qui sont les plus nombreux.<\/em><br \/>\n<em>Je vais t\u00e2cher de vous \u00e9crire demain puisque maintenant j\u2019ai tout mon temps.<\/em><br \/>\n<em>Je vous embrasse<\/em><br \/>\n<em>Fernand\u00a0\u00bb<\/em><\/p>\n<p>&nbsp;<\/p>\n<p><img loading=\"lazy\" decoding=\"async\" class=\"alignnone size-full wp-image-3207\" src=\"https:\/\/www.pierre-le-cycliste.fr\/wp-content\/uploads\/2024\/11\/Passage-de-lOise.jpg\" alt=\"\" width=\"363\" height=\"992\" srcset=\"https:\/\/www.pierre-le-cycliste.fr\/wp-content\/uploads\/2024\/11\/Passage-de-lOise.jpg 363w, https:\/\/www.pierre-le-cycliste.fr\/wp-content\/uploads\/2024\/11\/Passage-de-lOise-110x300.jpg 110w\" sizes=\"auto, (max-width: 363px) 100vw, 363px\" \/><\/p>\n<p>Ce matin je quitte donc Saint Quentin \u00e0 7h50 avec pour objectif d&rsquo;aller d\u00e9couvrir Bernot et Neuvilette.<\/p>\n<p>Sortie de Saint Quentin par 7 kilom\u00e8tres de route importante, mais un peu in\u00e9vitable sans vouloir se rallonger excessivement.<\/p>\n<p>Belle petite route bien vallonn\u00e9e ensuite pour rejoindre Bernot, puis Neuvilette.<\/p>\n<p><img loading=\"lazy\" decoding=\"async\" class=\"alignnone size-large wp-image-3216\" src=\"https:\/\/www.pierre-le-cycliste.fr\/wp-content\/uploads\/2024\/11\/Bernot-Neuvilette-1024x432.jpg\" alt=\"\" width=\"640\" height=\"270\" srcset=\"https:\/\/www.pierre-le-cycliste.fr\/wp-content\/uploads\/2024\/11\/Bernot-Neuvilette-1024x432.jpg 1024w, https:\/\/www.pierre-le-cycliste.fr\/wp-content\/uploads\/2024\/11\/Bernot-Neuvilette-300x127.jpg 300w, https:\/\/www.pierre-le-cycliste.fr\/wp-content\/uploads\/2024\/11\/Bernot-Neuvilette-768x324.jpg 768w, https:\/\/www.pierre-le-cycliste.fr\/wp-content\/uploads\/2024\/11\/Bernot-Neuvilette.jpg 1273w\" sizes=\"auto, (max-width: 640px) 100vw, 640px\" \/><\/p>\n<p>Dans ces deux villages, \u00e0 part le monument aux morts, rien pour rappeler la guerre de 14.<\/p>\n<p>A Bernot, je vais jusqu&rsquo;au canal, sans aller jusqu&rsquo;\u00e0 l&rsquo;Oise.<\/p>\n<p>A Neuvillette, je prends la petite route pour rejoindre Origny Sainte Beno\u00eete, traversant successivement le petite canal du Moulin (un ruisseau), le canal de la Sambre \u00e0 l&rsquo;Oise, puis l&rsquo;Oise en arrivant \u00e0 Origny.<\/p>\n<p>Tout ce coin est un vaste marais, mais si je comprends bien tout ce que j&rsquo;ai pu lire c&rsquo;est bien par cette petite route que la 60e Division a gagn\u00e9 de haute lutte le village d&rsquo;Origny.<\/p>\n<p>Mais j&rsquo;ai un doute quand je vois la configuration du terrain. Le terrain para\u00eet plus facile en prenant par le pont sur D13, pont qui \u00e9tait probablement d\u00e9truit, mais de part et d&rsquo;autre du pont, le terrain parait moins mar\u00e9cageux. Mais ce point \u00e9tait peut-\u00eatre plus facile \u00e0 d\u00e9fendre par les Allemands et difficile \u00e0 attaquer par les Fran\u00e7ais.<\/p>\n<p>Je reprends ma route, et ce soir, je constate que je me suis tromp\u00e9 lors de l&rsquo;\u00e9laboration de ma trace. En fait, c&rsquo;\u00e9tait un brouillon pour \u00e9tudier la faisabilit\u00e9 de faire Saint Quentin \u00e0 Laon via Neuvilette en une \u00e9tape, et j&rsquo;ai oubli\u00e9 de revenir dessus. et je me suis tap\u00e9 24 kilom\u00e8tres de grande route un peu p\u00e9nible, heureusement par vent arri\u00e8re, alors que pour 3-4 km de plus, j&rsquo;aurai eu un itin\u00e9raire beaucoup plus tranquille et pas plus de d\u00e9nivel\u00e9.<\/p>\n<p>J&rsquo;arrive vers 14h \u00e0 Laon et prend largement le temps de visiter la ville apr\u00e8s y \u00eatre mont\u00e9 par 400 m\u00e8tre d&rsquo;une bonne rampe \u00e0 12 %. Cela m&rsquo;a permis d&rsquo;inaugurer ma plus petite vitesse et j&rsquo;arrive bien en haut.<\/p>\n<div id=\"attachment_3158\" style=\"width: 650px\" class=\"wp-caption alignnone\"><img loading=\"lazy\" decoding=\"async\" aria-describedby=\"caption-attachment-3158\" class=\"size-large wp-image-3158\" src=\"https:\/\/www.pierre-le-cycliste.fr\/wp-content\/uploads\/2024\/11\/20241112_085458.resized-1024x768.jpg\" alt=\"\" width=\"640\" height=\"480\" srcset=\"https:\/\/www.pierre-le-cycliste.fr\/wp-content\/uploads\/2024\/11\/20241112_085458.resized-1024x768.jpg 1024w, https:\/\/www.pierre-le-cycliste.fr\/wp-content\/uploads\/2024\/11\/20241112_085458.resized-300x225.jpg 300w, https:\/\/www.pierre-le-cycliste.fr\/wp-content\/uploads\/2024\/11\/20241112_085458.resized-768x576.jpg 768w, https:\/\/www.pierre-le-cycliste.fr\/wp-content\/uploads\/2024\/11\/20241112_085458.resized.jpg 1280w\" sizes=\"auto, (max-width: 640px) 100vw, 640px\" \/><p id=\"caption-attachment-3158\" class=\"wp-caption-text\">Arriv\u00e9e sur Bernot.<\/p><\/div>\n<div id=\"attachment_3159\" style=\"width: 650px\" class=\"wp-caption alignnone\"><img loading=\"lazy\" decoding=\"async\" aria-describedby=\"caption-attachment-3159\" class=\"size-large wp-image-3159\" src=\"https:\/\/www.pierre-le-cycliste.fr\/wp-content\/uploads\/2024\/11\/20241112_085510.resized-1024x768.jpg\" alt=\"\" width=\"640\" height=\"480\" srcset=\"https:\/\/www.pierre-le-cycliste.fr\/wp-content\/uploads\/2024\/11\/20241112_085510.resized-1024x768.jpg 1024w, https:\/\/www.pierre-le-cycliste.fr\/wp-content\/uploads\/2024\/11\/20241112_085510.resized-300x225.jpg 300w, https:\/\/www.pierre-le-cycliste.fr\/wp-content\/uploads\/2024\/11\/20241112_085510.resized-768x576.jpg 768w, https:\/\/www.pierre-le-cycliste.fr\/wp-content\/uploads\/2024\/11\/20241112_085510.resized.jpg 1280w\" sizes=\"auto, (max-width: 640px) 100vw, 640px\" \/><p id=\"caption-attachment-3159\" class=\"wp-caption-text\">Bernot<\/p><\/div>\n<div id=\"attachment_3160\" style=\"width: 650px\" class=\"wp-caption alignnone\"><img loading=\"lazy\" decoding=\"async\" aria-describedby=\"caption-attachment-3160\" class=\"size-large wp-image-3160\" src=\"https:\/\/www.pierre-le-cycliste.fr\/wp-content\/uploads\/2024\/11\/20241112_090255.resized-1024x768.jpg\" alt=\"\" width=\"640\" height=\"480\" srcset=\"https:\/\/www.pierre-le-cycliste.fr\/wp-content\/uploads\/2024\/11\/20241112_090255.resized-1024x768.jpg 1024w, https:\/\/www.pierre-le-cycliste.fr\/wp-content\/uploads\/2024\/11\/20241112_090255.resized-300x225.jpg 300w, https:\/\/www.pierre-le-cycliste.fr\/wp-content\/uploads\/2024\/11\/20241112_090255.resized-768x576.jpg 768w, https:\/\/www.pierre-le-cycliste.fr\/wp-content\/uploads\/2024\/11\/20241112_090255.resized.jpg 1280w\" sizes=\"auto, (max-width: 640px) 100vw, 640px\" \/><p id=\"caption-attachment-3160\" class=\"wp-caption-text\">Abribus \u00e0 Bernot.<\/p><\/div>\n<div id=\"attachment_3161\" style=\"width: 650px\" class=\"wp-caption alignnone\"><img loading=\"lazy\" decoding=\"async\" aria-describedby=\"caption-attachment-3161\" src=\"https:\/\/www.pierre-le-cycliste.fr\/wp-content\/uploads\/2024\/11\/20241112_090553.resized-1024x768.jpg\" alt=\"\" width=\"640\" height=\"480\" class=\"size-large wp-image-3161\" srcset=\"https:\/\/www.pierre-le-cycliste.fr\/wp-content\/uploads\/2024\/11\/20241112_090553.resized-1024x768.jpg 1024w, https:\/\/www.pierre-le-cycliste.fr\/wp-content\/uploads\/2024\/11\/20241112_090553.resized-300x225.jpg 300w, https:\/\/www.pierre-le-cycliste.fr\/wp-content\/uploads\/2024\/11\/20241112_090553.resized-768x576.jpg 768w, https:\/\/www.pierre-le-cycliste.fr\/wp-content\/uploads\/2024\/11\/20241112_090553.resized.jpg 1280w\" sizes=\"auto, (max-width: 640px) 100vw, 640px\" \/><p id=\"caption-attachment-3161\" class=\"wp-caption-text\">Bernot<\/p><\/div>\n<div id=\"attachment_3162\" style=\"width: 650px\" class=\"wp-caption alignnone\"><img loading=\"lazy\" decoding=\"async\" aria-describedby=\"caption-attachment-3162\" class=\"size-large wp-image-3162\" src=\"https:\/\/www.pierre-le-cycliste.fr\/wp-content\/uploads\/2024\/11\/20241112_090618.resized-768x1024.jpg\" alt=\"\" width=\"640\" height=\"853\" srcset=\"https:\/\/www.pierre-le-cycliste.fr\/wp-content\/uploads\/2024\/11\/20241112_090618.resized-768x1024.jpg 768w, https:\/\/www.pierre-le-cycliste.fr\/wp-content\/uploads\/2024\/11\/20241112_090618.resized-225x300.jpg 225w, https:\/\/www.pierre-le-cycliste.fr\/wp-content\/uploads\/2024\/11\/20241112_090618.resized-rotated.jpg 960w\" sizes=\"auto, (max-width: 640px) 100vw, 640px\" \/><p id=\"caption-attachment-3162\" class=\"wp-caption-text\">Bernot<\/p><\/div>\n<div id=\"attachment_3163\" style=\"width: 650px\" class=\"wp-caption alignnone\"><img loading=\"lazy\" decoding=\"async\" aria-describedby=\"caption-attachment-3163\" class=\"size-large wp-image-3163\" src=\"https:\/\/www.pierre-le-cycliste.fr\/wp-content\/uploads\/2024\/11\/20241112_090636.resized-1024x768.jpg\" alt=\"\" width=\"640\" height=\"480\" srcset=\"https:\/\/www.pierre-le-cycliste.fr\/wp-content\/uploads\/2024\/11\/20241112_090636.resized-1024x768.jpg 1024w, https:\/\/www.pierre-le-cycliste.fr\/wp-content\/uploads\/2024\/11\/20241112_090636.resized-300x225.jpg 300w, https:\/\/www.pierre-le-cycliste.fr\/wp-content\/uploads\/2024\/11\/20241112_090636.resized-768x576.jpg 768w, https:\/\/www.pierre-le-cycliste.fr\/wp-content\/uploads\/2024\/11\/20241112_090636.resized.jpg 1280w\" sizes=\"auto, (max-width: 640px) 100vw, 640px\" \/><p id=\"caption-attachment-3163\" class=\"wp-caption-text\">Bernot<\/p><\/div>\n<div id=\"attachment_3164\" style=\"width: 650px\" class=\"wp-caption alignnone\"><img loading=\"lazy\" decoding=\"async\" aria-describedby=\"caption-attachment-3164\" class=\"size-large wp-image-3164\" src=\"https:\/\/www.pierre-le-cycliste.fr\/wp-content\/uploads\/2024\/11\/20241112_091210.resized-1024x768.jpg\" alt=\"\" width=\"640\" height=\"480\" srcset=\"https:\/\/www.pierre-le-cycliste.fr\/wp-content\/uploads\/2024\/11\/20241112_091210.resized-1024x768.jpg 1024w, https:\/\/www.pierre-le-cycliste.fr\/wp-content\/uploads\/2024\/11\/20241112_091210.resized-300x225.jpg 300w, https:\/\/www.pierre-le-cycliste.fr\/wp-content\/uploads\/2024\/11\/20241112_091210.resized-768x576.jpg 768w, https:\/\/www.pierre-le-cycliste.fr\/wp-content\/uploads\/2024\/11\/20241112_091210.resized.jpg 1280w\" sizes=\"auto, (max-width: 640px) 100vw, 640px\" \/><p id=\"caption-attachment-3164\" class=\"wp-caption-text\">Canal du Moulin \u00e0 Bernot.<\/p><\/div>\n<div id=\"attachment_3165\" style=\"width: 650px\" class=\"wp-caption alignnone\"><img loading=\"lazy\" decoding=\"async\" aria-describedby=\"caption-attachment-3165\" class=\"size-large wp-image-3165\" src=\"https:\/\/www.pierre-le-cycliste.fr\/wp-content\/uploads\/2024\/11\/20241112_091435.resized-1024x768.jpg\" alt=\"\" width=\"640\" height=\"480\" srcset=\"https:\/\/www.pierre-le-cycliste.fr\/wp-content\/uploads\/2024\/11\/20241112_091435.resized-1024x768.jpg 1024w, https:\/\/www.pierre-le-cycliste.fr\/wp-content\/uploads\/2024\/11\/20241112_091435.resized-300x225.jpg 300w, https:\/\/www.pierre-le-cycliste.fr\/wp-content\/uploads\/2024\/11\/20241112_091435.resized-768x576.jpg 768w, https:\/\/www.pierre-le-cycliste.fr\/wp-content\/uploads\/2024\/11\/20241112_091435.resized.jpg 1280w\" sizes=\"auto, (max-width: 640px) 100vw, 640px\" \/><p id=\"caption-attachment-3165\" class=\"wp-caption-text\">Canal de la Sambre \u00e0 l&rsquo;Oise \u00e0 Bernot.<\/p><\/div>\n<div id=\"attachment_3166\" style=\"width: 650px\" class=\"wp-caption alignnone\"><img loading=\"lazy\" decoding=\"async\" aria-describedby=\"caption-attachment-3166\" class=\"size-large wp-image-3166\" src=\"https:\/\/www.pierre-le-cycliste.fr\/wp-content\/uploads\/2024\/11\/20241112_091507.resized-1024x768.jpg\" alt=\"\" width=\"640\" height=\"480\" srcset=\"https:\/\/www.pierre-le-cycliste.fr\/wp-content\/uploads\/2024\/11\/20241112_091507.resized-1024x768.jpg 1024w, https:\/\/www.pierre-le-cycliste.fr\/wp-content\/uploads\/2024\/11\/20241112_091507.resized-300x225.jpg 300w, https:\/\/www.pierre-le-cycliste.fr\/wp-content\/uploads\/2024\/11\/20241112_091507.resized-768x576.jpg 768w, https:\/\/www.pierre-le-cycliste.fr\/wp-content\/uploads\/2024\/11\/20241112_091507.resized.jpg 1280w\" sizes=\"auto, (max-width: 640px) 100vw, 640px\" \/><p id=\"caption-attachment-3166\" class=\"wp-caption-text\">Canal de la Sambre \u00e0 l&rsquo;Oise \u00e0 Bernot.<\/p><\/div>\n<div id=\"attachment_3167\" style=\"width: 650px\" class=\"wp-caption alignnone\"><img loading=\"lazy\" decoding=\"async\" aria-describedby=\"caption-attachment-3167\" class=\"size-large wp-image-3167\" src=\"https:\/\/www.pierre-le-cycliste.fr\/wp-content\/uploads\/2024\/11\/20241112_091648.resized-1024x768.jpg\" alt=\"\" width=\"640\" height=\"480\" srcset=\"https:\/\/www.pierre-le-cycliste.fr\/wp-content\/uploads\/2024\/11\/20241112_091648.resized-1024x768.jpg 1024w, https:\/\/www.pierre-le-cycliste.fr\/wp-content\/uploads\/2024\/11\/20241112_091648.resized-300x225.jpg 300w, https:\/\/www.pierre-le-cycliste.fr\/wp-content\/uploads\/2024\/11\/20241112_091648.resized-768x576.jpg 768w, https:\/\/www.pierre-le-cycliste.fr\/wp-content\/uploads\/2024\/11\/20241112_091648.resized.jpg 1280w\" sizes=\"auto, (max-width: 640px) 100vw, 640px\" \/><p id=\"caption-attachment-3167\" class=\"wp-caption-text\">Route vers l&rsquo;Oise \u00e0 Bernot.<\/p><\/div>\n<div id=\"attachment_3168\" style=\"width: 650px\" class=\"wp-caption alignnone\"><img loading=\"lazy\" decoding=\"async\" aria-describedby=\"caption-attachment-3168\" class=\"size-large wp-image-3168\" src=\"https:\/\/www.pierre-le-cycliste.fr\/wp-content\/uploads\/2024\/11\/20241112_092646.resized-1024x768.jpg\" alt=\"\" width=\"640\" height=\"480\" srcset=\"https:\/\/www.pierre-le-cycliste.fr\/wp-content\/uploads\/2024\/11\/20241112_092646.resized-1024x768.jpg 1024w, https:\/\/www.pierre-le-cycliste.fr\/wp-content\/uploads\/2024\/11\/20241112_092646.resized-300x225.jpg 300w, https:\/\/www.pierre-le-cycliste.fr\/wp-content\/uploads\/2024\/11\/20241112_092646.resized-768x576.jpg 768w, https:\/\/www.pierre-le-cycliste.fr\/wp-content\/uploads\/2024\/11\/20241112_092646.resized.jpg 1280w\" sizes=\"auto, (max-width: 640px) 100vw, 640px\" \/><p id=\"caption-attachment-3168\" class=\"wp-caption-text\">Neuvilette.<\/p><\/div>\n<div id=\"attachment_3169\" style=\"width: 650px\" class=\"wp-caption alignnone\"><img loading=\"lazy\" decoding=\"async\" aria-describedby=\"caption-attachment-3169\" class=\"size-large wp-image-3169\" src=\"https:\/\/www.pierre-le-cycliste.fr\/wp-content\/uploads\/2024\/11\/20241112_092751.resized-768x1024.jpg\" alt=\"\" width=\"640\" height=\"853\" srcset=\"https:\/\/www.pierre-le-cycliste.fr\/wp-content\/uploads\/2024\/11\/20241112_092751.resized-768x1024.jpg 768w, https:\/\/www.pierre-le-cycliste.fr\/wp-content\/uploads\/2024\/11\/20241112_092751.resized-225x300.jpg 225w, https:\/\/www.pierre-le-cycliste.fr\/wp-content\/uploads\/2024\/11\/20241112_092751.resized-rotated.jpg 960w\" sizes=\"auto, (max-width: 640px) 100vw, 640px\" \/><p id=\"caption-attachment-3169\" class=\"wp-caption-text\">Neuvilette.<\/p><\/div>\n<div id=\"attachment_3170\" style=\"width: 650px\" class=\"wp-caption alignnone\"><img loading=\"lazy\" decoding=\"async\" aria-describedby=\"caption-attachment-3170\" class=\"size-large wp-image-3170\" src=\"https:\/\/www.pierre-le-cycliste.fr\/wp-content\/uploads\/2024\/11\/20241112_093030.resized-1024x768.jpg\" alt=\"\" width=\"640\" height=\"480\" srcset=\"https:\/\/www.pierre-le-cycliste.fr\/wp-content\/uploads\/2024\/11\/20241112_093030.resized-1024x768.jpg 1024w, https:\/\/www.pierre-le-cycliste.fr\/wp-content\/uploads\/2024\/11\/20241112_093030.resized-300x225.jpg 300w, https:\/\/www.pierre-le-cycliste.fr\/wp-content\/uploads\/2024\/11\/20241112_093030.resized-768x576.jpg 768w, https:\/\/www.pierre-le-cycliste.fr\/wp-content\/uploads\/2024\/11\/20241112_093030.resized.jpg 1280w\" sizes=\"auto, (max-width: 640px) 100vw, 640px\" \/><p id=\"caption-attachment-3170\" class=\"wp-caption-text\">Canal du Moulin \u00e0 Neuvilette.<\/p><\/div>\n<div id=\"attachment_3171\" style=\"width: 650px\" class=\"wp-caption alignnone\"><img loading=\"lazy\" decoding=\"async\" aria-describedby=\"caption-attachment-3171\" class=\"size-large wp-image-3171\" src=\"https:\/\/www.pierre-le-cycliste.fr\/wp-content\/uploads\/2024\/11\/20241112_093426.resized-1024x768.jpg\" alt=\"\" width=\"640\" height=\"480\" srcset=\"https:\/\/www.pierre-le-cycliste.fr\/wp-content\/uploads\/2024\/11\/20241112_093426.resized-1024x768.jpg 1024w, https:\/\/www.pierre-le-cycliste.fr\/wp-content\/uploads\/2024\/11\/20241112_093426.resized-300x225.jpg 300w, https:\/\/www.pierre-le-cycliste.fr\/wp-content\/uploads\/2024\/11\/20241112_093426.resized-768x576.jpg 768w, https:\/\/www.pierre-le-cycliste.fr\/wp-content\/uploads\/2024\/11\/20241112_093426.resized.jpg 1280w\" sizes=\"auto, (max-width: 640px) 100vw, 640px\" \/><p id=\"caption-attachment-3171\" class=\"wp-caption-text\">Canal de la Sambre \u00e0 l&rsquo;Oise \u00e0 Neuvilette.<\/p><\/div>\n<div id=\"attachment_3172\" style=\"width: 650px\" class=\"wp-caption alignnone\"><img loading=\"lazy\" decoding=\"async\" aria-describedby=\"caption-attachment-3172\" class=\"size-large wp-image-3172\" src=\"https:\/\/www.pierre-le-cycliste.fr\/wp-content\/uploads\/2024\/11\/20241112_093513.resized-1024x768.jpg\" alt=\"\" width=\"640\" height=\"480\" srcset=\"https:\/\/www.pierre-le-cycliste.fr\/wp-content\/uploads\/2024\/11\/20241112_093513.resized-1024x768.jpg 1024w, https:\/\/www.pierre-le-cycliste.fr\/wp-content\/uploads\/2024\/11\/20241112_093513.resized-300x225.jpg 300w, https:\/\/www.pierre-le-cycliste.fr\/wp-content\/uploads\/2024\/11\/20241112_093513.resized-768x576.jpg 768w, https:\/\/www.pierre-le-cycliste.fr\/wp-content\/uploads\/2024\/11\/20241112_093513.resized.jpg 1280w\" sizes=\"auto, (max-width: 640px) 100vw, 640px\" \/><p id=\"caption-attachment-3172\" class=\"wp-caption-text\">Pont tournant sur le canal de la Sambre \u00e0 l&rsquo;Oise \u00e0 Neuvilette.<\/p><\/div>\n<div id=\"attachment_3173\" style=\"width: 650px\" class=\"wp-caption alignnone\"><img loading=\"lazy\" decoding=\"async\" aria-describedby=\"caption-attachment-3173\" class=\"size-large wp-image-3173\" src=\"https:\/\/www.pierre-le-cycliste.fr\/wp-content\/uploads\/2024\/11\/20241112_093833.resized-1024x768.jpg\" alt=\"\" width=\"640\" height=\"480\" srcset=\"https:\/\/www.pierre-le-cycliste.fr\/wp-content\/uploads\/2024\/11\/20241112_093833.resized-1024x768.jpg 1024w, https:\/\/www.pierre-le-cycliste.fr\/wp-content\/uploads\/2024\/11\/20241112_093833.resized-300x225.jpg 300w, https:\/\/www.pierre-le-cycliste.fr\/wp-content\/uploads\/2024\/11\/20241112_093833.resized-768x576.jpg 768w, https:\/\/www.pierre-le-cycliste.fr\/wp-content\/uploads\/2024\/11\/20241112_093833.resized.jpg 1280w\" sizes=\"auto, (max-width: 640px) 100vw, 640px\" \/><p id=\"caption-attachment-3173\" class=\"wp-caption-text\">L&rsquo;Oise entre Neuvilette et Origny Sainte Beno\u00eete.<\/p><\/div>\n<div id=\"attachment_3174\" style=\"width: 650px\" class=\"wp-caption alignnone\"><img loading=\"lazy\" decoding=\"async\" aria-describedby=\"caption-attachment-3174\" class=\"size-large wp-image-3174\" src=\"https:\/\/www.pierre-le-cycliste.fr\/wp-content\/uploads\/2024\/11\/20241112_093844.resized-1024x768.jpg\" alt=\"\" width=\"640\" height=\"480\" srcset=\"https:\/\/www.pierre-le-cycliste.fr\/wp-content\/uploads\/2024\/11\/20241112_093844.resized-1024x768.jpg 1024w, https:\/\/www.pierre-le-cycliste.fr\/wp-content\/uploads\/2024\/11\/20241112_093844.resized-300x225.jpg 300w, https:\/\/www.pierre-le-cycliste.fr\/wp-content\/uploads\/2024\/11\/20241112_093844.resized-768x576.jpg 768w, https:\/\/www.pierre-le-cycliste.fr\/wp-content\/uploads\/2024\/11\/20241112_093844.resized.jpg 1280w\" sizes=\"auto, (max-width: 640px) 100vw, 640px\" \/><p id=\"caption-attachment-3174\" class=\"wp-caption-text\">L&rsquo;Oise entre Neuvilette et Origny Sainte Beno\u00eete. Au fond, on aper\u00e7oit l&rsquo;usine Ter\u00e9os.<\/p><\/div>\n<div id=\"attachment_3175\" style=\"width: 650px\" class=\"wp-caption alignnone\"><img loading=\"lazy\" decoding=\"async\" aria-describedby=\"caption-attachment-3175\" class=\"size-large wp-image-3175\" src=\"https:\/\/www.pierre-le-cycliste.fr\/wp-content\/uploads\/2024\/11\/20241112_094119.resized-1024x768.jpg\" alt=\"\" width=\"640\" height=\"480\" srcset=\"https:\/\/www.pierre-le-cycliste.fr\/wp-content\/uploads\/2024\/11\/20241112_094119.resized-1024x768.jpg 1024w, https:\/\/www.pierre-le-cycliste.fr\/wp-content\/uploads\/2024\/11\/20241112_094119.resized-300x225.jpg 300w, https:\/\/www.pierre-le-cycliste.fr\/wp-content\/uploads\/2024\/11\/20241112_094119.resized-768x576.jpg 768w, https:\/\/www.pierre-le-cycliste.fr\/wp-content\/uploads\/2024\/11\/20241112_094119.resized.jpg 1280w\" sizes=\"auto, (max-width: 640px) 100vw, 640px\" \/><p id=\"caption-attachment-3175\" class=\"wp-caption-text\">Origny Sainte Beno\u00eete est sur l&rsquo;itin\u00e9raire \u00e0 v\u00e9lo de la ScandIb\u00e9rique de Norv\u00e8ge \u00e0 Saint Jacques de Compostelle, et le tron\u00e7on locale est la v\u00e9loroute Stevenson en m\u00e9moire de la dsecente de l&rsquo;Oise que fit Stevenson en cano\u00eb en 1876.<\/p><\/div>\n<div id=\"attachment_3176\" style=\"width: 650px\" class=\"wp-caption alignnone\"><img loading=\"lazy\" decoding=\"async\" aria-describedby=\"caption-attachment-3176\" class=\"size-large wp-image-3176\" src=\"https:\/\/www.pierre-le-cycliste.fr\/wp-content\/uploads\/2024\/11\/20241112_094239.resized-1024x768.jpg\" alt=\"\" width=\"640\" height=\"480\" srcset=\"https:\/\/www.pierre-le-cycliste.fr\/wp-content\/uploads\/2024\/11\/20241112_094239.resized-1024x768.jpg 1024w, https:\/\/www.pierre-le-cycliste.fr\/wp-content\/uploads\/2024\/11\/20241112_094239.resized-300x225.jpg 300w, https:\/\/www.pierre-le-cycliste.fr\/wp-content\/uploads\/2024\/11\/20241112_094239.resized-768x576.jpg 768w, https:\/\/www.pierre-le-cycliste.fr\/wp-content\/uploads\/2024\/11\/20241112_094239.resized.jpg 1280w\" sizes=\"auto, (max-width: 640px) 100vw, 640px\" \/><p id=\"caption-attachment-3176\" class=\"wp-caption-text\">Un autre bras de l&rsquo;Oise \u00e0 Origny Sainte Beno\u00eete.<\/p><\/div>\n<div id=\"attachment_3177\" style=\"width: 650px\" class=\"wp-caption alignnone\"><img loading=\"lazy\" decoding=\"async\" aria-describedby=\"caption-attachment-3177\" class=\"size-large wp-image-3177\" src=\"https:\/\/www.pierre-le-cycliste.fr\/wp-content\/uploads\/2024\/11\/20241112_094452.resized-1024x768.jpg\" alt=\"\" width=\"640\" height=\"480\" srcset=\"https:\/\/www.pierre-le-cycliste.fr\/wp-content\/uploads\/2024\/11\/20241112_094452.resized-1024x768.jpg 1024w, https:\/\/www.pierre-le-cycliste.fr\/wp-content\/uploads\/2024\/11\/20241112_094452.resized-300x225.jpg 300w, https:\/\/www.pierre-le-cycliste.fr\/wp-content\/uploads\/2024\/11\/20241112_094452.resized-768x576.jpg 768w, https:\/\/www.pierre-le-cycliste.fr\/wp-content\/uploads\/2024\/11\/20241112_094452.resized.jpg 1280w\" sizes=\"auto, (max-width: 640px) 100vw, 640px\" \/><p id=\"caption-attachment-3177\" class=\"wp-caption-text\">Origny Sainte Beno\u00eete<\/p><\/div>\n<div id=\"attachment_3178\" style=\"width: 650px\" class=\"wp-caption alignnone\"><img loading=\"lazy\" decoding=\"async\" aria-describedby=\"caption-attachment-3178\" class=\"size-large wp-image-3178\" src=\"https:\/\/www.pierre-le-cycliste.fr\/wp-content\/uploads\/2024\/11\/20241112_094823.resized-768x1024.jpg\" alt=\"\" width=\"640\" height=\"853\" srcset=\"https:\/\/www.pierre-le-cycliste.fr\/wp-content\/uploads\/2024\/11\/20241112_094823.resized-768x1024.jpg 768w, https:\/\/www.pierre-le-cycliste.fr\/wp-content\/uploads\/2024\/11\/20241112_094823.resized-225x300.jpg 225w, https:\/\/www.pierre-le-cycliste.fr\/wp-content\/uploads\/2024\/11\/20241112_094823.resized-rotated.jpg 960w\" sizes=\"auto, (max-width: 640px) 100vw, 640px\" \/><p id=\"caption-attachment-3178\" class=\"wp-caption-text\">Origny Sainte Beno\u00eete<\/p><\/div>\n<div id=\"attachment_3179\" style=\"width: 650px\" class=\"wp-caption alignnone\"><img loading=\"lazy\" decoding=\"async\" aria-describedby=\"caption-attachment-3179\" class=\"size-large wp-image-3179\" src=\"https:\/\/www.pierre-le-cycliste.fr\/wp-content\/uploads\/2024\/11\/20241112_094835.resized-768x1024.jpg\" alt=\"\" width=\"640\" height=\"853\" srcset=\"https:\/\/www.pierre-le-cycliste.fr\/wp-content\/uploads\/2024\/11\/20241112_094835.resized-768x1024.jpg 768w, https:\/\/www.pierre-le-cycliste.fr\/wp-content\/uploads\/2024\/11\/20241112_094835.resized-225x300.jpg 225w, https:\/\/www.pierre-le-cycliste.fr\/wp-content\/uploads\/2024\/11\/20241112_094835.resized-rotated.jpg 960w\" sizes=\"auto, (max-width: 640px) 100vw, 640px\" \/><p id=\"caption-attachment-3179\" class=\"wp-caption-text\">Origny Sainte Beno\u00eete<\/p><\/div>\n<div id=\"attachment_3180\" style=\"width: 650px\" class=\"wp-caption alignnone\"><img loading=\"lazy\" decoding=\"async\" aria-describedby=\"caption-attachment-3180\" class=\"size-large wp-image-3180\" src=\"https:\/\/www.pierre-le-cycliste.fr\/wp-content\/uploads\/2024\/11\/20241112_100520.resized-1024x768.jpg\" alt=\"\" width=\"640\" height=\"480\" srcset=\"https:\/\/www.pierre-le-cycliste.fr\/wp-content\/uploads\/2024\/11\/20241112_100520.resized-1024x768.jpg 1024w, https:\/\/www.pierre-le-cycliste.fr\/wp-content\/uploads\/2024\/11\/20241112_100520.resized-300x225.jpg 300w, https:\/\/www.pierre-le-cycliste.fr\/wp-content\/uploads\/2024\/11\/20241112_100520.resized-768x576.jpg 768w, https:\/\/www.pierre-le-cycliste.fr\/wp-content\/uploads\/2024\/11\/20241112_100520.resized.jpg 1280w\" sizes=\"auto, (max-width: 640px) 100vw, 640px\" \/><p id=\"caption-attachment-3180\" class=\"wp-caption-text\">L&rsquo;usine T\u00e9r\u00e9os. Plus de 700 camions viennent livrer 20 000 tonnes chaque jour pendant environ quatre mois de septembre \u00e0 janvier. \u00c0 l\u2019issue de ces chaufferies, fours et alambics, 2 000 tonnes de sucre, 2 000 tonnes de pulpes et 9 000 hL d\u2019alcool sont produits chaque jour. \u00ab Ici est transform\u00e9 l\u2019\u00e9quivalent de la production annuelle d\u2019environ 930 coop\u00e9rateurs r\u00e9alis\u00e9e par 330 employ\u00e9s et une centaine de saisonniers \u00bb<\/p><\/div>\n<div id=\"attachment_3181\" style=\"width: 650px\" class=\"wp-caption alignnone\"><img loading=\"lazy\" decoding=\"async\" aria-describedby=\"caption-attachment-3181\" class=\"size-large wp-image-3181\" src=\"https:\/\/www.pierre-le-cycliste.fr\/wp-content\/uploads\/2024\/11\/20241112_100704.resized-1024x768.jpg\" alt=\"\" width=\"640\" height=\"480\" srcset=\"https:\/\/www.pierre-le-cycliste.fr\/wp-content\/uploads\/2024\/11\/20241112_100704.resized-1024x768.jpg 1024w, https:\/\/www.pierre-le-cycliste.fr\/wp-content\/uploads\/2024\/11\/20241112_100704.resized-300x225.jpg 300w, https:\/\/www.pierre-le-cycliste.fr\/wp-content\/uploads\/2024\/11\/20241112_100704.resized-768x576.jpg 768w, https:\/\/www.pierre-le-cycliste.fr\/wp-content\/uploads\/2024\/11\/20241112_100704.resized.jpg 1280w\" sizes=\"auto, (max-width: 640px) 100vw, 640px\" \/><p id=\"caption-attachment-3181\" class=\"wp-caption-text\">Plus de 700 camions viennent livrer 20 000 tonnes chaque jour pendant environ quatre mois de septembre \u00e0 janvier. \u00c0 l\u2019issue de ces chaufferies, fours et alambics, 2 000 tonnes de sucre, 2 000 tonnes de pulpes et 9 000 hL d\u2019alcool sont produits chaque jour. \u00ab Ici est transform\u00e9 l\u2019\u00e9quivalent de la production annuelle d\u2019environ 930 coop\u00e9rateurs r\u00e9alis\u00e9e par 330 employ\u00e9s et une centaine de saisonniers \u00bb<\/p><\/div>\n<div id=\"attachment_3182\" style=\"width: 650px\" class=\"wp-caption alignnone\"><img loading=\"lazy\" decoding=\"async\" aria-describedby=\"caption-attachment-3182\" class=\"size-large wp-image-3182\" src=\"https:\/\/www.pierre-le-cycliste.fr\/wp-content\/uploads\/2024\/11\/20241112_101052.resized-1024x768.jpg\" alt=\"\" width=\"640\" height=\"480\" srcset=\"https:\/\/www.pierre-le-cycliste.fr\/wp-content\/uploads\/2024\/11\/20241112_101052.resized-1024x768.jpg 1024w, https:\/\/www.pierre-le-cycliste.fr\/wp-content\/uploads\/2024\/11\/20241112_101052.resized-300x225.jpg 300w, https:\/\/www.pierre-le-cycliste.fr\/wp-content\/uploads\/2024\/11\/20241112_101052.resized-768x576.jpg 768w, https:\/\/www.pierre-le-cycliste.fr\/wp-content\/uploads\/2024\/11\/20241112_101052.resized.jpg 1280w\" sizes=\"auto, (max-width: 640px) 100vw, 640px\" \/><p id=\"caption-attachment-3182\" class=\"wp-caption-text\">Le canal de la Sambre \u00e0 l&rsquo;Oise \u00e0 Origny Sainte Beno\u00eete.<\/p><\/div>\n<div id=\"attachment_3183\" style=\"width: 650px\" class=\"wp-caption alignnone\"><img loading=\"lazy\" decoding=\"async\" aria-describedby=\"caption-attachment-3183\" class=\"size-large wp-image-3183\" src=\"https:\/\/www.pierre-le-cycliste.fr\/wp-content\/uploads\/2024\/11\/20241112_105709.resized-1024x768.jpg\" alt=\"\" width=\"640\" height=\"480\" srcset=\"https:\/\/www.pierre-le-cycliste.fr\/wp-content\/uploads\/2024\/11\/20241112_105709.resized-1024x768.jpg 1024w, https:\/\/www.pierre-le-cycliste.fr\/wp-content\/uploads\/2024\/11\/20241112_105709.resized-300x225.jpg 300w, https:\/\/www.pierre-le-cycliste.fr\/wp-content\/uploads\/2024\/11\/20241112_105709.resized-768x576.jpg 768w, https:\/\/www.pierre-le-cycliste.fr\/wp-content\/uploads\/2024\/11\/20241112_105709.resized.jpg 1280w\" sizes=\"auto, (max-width: 640px) 100vw, 640px\" \/><p id=\"caption-attachment-3183\" class=\"wp-caption-text\">Monument aux morts de Sissy. C&rsquo;est l\u00e0 que j&rsquo;ai fait ma pause casse-cro\u00fbte.<\/p><\/div>\n<div id=\"attachment_3185\" style=\"width: 650px\" class=\"wp-caption alignnone\"><img loading=\"lazy\" decoding=\"async\" aria-describedby=\"caption-attachment-3185\" class=\"size-large wp-image-3185\" src=\"https:\/\/www.pierre-le-cycliste.fr\/wp-content\/uploads\/2024\/11\/20241112_132716.resized-1024x768.jpg\" alt=\"\" width=\"640\" height=\"480\" srcset=\"https:\/\/www.pierre-le-cycliste.fr\/wp-content\/uploads\/2024\/11\/20241112_132716.resized-1024x768.jpg 1024w, https:\/\/www.pierre-le-cycliste.fr\/wp-content\/uploads\/2024\/11\/20241112_132716.resized-300x225.jpg 300w, https:\/\/www.pierre-le-cycliste.fr\/wp-content\/uploads\/2024\/11\/20241112_132716.resized-768x576.jpg 768w, https:\/\/www.pierre-le-cycliste.fr\/wp-content\/uploads\/2024\/11\/20241112_132716.resized.jpg 1280w\" sizes=\"auto, (max-width: 640px) 100vw, 640px\" \/><p id=\"caption-attachment-3185\" class=\"wp-caption-text\">Arriv\u00e9e sur Laon.<\/p><\/div>\n<div id=\"attachment_3187\" style=\"width: 650px\" class=\"wp-caption alignnone\"><img loading=\"lazy\" decoding=\"async\" aria-describedby=\"caption-attachment-3187\" class=\"size-large wp-image-3187\" src=\"https:\/\/www.pierre-le-cycliste.fr\/wp-content\/uploads\/2024\/11\/20241112_141914.resized-1024x768.jpg\" alt=\"\" width=\"640\" height=\"480\" srcset=\"https:\/\/www.pierre-le-cycliste.fr\/wp-content\/uploads\/2024\/11\/20241112_141914.resized-1024x768.jpg 1024w, https:\/\/www.pierre-le-cycliste.fr\/wp-content\/uploads\/2024\/11\/20241112_141914.resized-300x225.jpg 300w, https:\/\/www.pierre-le-cycliste.fr\/wp-content\/uploads\/2024\/11\/20241112_141914.resized-768x576.jpg 768w, https:\/\/www.pierre-le-cycliste.fr\/wp-content\/uploads\/2024\/11\/20241112_141914.resized.jpg 1280w\" sizes=\"auto, (max-width: 640px) 100vw, 640px\" \/><p id=\"caption-attachment-3187\" class=\"wp-caption-text\">L\u2019h\u00f4pital de Laon\/<\/p><\/div>\n<div id=\"attachment_3190\" style=\"width: 650px\" class=\"wp-caption alignnone\"><img loading=\"lazy\" decoding=\"async\" aria-describedby=\"caption-attachment-3190\" class=\"size-large wp-image-3190\" src=\"https:\/\/www.pierre-le-cycliste.fr\/wp-content\/uploads\/2024\/11\/20241112_142959.resized-1024x768.jpg\" alt=\"\" width=\"640\" height=\"480\" srcset=\"https:\/\/www.pierre-le-cycliste.fr\/wp-content\/uploads\/2024\/11\/20241112_142959.resized-1024x768.jpg 1024w, https:\/\/www.pierre-le-cycliste.fr\/wp-content\/uploads\/2024\/11\/20241112_142959.resized-300x225.jpg 300w, https:\/\/www.pierre-le-cycliste.fr\/wp-content\/uploads\/2024\/11\/20241112_142959.resized-768x576.jpg 768w, https:\/\/www.pierre-le-cycliste.fr\/wp-content\/uploads\/2024\/11\/20241112_142959.resized.jpg 1280w\" sizes=\"auto, (max-width: 640px) 100vw, 640px\" \/><p id=\"caption-attachment-3190\" class=\"wp-caption-text\">L&rsquo;ancienne abbaye Pr\u00e9montr\u00e9e de Saint Martin \u00e0 Laon.<\/p><\/div>\n<div id=\"attachment_3188\" style=\"width: 650px\" class=\"wp-caption alignnone\"><img loading=\"lazy\" decoding=\"async\" aria-describedby=\"caption-attachment-3188\" class=\"size-large wp-image-3188\" src=\"https:\/\/www.pierre-le-cycliste.fr\/wp-content\/uploads\/2024\/11\/20241112_142242.resized-1024x768.jpg\" alt=\"\" width=\"640\" height=\"480\" srcset=\"https:\/\/www.pierre-le-cycliste.fr\/wp-content\/uploads\/2024\/11\/20241112_142242.resized-1024x768.jpg 1024w, https:\/\/www.pierre-le-cycliste.fr\/wp-content\/uploads\/2024\/11\/20241112_142242.resized-300x225.jpg 300w, https:\/\/www.pierre-le-cycliste.fr\/wp-content\/uploads\/2024\/11\/20241112_142242.resized-768x576.jpg 768w, https:\/\/www.pierre-le-cycliste.fr\/wp-content\/uploads\/2024\/11\/20241112_142242.resized.jpg 1280w\" sizes=\"auto, (max-width: 640px) 100vw, 640px\" \/><p id=\"caption-attachment-3188\" class=\"wp-caption-text\">L&rsquo;ancienne abbaye Pr\u00e9montr\u00e9e de Saint Martin \u00e0 Laon.<\/p><\/div>\n<div id=\"attachment_3189\" style=\"width: 650px\" class=\"wp-caption alignnone\"><img loading=\"lazy\" decoding=\"async\" aria-describedby=\"caption-attachment-3189\" class=\"size-large wp-image-3189\" src=\"https:\/\/www.pierre-le-cycliste.fr\/wp-content\/uploads\/2024\/11\/20241112_142443.resized-768x1024.jpg\" alt=\"\" width=\"640\" height=\"853\" srcset=\"https:\/\/www.pierre-le-cycliste.fr\/wp-content\/uploads\/2024\/11\/20241112_142443.resized-768x1024.jpg 768w, https:\/\/www.pierre-le-cycliste.fr\/wp-content\/uploads\/2024\/11\/20241112_142443.resized-225x300.jpg 225w, https:\/\/www.pierre-le-cycliste.fr\/wp-content\/uploads\/2024\/11\/20241112_142443.resized-rotated.jpg 960w\" sizes=\"auto, (max-width: 640px) 100vw, 640px\" \/><p id=\"caption-attachment-3189\" class=\"wp-caption-text\">L&rsquo;ancienne abbaye Pr\u00e9montr\u00e9e de Saint Martin \u00e0 Laon.<\/p><\/div>\n<div id=\"attachment_3192\" style=\"width: 650px\" class=\"wp-caption alignnone\"><img loading=\"lazy\" decoding=\"async\" aria-describedby=\"caption-attachment-3192\" class=\"size-large wp-image-3192\" src=\"https:\/\/www.pierre-le-cycliste.fr\/wp-content\/uploads\/2024\/11\/20241112_143854.resized-1024x768.jpg\" alt=\"\" width=\"640\" height=\"480\" srcset=\"https:\/\/www.pierre-le-cycliste.fr\/wp-content\/uploads\/2024\/11\/20241112_143854.resized-1024x768.jpg 1024w, https:\/\/www.pierre-le-cycliste.fr\/wp-content\/uploads\/2024\/11\/20241112_143854.resized-300x225.jpg 300w, https:\/\/www.pierre-le-cycliste.fr\/wp-content\/uploads\/2024\/11\/20241112_143854.resized-768x576.jpg 768w, https:\/\/www.pierre-le-cycliste.fr\/wp-content\/uploads\/2024\/11\/20241112_143854.resized.jpg 1280w\" sizes=\"auto, (max-width: 640px) 100vw, 640px\" \/><p id=\"caption-attachment-3192\" class=\"wp-caption-text\">Laon.<\/p><\/div>\n<div id=\"attachment_3193\" style=\"width: 650px\" class=\"wp-caption alignnone\"><img loading=\"lazy\" decoding=\"async\" aria-describedby=\"caption-attachment-3193\" class=\"size-large wp-image-3193\" src=\"https:\/\/www.pierre-le-cycliste.fr\/wp-content\/uploads\/2024\/11\/20241112_144610.resized-1024x768.jpg\" alt=\"\" width=\"640\" height=\"480\" srcset=\"https:\/\/www.pierre-le-cycliste.fr\/wp-content\/uploads\/2024\/11\/20241112_144610.resized-1024x768.jpg 1024w, https:\/\/www.pierre-le-cycliste.fr\/wp-content\/uploads\/2024\/11\/20241112_144610.resized-300x225.jpg 300w, https:\/\/www.pierre-le-cycliste.fr\/wp-content\/uploads\/2024\/11\/20241112_144610.resized-768x576.jpg 768w, https:\/\/www.pierre-le-cycliste.fr\/wp-content\/uploads\/2024\/11\/20241112_144610.resized.jpg 1280w\" sizes=\"auto, (max-width: 640px) 100vw, 640px\" \/><p id=\"caption-attachment-3193\" class=\"wp-caption-text\">Laon.<\/p><\/div>\n<div id=\"attachment_3191\" style=\"width: 650px\" class=\"wp-caption alignnone\"><img loading=\"lazy\" decoding=\"async\" aria-describedby=\"caption-attachment-3191\" class=\"size-large wp-image-3191\" src=\"https:\/\/www.pierre-le-cycliste.fr\/wp-content\/uploads\/2024\/11\/20241112_143823.resized-1024x768.jpg\" alt=\"\" width=\"640\" height=\"480\" srcset=\"https:\/\/www.pierre-le-cycliste.fr\/wp-content\/uploads\/2024\/11\/20241112_143823.resized-1024x768.jpg 1024w, https:\/\/www.pierre-le-cycliste.fr\/wp-content\/uploads\/2024\/11\/20241112_143823.resized-300x225.jpg 300w, https:\/\/www.pierre-le-cycliste.fr\/wp-content\/uploads\/2024\/11\/20241112_143823.resized-768x576.jpg 768w, https:\/\/www.pierre-le-cycliste.fr\/wp-content\/uploads\/2024\/11\/20241112_143823.resized.jpg 1280w\" sizes=\"auto, (max-width: 640px) 100vw, 640px\" \/><p id=\"caption-attachment-3191\" class=\"wp-caption-text\">La cath\u00e9drale de Laon.<\/p><\/div>\n<div id=\"attachment_3203\" style=\"width: 650px\" class=\"wp-caption alignnone\"><img loading=\"lazy\" decoding=\"async\" aria-describedby=\"caption-attachment-3203\" class=\"size-large wp-image-3203\" src=\"https:\/\/www.pierre-le-cycliste.fr\/wp-content\/uploads\/2024\/11\/20241112_152121.resized-1024x768.jpg\" alt=\"\" width=\"640\" height=\"480\" srcset=\"https:\/\/www.pierre-le-cycliste.fr\/wp-content\/uploads\/2024\/11\/20241112_152121.resized-1024x768.jpg 1024w, https:\/\/www.pierre-le-cycliste.fr\/wp-content\/uploads\/2024\/11\/20241112_152121.resized-300x225.jpg 300w, https:\/\/www.pierre-le-cycliste.fr\/wp-content\/uploads\/2024\/11\/20241112_152121.resized-768x576.jpg 768w, https:\/\/www.pierre-le-cycliste.fr\/wp-content\/uploads\/2024\/11\/20241112_152121.resized.jpg 1280w\" sizes=\"auto, (max-width: 640px) 100vw, 640px\" \/><p id=\"caption-attachment-3203\" class=\"wp-caption-text\">La cath\u00e9drale de Laon.<\/p><\/div>\n<div id=\"attachment_3202\" style=\"width: 650px\" class=\"wp-caption alignnone\"><img loading=\"lazy\" decoding=\"async\" aria-describedby=\"caption-attachment-3202\" class=\"size-large wp-image-3202\" src=\"https:\/\/www.pierre-le-cycliste.fr\/wp-content\/uploads\/2024\/11\/20241112_151756.resized-768x1024.jpg\" alt=\"\" width=\"640\" height=\"853\" srcset=\"https:\/\/www.pierre-le-cycliste.fr\/wp-content\/uploads\/2024\/11\/20241112_151756.resized-768x1024.jpg 768w, https:\/\/www.pierre-le-cycliste.fr\/wp-content\/uploads\/2024\/11\/20241112_151756.resized-225x300.jpg 225w, https:\/\/www.pierre-le-cycliste.fr\/wp-content\/uploads\/2024\/11\/20241112_151756.resized-rotated.jpg 960w\" sizes=\"auto, (max-width: 640px) 100vw, 640px\" \/><p id=\"caption-attachment-3202\" class=\"wp-caption-text\">La cath\u00e9drale de Laon.<\/p><\/div>\n<div id=\"attachment_3196\" style=\"width: 650px\" class=\"wp-caption alignnone\"><img loading=\"lazy\" decoding=\"async\" aria-describedby=\"caption-attachment-3196\" class=\"size-large wp-image-3196\" src=\"https:\/\/www.pierre-le-cycliste.fr\/wp-content\/uploads\/2024\/11\/20241112_145603.resized-1024x768.jpg\" alt=\"\" width=\"640\" height=\"480\" srcset=\"https:\/\/www.pierre-le-cycliste.fr\/wp-content\/uploads\/2024\/11\/20241112_145603.resized-1024x768.jpg 1024w, https:\/\/www.pierre-le-cycliste.fr\/wp-content\/uploads\/2024\/11\/20241112_145603.resized-300x225.jpg 300w, https:\/\/www.pierre-le-cycliste.fr\/wp-content\/uploads\/2024\/11\/20241112_145603.resized-768x576.jpg 768w, https:\/\/www.pierre-le-cycliste.fr\/wp-content\/uploads\/2024\/11\/20241112_145603.resized.jpg 1280w\" sizes=\"auto, (max-width: 640px) 100vw, 640px\" \/><p id=\"caption-attachment-3196\" class=\"wp-caption-text\">La cath\u00e9drale de Laon.<\/p><\/div>\n<div id=\"attachment_3201\" style=\"width: 650px\" class=\"wp-caption alignnone\"><img loading=\"lazy\" decoding=\"async\" aria-describedby=\"caption-attachment-3201\" class=\"size-large wp-image-3201\" src=\"https:\/\/www.pierre-le-cycliste.fr\/wp-content\/uploads\/2024\/11\/20241112_151325.resized-1024x768.jpg\" alt=\"\" width=\"640\" height=\"480\" srcset=\"https:\/\/www.pierre-le-cycliste.fr\/wp-content\/uploads\/2024\/11\/20241112_151325.resized-1024x768.jpg 1024w, https:\/\/www.pierre-le-cycliste.fr\/wp-content\/uploads\/2024\/11\/20241112_151325.resized-300x225.jpg 300w, https:\/\/www.pierre-le-cycliste.fr\/wp-content\/uploads\/2024\/11\/20241112_151325.resized-768x576.jpg 768w, https:\/\/www.pierre-le-cycliste.fr\/wp-content\/uploads\/2024\/11\/20241112_151325.resized.jpg 1280w\" sizes=\"auto, (max-width: 640px) 100vw, 640px\" \/><p id=\"caption-attachment-3201\" class=\"wp-caption-text\">La cath\u00e9drale de Laon.<\/p><\/div>\n<div id=\"attachment_3197\" style=\"width: 650px\" class=\"wp-caption alignnone\"><img loading=\"lazy\" decoding=\"async\" aria-describedby=\"caption-attachment-3197\" class=\"size-large wp-image-3197\" src=\"https:\/\/www.pierre-le-cycliste.fr\/wp-content\/uploads\/2024\/11\/20241112_150147.resized-1024x768.jpg\" alt=\"\" width=\"640\" height=\"480\" srcset=\"https:\/\/www.pierre-le-cycliste.fr\/wp-content\/uploads\/2024\/11\/20241112_150147.resized-1024x768.jpg 1024w, https:\/\/www.pierre-le-cycliste.fr\/wp-content\/uploads\/2024\/11\/20241112_150147.resized-300x225.jpg 300w, https:\/\/www.pierre-le-cycliste.fr\/wp-content\/uploads\/2024\/11\/20241112_150147.resized-768x576.jpg 768w, https:\/\/www.pierre-le-cycliste.fr\/wp-content\/uploads\/2024\/11\/20241112_150147.resized.jpg 1280w\" sizes=\"auto, (max-width: 640px) 100vw, 640px\" \/><p id=\"caption-attachment-3197\" class=\"wp-caption-text\">La cath\u00e9drale de Laon.<\/p><\/div>\n<div id=\"attachment_3200\" style=\"width: 650px\" class=\"wp-caption alignnone\"><img loading=\"lazy\" decoding=\"async\" aria-describedby=\"caption-attachment-3200\" class=\"size-large wp-image-3200\" src=\"https:\/\/www.pierre-le-cycliste.fr\/wp-content\/uploads\/2024\/11\/20241112_151129.resized-1024x768.jpg\" alt=\"\" width=\"640\" height=\"480\" srcset=\"https:\/\/www.pierre-le-cycliste.fr\/wp-content\/uploads\/2024\/11\/20241112_151129.resized-1024x768.jpg 1024w, https:\/\/www.pierre-le-cycliste.fr\/wp-content\/uploads\/2024\/11\/20241112_151129.resized-300x225.jpg 300w, https:\/\/www.pierre-le-cycliste.fr\/wp-content\/uploads\/2024\/11\/20241112_151129.resized-768x576.jpg 768w, https:\/\/www.pierre-le-cycliste.fr\/wp-content\/uploads\/2024\/11\/20241112_151129.resized.jpg 1280w\" sizes=\"auto, (max-width: 640px) 100vw, 640px\" \/><p id=\"caption-attachment-3200\" class=\"wp-caption-text\">La cath\u00e9drale de Laon.<\/p><\/div>\n<div id=\"attachment_3198\" style=\"width: 650px\" class=\"wp-caption alignnone\"><img loading=\"lazy\" decoding=\"async\" aria-describedby=\"caption-attachment-3198\" class=\"size-large wp-image-3198\" src=\"https:\/\/www.pierre-le-cycliste.fr\/wp-content\/uploads\/2024\/11\/20241112_150223.resized-768x1024.jpg\" alt=\"\" width=\"640\" height=\"853\" srcset=\"https:\/\/www.pierre-le-cycliste.fr\/wp-content\/uploads\/2024\/11\/20241112_150223.resized-768x1024.jpg 768w, https:\/\/www.pierre-le-cycliste.fr\/wp-content\/uploads\/2024\/11\/20241112_150223.resized-225x300.jpg 225w, https:\/\/www.pierre-le-cycliste.fr\/wp-content\/uploads\/2024\/11\/20241112_150223.resized-rotated.jpg 960w\" sizes=\"auto, (max-width: 640px) 100vw, 640px\" \/><p id=\"caption-attachment-3198\" class=\"wp-caption-text\">La cath\u00e9drale de Laon.<\/p><\/div>\n<div id=\"attachment_3199\" style=\"width: 650px\" class=\"wp-caption alignnone\"><img loading=\"lazy\" decoding=\"async\" aria-describedby=\"caption-attachment-3199\" class=\"size-large wp-image-3199\" src=\"https:\/\/www.pierre-le-cycliste.fr\/wp-content\/uploads\/2024\/11\/20241112_150722.resized-768x1024.jpg\" alt=\"\" width=\"640\" height=\"853\" srcset=\"https:\/\/www.pierre-le-cycliste.fr\/wp-content\/uploads\/2024\/11\/20241112_150722.resized-768x1024.jpg 768w, https:\/\/www.pierre-le-cycliste.fr\/wp-content\/uploads\/2024\/11\/20241112_150722.resized-225x300.jpg 225w, https:\/\/www.pierre-le-cycliste.fr\/wp-content\/uploads\/2024\/11\/20241112_150722.resized-rotated.jpg 960w\" sizes=\"auto, (max-width: 640px) 100vw, 640px\" \/><p id=\"caption-attachment-3199\" class=\"wp-caption-text\">La cath\u00e9drale de Laon.<\/p><\/div>\n<div id=\"attachment_3204\" style=\"width: 650px\" class=\"wp-caption alignnone\"><img loading=\"lazy\" decoding=\"async\" aria-describedby=\"caption-attachment-3204\" class=\"size-large wp-image-3204\" src=\"https:\/\/www.pierre-le-cycliste.fr\/wp-content\/uploads\/2024\/11\/20241112_152616.resized-1024x768.jpg\" alt=\"\" width=\"640\" height=\"480\" srcset=\"https:\/\/www.pierre-le-cycliste.fr\/wp-content\/uploads\/2024\/11\/20241112_152616.resized-1024x768.jpg 1024w, https:\/\/www.pierre-le-cycliste.fr\/wp-content\/uploads\/2024\/11\/20241112_152616.resized-300x225.jpg 300w, https:\/\/www.pierre-le-cycliste.fr\/wp-content\/uploads\/2024\/11\/20241112_152616.resized-768x576.jpg 768w, https:\/\/www.pierre-le-cycliste.fr\/wp-content\/uploads\/2024\/11\/20241112_152616.resized.jpg 1280w\" sizes=\"auto, (max-width: 640px) 100vw, 640px\" \/><p id=\"caption-attachment-3204\" class=\"wp-caption-text\">La cath\u00e9drale de Laon.<\/p><\/div>\n<div id=\"attachment_3205\" style=\"width: 650px\" class=\"wp-caption alignnone\"><img loading=\"lazy\" decoding=\"async\" aria-describedby=\"caption-attachment-3205\" class=\"size-large wp-image-3205\" src=\"https:\/\/www.pierre-le-cycliste.fr\/wp-content\/uploads\/2024\/11\/20241112_153233.resized-1024x768.jpg\" alt=\"\" width=\"640\" height=\"480\" srcset=\"https:\/\/www.pierre-le-cycliste.fr\/wp-content\/uploads\/2024\/11\/20241112_153233.resized-1024x768.jpg 1024w, https:\/\/www.pierre-le-cycliste.fr\/wp-content\/uploads\/2024\/11\/20241112_153233.resized-300x225.jpg 300w, https:\/\/www.pierre-le-cycliste.fr\/wp-content\/uploads\/2024\/11\/20241112_153233.resized-768x576.jpg 768w, https:\/\/www.pierre-le-cycliste.fr\/wp-content\/uploads\/2024\/11\/20241112_153233.resized.jpg 1280w\" sizes=\"auto, (max-width: 640px) 100vw, 640px\" \/><p id=\"caption-attachment-3205\" class=\"wp-caption-text\">Porte de Laon.<\/p><\/div>\n","protected":false},"excerpt":{"rendered":"<p>Premi\u00e8re \u00e9tape o\u00f9 je suis vraiment sur les traces de mon grand-p\u00e8re Fernand, presque sur la fin de la guerre. D\u00e9but avril 2018, la 60e division d&rsquo;infanterie qui int\u00e8gre la compagnie 10\/13 du 6e r\u00e9giment du G\u00e9nie auquel appartient Fernand, &hellip; <a href=\"https:\/\/www.pierre-le-cycliste.fr\/index.php\/2024\/11\/12\/guerre-14-18-jour-6-saint-quentin-laon-75-km\/\">Continuer la lecture <span class=\"meta-nav\">&rarr;<\/span><\/a><\/p>\n","protected":false},"author":1,"featured_media":0,"comment_status":"open","ping_status":"open","sticky":false,"template":"","format":"standard","meta":{"footnotes":""},"categories":[1],"tags":[],"class_list":["post-3206","post","type-post","status-publish","format-standard","hentry","category-non-classe"],"_links":{"self":[{"href":"https:\/\/www.pierre-le-cycliste.fr\/index.php\/wp-json\/wp\/v2\/posts\/3206","targetHints":{"allow":["GET"]}}],"collection":[{"href":"https:\/\/www.pierre-le-cycliste.fr\/index.php\/wp-json\/wp\/v2\/posts"}],"about":[{"href":"https:\/\/www.pierre-le-cycliste.fr\/index.php\/wp-json\/wp\/v2\/types\/post"}],"author":[{"embeddable":true,"href":"https:\/\/www.pierre-le-cycliste.fr\/index.php\/wp-json\/wp\/v2\/users\/1"}],"replies":[{"embeddable":true,"href":"https:\/\/www.pierre-le-cycliste.fr\/index.php\/wp-json\/wp\/v2\/comments?post=3206"}],"version-history":[{"count":12,"href":"https:\/\/www.pierre-le-cycliste.fr\/index.php\/wp-json\/wp\/v2\/posts\/3206\/revisions"}],"predecessor-version":[{"id":4969,"href":"https:\/\/www.pierre-le-cycliste.fr\/index.php\/wp-json\/wp\/v2\/posts\/3206\/revisions\/4969"}],"wp:attachment":[{"href":"https:\/\/www.pierre-le-cycliste.fr\/index.php\/wp-json\/wp\/v2\/media?parent=3206"}],"wp:term":[{"taxonomy":"category","embeddable":true,"href":"https:\/\/www.pierre-le-cycliste.fr\/index.php\/wp-json\/wp\/v2\/categories?post=3206"},{"taxonomy":"post_tag","embeddable":true,"href":"https:\/\/www.pierre-le-cycliste.fr\/index.php\/wp-json\/wp\/v2\/tags?post=3206"}],"curies":[{"name":"wp","href":"https:\/\/api.w.org\/{rel}","templated":true}]}}