{"id":3326,"date":"2024-11-15T20:29:06","date_gmt":"2024-11-15T19:29:06","guid":{"rendered":"https:\/\/www.pierre-le-cycliste.fr\/?p=3326"},"modified":"2024-11-15T20:29:45","modified_gmt":"2024-11-15T19:29:45","slug":"guerre-14-18-jour-9-bouillon","status":"publish","type":"post","link":"https:\/\/www.pierre-le-cycliste.fr\/index.php\/2024\/11\/15\/guerre-14-18-jour-9-bouillon\/","title":{"rendered":"Guerre 14-18 &#8211; jour  9 &#8211; Bouillon &#8211; Oisy &#8211; Botassart &#8211; Bouillon &#8211; 92 km"},"content":{"rendered":"<p>Aujourd&rsquo;hui superbe randonn\u00e9e au pays de la Semois, rivi\u00e8re qui structure le paysage dans ce coin d&rsquo;Ardenne wallone, affluent de la Meuse,<\/p>\n<p>sur les traces de Fernand &#8230;<\/p>\n<div id=\"attachment_3328\" style=\"width: 941px\" class=\"wp-caption alignnone\"><img loading=\"lazy\" decoding=\"async\" aria-describedby=\"caption-attachment-3328\" src=\"https:\/\/www.pierre-le-cycliste.fr\/wp-content\/uploads\/2024\/11\/Bouillon-1.jpg\" alt=\"\" width=\"931\" height=\"643\" class=\"size-full wp-image-3328\" srcset=\"https:\/\/www.pierre-le-cycliste.fr\/wp-content\/uploads\/2024\/11\/Bouillon-1.jpg 931w, https:\/\/www.pierre-le-cycliste.fr\/wp-content\/uploads\/2024\/11\/Bouillon-1-300x207.jpg 300w, https:\/\/www.pierre-le-cycliste.fr\/wp-content\/uploads\/2024\/11\/Bouillon-1-768x530.jpg 768w\" sizes=\"auto, (max-width: 931px) 100vw, 931px\" \/><p id=\"caption-attachment-3328\" class=\"wp-caption-text\">En bleu, les d\u00e9placements de la compagnie 10\/13 du 21 Ao\u00fbt au 24 Ao\u00fbt.<br \/>En rouge ma randonn\u00e9e du jour.<\/p><\/div>\n<p>Hier je vous disais que le 19 ao\u00fbt 1914, la compagnie 10\/13 arrivait \u00e0 Alle,<\/p>\n<p>elle y s\u00e9journe le 20 ao\u00fbt.<\/p>\n<p>Elle en repart le 21 pour se rendre \u00e0 Tilay, vers l&rsquo;est. 26 km \u00e0 pied.<\/p>\n<p>Le 22 demi-tour, elle se rend \u00e0 Oisy, au nord-ouest de Alle, 27 km \u00e0 pied.<\/p>\n<p>Le 23 ao\u00fbt, elle va \u00e0 Botassart organiser les gu\u00e9s sur la Semois.<\/p>\n<p>Le 24 ao\u00fbt, elle est rejoint par l&rsquo;infanterie qui se replie. Les hommes traversent la Semois (et probablement les chevaux), mais les voitures ne peuvent pas traverser. C&rsquo;est le repli. Mont\u00e9e difficile \u00e0 Corbion, les pentes sont tr\u00e8s raides. Le soir, apr\u00e8s 24 km de marche via Corbion et Saint Menge, la compagnie va cantonner \u00e0 Donchery (commune voisine de Sedan).<\/p>\n<p>Du 25 ao\u00fbt au 5 septembre, par \u00e9tapes quotidiennes, \u00e0 pied (236 kilom\u00e8tres), la compagnie se replient jusqu\u2019\u00e0 Allibaudi\u00e8res \u00e0 45 km au sud de Ch\u00e2lons sur Marne (Ch\u00e2lons en Champagne aujourd\u2019hui). Tout ce repli est une p\u00e9riode de combat (<a href=\"https:\/\/fr.wikipedia.org\/wiki\/Bataille_de_la_Meuse\">bataille de la Meuse<\/a>).<\/p>\n<p>Aujourd&rsquo;hui, je suis donc mont\u00e9 \u00e0 Corbion, puis Sugny o\u00f9 \u00e9tait pass\u00e9 la 10\/13 le 19 ao\u00fbt, et j&rsquo;ai rejoint Alle comme elle l&rsquo;avait fait.<\/p>\n<p>Je n&rsquo;ai pas fait le d\u00e9tour par Thilay, et j&rsquo;ai poursuivi directement sur Oisy avant de redescendre, via Mogimont, sur Botassart. Je ne suis pas descendu jusqu&rsquo;\u00e0 la Semois, n&rsquo;\u00e9tant pas du tout certain que je pourrai franchir la Semois \u00e0 gu\u00e9, d&rsquo;autant plus que la descente aurait \u00e9t\u00e9 sur un mauvais chemin et la remont\u00e9e de l&rsquo;autre c\u00f4t\u00e9 probablement aussi.<\/p>\n<p>Je suis donc remont\u00e9 sur Mogimont, descendu et remont\u00e9 sur Rochehaut avant de redescendre sur Poupehan o\u00f9 un pont permet de franchir la Semois.<\/p>\n<p>Il ne me restait plus qu&rsquo;\u00e0 remonter jusqu&rsquo;\u00e0 Corbion avant de redescendre sur Bouillon et &#8230; de remonter \u00e0 l&rsquo;auberge de jeunesse.<\/p>\n<p>1440 m\u00e8tres de d\u00e9nivel\u00e9 dans la journ\u00e9e, heureusement sans sacoches.<\/p>\n<div id=\"attachment_3300\" style=\"width: 650px\" class=\"wp-caption alignnone\"><img loading=\"lazy\" decoding=\"async\" aria-describedby=\"caption-attachment-3300\" src=\"https:\/\/www.pierre-le-cycliste.fr\/wp-content\/uploads\/2024\/11\/20241115_082742.resized-1024x768.jpg\" alt=\"\" width=\"640\" height=\"480\" class=\"size-large wp-image-3300\" srcset=\"https:\/\/www.pierre-le-cycliste.fr\/wp-content\/uploads\/2024\/11\/20241115_082742.resized-1024x768.jpg 1024w, https:\/\/www.pierre-le-cycliste.fr\/wp-content\/uploads\/2024\/11\/20241115_082742.resized-300x225.jpg 300w, https:\/\/www.pierre-le-cycliste.fr\/wp-content\/uploads\/2024\/11\/20241115_082742.resized-768x576.jpg 768w, https:\/\/www.pierre-le-cycliste.fr\/wp-content\/uploads\/2024\/11\/20241115_082742.resized.jpg 1280w\" sizes=\"auto, (max-width: 640px) 100vw, 640px\" \/><p id=\"caption-attachment-3300\" class=\"wp-caption-text\">Vu sur le ch\u00e2teau de Bouillon.<\/p><\/div>\n<div id=\"attachment_3301\" style=\"width: 650px\" class=\"wp-caption alignnone\"><img loading=\"lazy\" decoding=\"async\" aria-describedby=\"caption-attachment-3301\" src=\"https:\/\/www.pierre-le-cycliste.fr\/wp-content\/uploads\/2024\/11\/20241115_082825.resized-1024x768.jpg\" alt=\"\" width=\"640\" height=\"480\" class=\"size-large wp-image-3301\" srcset=\"https:\/\/www.pierre-le-cycliste.fr\/wp-content\/uploads\/2024\/11\/20241115_082825.resized-1024x768.jpg 1024w, https:\/\/www.pierre-le-cycliste.fr\/wp-content\/uploads\/2024\/11\/20241115_082825.resized-300x225.jpg 300w, https:\/\/www.pierre-le-cycliste.fr\/wp-content\/uploads\/2024\/11\/20241115_082825.resized-768x576.jpg 768w, https:\/\/www.pierre-le-cycliste.fr\/wp-content\/uploads\/2024\/11\/20241115_082825.resized.jpg 1280w\" sizes=\"auto, (max-width: 640px) 100vw, 640px\" \/><p id=\"caption-attachment-3301\" class=\"wp-caption-text\">Vieux pont sur la Semois \u00e0 Bouillon.<\/p><\/div>\n<div id=\"attachment_3302\" style=\"width: 650px\" class=\"wp-caption alignnone\"><img loading=\"lazy\" decoding=\"async\" aria-describedby=\"caption-attachment-3302\" src=\"https:\/\/www.pierre-le-cycliste.fr\/wp-content\/uploads\/2024\/11\/20241115_090428.resized-1024x768.jpg\" alt=\"\" width=\"640\" height=\"480\" class=\"size-large wp-image-3302\" srcset=\"https:\/\/www.pierre-le-cycliste.fr\/wp-content\/uploads\/2024\/11\/20241115_090428.resized-1024x768.jpg 1024w, https:\/\/www.pierre-le-cycliste.fr\/wp-content\/uploads\/2024\/11\/20241115_090428.resized-300x225.jpg 300w, https:\/\/www.pierre-le-cycliste.fr\/wp-content\/uploads\/2024\/11\/20241115_090428.resized-768x576.jpg 768w, https:\/\/www.pierre-le-cycliste.fr\/wp-content\/uploads\/2024\/11\/20241115_090428.resized.jpg 1280w\" sizes=\"auto, (max-width: 640px) 100vw, 640px\" \/><p id=\"caption-attachment-3302\" class=\"wp-caption-text\">Arriv\u00e9e \u00e0 Corbion.<\/p><\/div>\n<div id=\"attachment_3303\" style=\"width: 650px\" class=\"wp-caption alignnone\"><img loading=\"lazy\" decoding=\"async\" aria-describedby=\"caption-attachment-3303\" src=\"https:\/\/www.pierre-le-cycliste.fr\/wp-content\/uploads\/2024\/11\/20241115_093329.resized-1024x768.jpg\" alt=\"\" width=\"640\" height=\"480\" class=\"size-large wp-image-3303\" srcset=\"https:\/\/www.pierre-le-cycliste.fr\/wp-content\/uploads\/2024\/11\/20241115_093329.resized-1024x768.jpg 1024w, https:\/\/www.pierre-le-cycliste.fr\/wp-content\/uploads\/2024\/11\/20241115_093329.resized-300x225.jpg 300w, https:\/\/www.pierre-le-cycliste.fr\/wp-content\/uploads\/2024\/11\/20241115_093329.resized-768x576.jpg 768w, https:\/\/www.pierre-le-cycliste.fr\/wp-content\/uploads\/2024\/11\/20241115_093329.resized.jpg 1280w\" sizes=\"auto, (max-width: 640px) 100vw, 640px\" \/><p id=\"caption-attachment-3303\" class=\"wp-caption-text\">Je rentre en France sans m&rsquo;en apercevoir, et en ressort avec un beau panneau d&rsquo;entr\u00e9e en Belgique que je n&rsquo;avais pas eu hier (sur une petite route secondaire).<\/p><\/div>\n<div id=\"attachment_3304\" style=\"width: 650px\" class=\"wp-caption alignnone\"><img loading=\"lazy\" decoding=\"async\" aria-describedby=\"caption-attachment-3304\" src=\"https:\/\/www.pierre-le-cycliste.fr\/wp-content\/uploads\/2024\/11\/20241115_094756.resized-1024x768.jpg\" alt=\"\" width=\"640\" height=\"480\" class=\"size-large wp-image-3304\" srcset=\"https:\/\/www.pierre-le-cycliste.fr\/wp-content\/uploads\/2024\/11\/20241115_094756.resized-1024x768.jpg 1024w, https:\/\/www.pierre-le-cycliste.fr\/wp-content\/uploads\/2024\/11\/20241115_094756.resized-300x225.jpg 300w, https:\/\/www.pierre-le-cycliste.fr\/wp-content\/uploads\/2024\/11\/20241115_094756.resized-768x576.jpg 768w, https:\/\/www.pierre-le-cycliste.fr\/wp-content\/uploads\/2024\/11\/20241115_094756.resized.jpg 1280w\" sizes=\"auto, (max-width: 640px) 100vw, 640px\" \/><p id=\"caption-attachment-3304\" class=\"wp-caption-text\">L&rsquo;\u00e9glise de Sugny.<\/p><\/div>\n<div id=\"attachment_3305\" style=\"width: 650px\" class=\"wp-caption alignnone\"><img loading=\"lazy\" decoding=\"async\" aria-describedby=\"caption-attachment-3305\" src=\"https:\/\/www.pierre-le-cycliste.fr\/wp-content\/uploads\/2024\/11\/20241115_094832.resized-1024x768.jpg\" alt=\"\" width=\"640\" height=\"480\" class=\"size-large wp-image-3305\" srcset=\"https:\/\/www.pierre-le-cycliste.fr\/wp-content\/uploads\/2024\/11\/20241115_094832.resized-1024x768.jpg 1024w, https:\/\/www.pierre-le-cycliste.fr\/wp-content\/uploads\/2024\/11\/20241115_094832.resized-300x225.jpg 300w, https:\/\/www.pierre-le-cycliste.fr\/wp-content\/uploads\/2024\/11\/20241115_094832.resized-768x576.jpg 768w, https:\/\/www.pierre-le-cycliste.fr\/wp-content\/uploads\/2024\/11\/20241115_094832.resized.jpg 1280w\" sizes=\"auto, (max-width: 640px) 100vw, 640px\" \/><p id=\"caption-attachment-3305\" class=\"wp-caption-text\">Monument \u00e0 la m\u00e9moire d&rsquo;un aviateur abattu \u00e0 Sugny, le 14 mai 1940.<\/p><\/div>\n<div id=\"attachment_3306\" style=\"width: 650px\" class=\"wp-caption alignnone\"><img loading=\"lazy\" decoding=\"async\" aria-describedby=\"caption-attachment-3306\" src=\"https:\/\/www.pierre-le-cycliste.fr\/wp-content\/uploads\/2024\/11\/20241115_095556.resized-1024x768.jpg\" alt=\"\" width=\"640\" height=\"480\" class=\"size-large wp-image-3306\" srcset=\"https:\/\/www.pierre-le-cycliste.fr\/wp-content\/uploads\/2024\/11\/20241115_095556.resized-1024x768.jpg 1024w, https:\/\/www.pierre-le-cycliste.fr\/wp-content\/uploads\/2024\/11\/20241115_095556.resized-300x225.jpg 300w, https:\/\/www.pierre-le-cycliste.fr\/wp-content\/uploads\/2024\/11\/20241115_095556.resized-768x576.jpg 768w, https:\/\/www.pierre-le-cycliste.fr\/wp-content\/uploads\/2024\/11\/20241115_095556.resized.jpg 1280w\" sizes=\"auto, (max-width: 640px) 100vw, 640px\" \/><p id=\"caption-attachment-3306\" class=\"wp-caption-text\">Paysage apr\u00e8s Sugny.<\/p><\/div>\n<div id=\"attachment_3307\" style=\"width: 650px\" class=\"wp-caption alignnone\"><img loading=\"lazy\" decoding=\"async\" aria-describedby=\"caption-attachment-3307\" src=\"https:\/\/www.pierre-le-cycliste.fr\/wp-content\/uploads\/2024\/11\/20241115_102055.resized-1024x768.jpg\" alt=\"\" width=\"640\" height=\"480\" class=\"size-large wp-image-3307\" srcset=\"https:\/\/www.pierre-le-cycliste.fr\/wp-content\/uploads\/2024\/11\/20241115_102055.resized-1024x768.jpg 1024w, https:\/\/www.pierre-le-cycliste.fr\/wp-content\/uploads\/2024\/11\/20241115_102055.resized-300x225.jpg 300w, https:\/\/www.pierre-le-cycliste.fr\/wp-content\/uploads\/2024\/11\/20241115_102055.resized-768x576.jpg 768w, https:\/\/www.pierre-le-cycliste.fr\/wp-content\/uploads\/2024\/11\/20241115_102055.resized.jpg 1280w\" sizes=\"auto, (max-width: 640px) 100vw, 640px\" \/><p id=\"caption-attachment-3307\" class=\"wp-caption-text\">Centre du village de Lafor\u00eat.<\/p><\/div>\n<div id=\"attachment_3309\" style=\"width: 650px\" class=\"wp-caption alignnone\"><img loading=\"lazy\" decoding=\"async\" aria-describedby=\"caption-attachment-3309\" src=\"https:\/\/www.pierre-le-cycliste.fr\/wp-content\/uploads\/2024\/11\/20241115_102811.resized-1024x768.jpg\" alt=\"\" width=\"640\" height=\"480\" class=\"size-large wp-image-3309\" srcset=\"https:\/\/www.pierre-le-cycliste.fr\/wp-content\/uploads\/2024\/11\/20241115_102811.resized-1024x768.jpg 1024w, https:\/\/www.pierre-le-cycliste.fr\/wp-content\/uploads\/2024\/11\/20241115_102811.resized-300x225.jpg 300w, https:\/\/www.pierre-le-cycliste.fr\/wp-content\/uploads\/2024\/11\/20241115_102811.resized-768x576.jpg 768w, https:\/\/www.pierre-le-cycliste.fr\/wp-content\/uploads\/2024\/11\/20241115_102811.resized.jpg 1280w\" sizes=\"auto, (max-width: 640px) 100vw, 640px\" \/><p id=\"caption-attachment-3309\" class=\"wp-caption-text\">La Semois \u00e0 Lafor\u00eat. En \u00e9t\u00e9, un pont de claies permet de la franchir<\/p><\/div>\n<div id=\"attachment_3331\" style=\"width: 780px\" class=\"wp-caption alignnone\"><img loading=\"lazy\" decoding=\"async\" aria-describedby=\"caption-attachment-3331\" src=\"https:\/\/www.pierre-le-cycliste.fr\/wp-content\/uploads\/2024\/11\/d042be1b4b72c110d21287b3dad13867-1628167241.jpg\" alt=\"\" width=\"770\" height=\"433\" class=\"size-full wp-image-3331\" srcset=\"https:\/\/www.pierre-le-cycliste.fr\/wp-content\/uploads\/2024\/11\/d042be1b4b72c110d21287b3dad13867-1628167241.jpg 770w, https:\/\/www.pierre-le-cycliste.fr\/wp-content\/uploads\/2024\/11\/d042be1b4b72c110d21287b3dad13867-1628167241-300x169.jpg 300w, https:\/\/www.pierre-le-cycliste.fr\/wp-content\/uploads\/2024\/11\/d042be1b4b72c110d21287b3dad13867-1628167241-768x432.jpg 768w\" sizes=\"auto, (max-width: 770px) 100vw, 770px\" \/><p id=\"caption-attachment-3331\" class=\"wp-caption-text\">Pont de claies sur la Semois, d&rsquo;apr\u00e8s <a href=\"https:\/\/www.rtbf.be\/article\/apres-la-crue-de-la-semois-le-pont-de-claies-de-laforet-a-vresse-est-remonte-10818853\">rtbf.be<\/a><\/p><\/div>\n<div id=\"attachment_3308\" style=\"width: 650px\" class=\"wp-caption alignnone\"><img loading=\"lazy\" decoding=\"async\" aria-describedby=\"caption-attachment-3308\" src=\"https:\/\/www.pierre-le-cycliste.fr\/wp-content\/uploads\/2024\/11\/20241115_102143.resized-1024x768.jpg\" alt=\"\" width=\"640\" height=\"480\" class=\"size-large wp-image-3308\" srcset=\"https:\/\/www.pierre-le-cycliste.fr\/wp-content\/uploads\/2024\/11\/20241115_102143.resized-1024x768.jpg 1024w, https:\/\/www.pierre-le-cycliste.fr\/wp-content\/uploads\/2024\/11\/20241115_102143.resized-300x225.jpg 300w, https:\/\/www.pierre-le-cycliste.fr\/wp-content\/uploads\/2024\/11\/20241115_102143.resized-768x576.jpg 768w, https:\/\/www.pierre-le-cycliste.fr\/wp-content\/uploads\/2024\/11\/20241115_102143.resized.jpg 1280w\" sizes=\"auto, (max-width: 640px) 100vw, 640px\" \/><p id=\"caption-attachment-3308\" class=\"wp-caption-text\">Monument aux morts \u00e0 Lafor\u00eat.<\/p><\/div>\n<div id=\"attachment_3310\" style=\"width: 650px\" class=\"wp-caption alignnone\"><img loading=\"lazy\" decoding=\"async\" aria-describedby=\"caption-attachment-3310\" src=\"https:\/\/www.pierre-le-cycliste.fr\/wp-content\/uploads\/2024\/11\/20241115_103802.resized-1024x768.jpg\" alt=\"\" width=\"640\" height=\"480\" class=\"size-large wp-image-3310\" srcset=\"https:\/\/www.pierre-le-cycliste.fr\/wp-content\/uploads\/2024\/11\/20241115_103802.resized-1024x768.jpg 1024w, https:\/\/www.pierre-le-cycliste.fr\/wp-content\/uploads\/2024\/11\/20241115_103802.resized-300x225.jpg 300w, https:\/\/www.pierre-le-cycliste.fr\/wp-content\/uploads\/2024\/11\/20241115_103802.resized-768x576.jpg 768w, https:\/\/www.pierre-le-cycliste.fr\/wp-content\/uploads\/2024\/11\/20241115_103802.resized.jpg 1280w\" sizes=\"auto, (max-width: 640px) 100vw, 640px\" \/><p id=\"caption-attachment-3310\" class=\"wp-caption-text\">Vresse sur Semois.<\/p><\/div>\n<div id=\"attachment_3311\" style=\"width: 650px\" class=\"wp-caption alignnone\"><img loading=\"lazy\" decoding=\"async\" aria-describedby=\"caption-attachment-3311\" src=\"https:\/\/www.pierre-le-cycliste.fr\/wp-content\/uploads\/2024\/11\/20241115_104136.resized-1024x768.jpg\" alt=\"\" width=\"640\" height=\"480\" class=\"size-large wp-image-3311\" srcset=\"https:\/\/www.pierre-le-cycliste.fr\/wp-content\/uploads\/2024\/11\/20241115_104136.resized-1024x768.jpg 1024w, https:\/\/www.pierre-le-cycliste.fr\/wp-content\/uploads\/2024\/11\/20241115_104136.resized-300x225.jpg 300w, https:\/\/www.pierre-le-cycliste.fr\/wp-content\/uploads\/2024\/11\/20241115_104136.resized-768x576.jpg 768w, https:\/\/www.pierre-le-cycliste.fr\/wp-content\/uploads\/2024\/11\/20241115_104136.resized.jpg 1280w\" sizes=\"auto, (max-width: 640px) 100vw, 640px\" \/><p id=\"caption-attachment-3311\" class=\"wp-caption-text\">Vieux pont \u00e0 Vresse sur Semois.<\/p><\/div>\n<div id=\"attachment_3312\" style=\"width: 650px\" class=\"wp-caption alignnone\"><img loading=\"lazy\" decoding=\"async\" aria-describedby=\"caption-attachment-3312\" src=\"https:\/\/www.pierre-le-cycliste.fr\/wp-content\/uploads\/2024\/11\/20241115_111014.resized-1024x768.jpg\" alt=\"\" width=\"640\" height=\"480\" class=\"size-large wp-image-3312\" srcset=\"https:\/\/www.pierre-le-cycliste.fr\/wp-content\/uploads\/2024\/11\/20241115_111014.resized-1024x768.jpg 1024w, https:\/\/www.pierre-le-cycliste.fr\/wp-content\/uploads\/2024\/11\/20241115_111014.resized-300x225.jpg 300w, https:\/\/www.pierre-le-cycliste.fr\/wp-content\/uploads\/2024\/11\/20241115_111014.resized-768x576.jpg 768w, https:\/\/www.pierre-le-cycliste.fr\/wp-content\/uploads\/2024\/11\/20241115_111014.resized.jpg 1280w\" sizes=\"auto, (max-width: 640px) 100vw, 640px\" \/><p id=\"caption-attachment-3312\" class=\"wp-caption-text\">La passerelle sur la Semois \u00e0non loin de Chairi\u00e8re.<\/p><\/div>\n<div id=\"attachment_3313\" style=\"width: 650px\" class=\"wp-caption alignnone\"><img loading=\"lazy\" decoding=\"async\" aria-describedby=\"caption-attachment-3313\" src=\"https:\/\/www.pierre-le-cycliste.fr\/wp-content\/uploads\/2024\/11\/20241115_111709.resized-1024x768.jpg\" alt=\"\" width=\"640\" height=\"480\" class=\"size-large wp-image-3313\" srcset=\"https:\/\/www.pierre-le-cycliste.fr\/wp-content\/uploads\/2024\/11\/20241115_111709.resized-1024x768.jpg 1024w, https:\/\/www.pierre-le-cycliste.fr\/wp-content\/uploads\/2024\/11\/20241115_111709.resized-300x225.jpg 300w, https:\/\/www.pierre-le-cycliste.fr\/wp-content\/uploads\/2024\/11\/20241115_111709.resized-768x576.jpg 768w, https:\/\/www.pierre-le-cycliste.fr\/wp-content\/uploads\/2024\/11\/20241115_111709.resized.jpg 1280w\" sizes=\"auto, (max-width: 640px) 100vw, 640px\" \/><p id=\"caption-attachment-3313\" class=\"wp-caption-text\">Le centre de Alle\/<\/p><\/div>\n<div id=\"attachment_3314\" style=\"width: 650px\" class=\"wp-caption alignnone\"><img loading=\"lazy\" decoding=\"async\" aria-describedby=\"caption-attachment-3314\" src=\"https:\/\/www.pierre-le-cycliste.fr\/wp-content\/uploads\/2024\/11\/20241115_121326.resized-1024x768.jpg\" alt=\"\" width=\"640\" height=\"480\" class=\"size-large wp-image-3314\" srcset=\"https:\/\/www.pierre-le-cycliste.fr\/wp-content\/uploads\/2024\/11\/20241115_121326.resized-1024x768.jpg 1024w, https:\/\/www.pierre-le-cycliste.fr\/wp-content\/uploads\/2024\/11\/20241115_121326.resized-300x225.jpg 300w, https:\/\/www.pierre-le-cycliste.fr\/wp-content\/uploads\/2024\/11\/20241115_121326.resized-768x576.jpg 768w, https:\/\/www.pierre-le-cycliste.fr\/wp-content\/uploads\/2024\/11\/20241115_121326.resized.jpg 1280w\" sizes=\"auto, (max-width: 640px) 100vw, 640px\" \/><p id=\"caption-attachment-3314\" class=\"wp-caption-text\">Le village de Gros-Fays.<\/p><\/div>\n<div id=\"attachment_3315\" style=\"width: 650px\" class=\"wp-caption alignnone\"><img loading=\"lazy\" decoding=\"async\" aria-describedby=\"caption-attachment-3315\" src=\"https:\/\/www.pierre-le-cycliste.fr\/wp-content\/uploads\/2024\/11\/20241115_122302.resized-1024x768.jpg\" alt=\"\" width=\"640\" height=\"480\" class=\"size-large wp-image-3315\" srcset=\"https:\/\/www.pierre-le-cycliste.fr\/wp-content\/uploads\/2024\/11\/20241115_122302.resized-1024x768.jpg 1024w, https:\/\/www.pierre-le-cycliste.fr\/wp-content\/uploads\/2024\/11\/20241115_122302.resized-300x225.jpg 300w, https:\/\/www.pierre-le-cycliste.fr\/wp-content\/uploads\/2024\/11\/20241115_122302.resized-768x576.jpg 768w, https:\/\/www.pierre-le-cycliste.fr\/wp-content\/uploads\/2024\/11\/20241115_122302.resized.jpg 1280w\" sizes=\"auto, (max-width: 640px) 100vw, 640px\" \/><p id=\"caption-attachment-3315\" class=\"wp-caption-text\">Paysage.<\/p><\/div>\n<div id=\"attachment_3316\" style=\"width: 650px\" class=\"wp-caption alignnone\"><img loading=\"lazy\" decoding=\"async\" aria-describedby=\"caption-attachment-3316\" src=\"https:\/\/www.pierre-le-cycliste.fr\/wp-content\/uploads\/2024\/11\/20241115_123751.resized-1024x768.jpg\" alt=\"\" width=\"640\" height=\"480\" class=\"size-large wp-image-3316\" srcset=\"https:\/\/www.pierre-le-cycliste.fr\/wp-content\/uploads\/2024\/11\/20241115_123751.resized-1024x768.jpg 1024w, https:\/\/www.pierre-le-cycliste.fr\/wp-content\/uploads\/2024\/11\/20241115_123751.resized-300x225.jpg 300w, https:\/\/www.pierre-le-cycliste.fr\/wp-content\/uploads\/2024\/11\/20241115_123751.resized-768x576.jpg 768w, https:\/\/www.pierre-le-cycliste.fr\/wp-content\/uploads\/2024\/11\/20241115_123751.resized.jpg 1280w\" sizes=\"auto, (max-width: 640px) 100vw, 640px\" \/><p id=\"caption-attachment-3316\" class=\"wp-caption-text\">L&rsquo;\u00e9glise de Oisy.<\/p><\/div>\n<div id=\"attachment_3317\" style=\"width: 650px\" class=\"wp-caption alignnone\"><img loading=\"lazy\" decoding=\"async\" aria-describedby=\"caption-attachment-3317\" src=\"https:\/\/www.pierre-le-cycliste.fr\/wp-content\/uploads\/2024\/11\/20241115_125550.resized-1024x768.jpg\" alt=\"\" width=\"640\" height=\"480\" class=\"size-large wp-image-3317\" srcset=\"https:\/\/www.pierre-le-cycliste.fr\/wp-content\/uploads\/2024\/11\/20241115_125550.resized-1024x768.jpg 1024w, https:\/\/www.pierre-le-cycliste.fr\/wp-content\/uploads\/2024\/11\/20241115_125550.resized-300x225.jpg 300w, https:\/\/www.pierre-le-cycliste.fr\/wp-content\/uploads\/2024\/11\/20241115_125550.resized-768x576.jpg 768w, https:\/\/www.pierre-le-cycliste.fr\/wp-content\/uploads\/2024\/11\/20241115_125550.resized.jpg 1280w\" sizes=\"auto, (max-width: 640px) 100vw, 640px\" \/><p id=\"caption-attachment-3317\" class=\"wp-caption-text\">Entre Oisy et Mogimont, mirador de chasse, tous les 50 m\u00e8tres, le long de la route.<\/p><\/div>\n<div id=\"attachment_3318\" style=\"width: 650px\" class=\"wp-caption alignnone\"><img loading=\"lazy\" decoding=\"async\" aria-describedby=\"caption-attachment-3318\" src=\"https:\/\/www.pierre-le-cycliste.fr\/wp-content\/uploads\/2024\/11\/20241115_131516.resized-1024x768.jpg\" alt=\"\" width=\"640\" height=\"480\" class=\"size-large wp-image-3318\" srcset=\"https:\/\/www.pierre-le-cycliste.fr\/wp-content\/uploads\/2024\/11\/20241115_131516.resized-1024x768.jpg 1024w, https:\/\/www.pierre-le-cycliste.fr\/wp-content\/uploads\/2024\/11\/20241115_131516.resized-300x225.jpg 300w, https:\/\/www.pierre-le-cycliste.fr\/wp-content\/uploads\/2024\/11\/20241115_131516.resized-768x576.jpg 768w, https:\/\/www.pierre-le-cycliste.fr\/wp-content\/uploads\/2024\/11\/20241115_131516.resized.jpg 1280w\" sizes=\"auto, (max-width: 640px) 100vw, 640px\" \/><p id=\"caption-attachment-3318\" class=\"wp-caption-text\">Paysage en approchant de Mogimont.<\/p><\/div>\n<div id=\"attachment_3319\" style=\"width: 650px\" class=\"wp-caption alignnone\"><img loading=\"lazy\" decoding=\"async\" aria-describedby=\"caption-attachment-3319\" src=\"https:\/\/www.pierre-le-cycliste.fr\/wp-content\/uploads\/2024\/11\/20241115_132345.resized-1024x768.jpg\" alt=\"\" width=\"640\" height=\"480\" class=\"size-large wp-image-3319\" srcset=\"https:\/\/www.pierre-le-cycliste.fr\/wp-content\/uploads\/2024\/11\/20241115_132345.resized-1024x768.jpg 1024w, https:\/\/www.pierre-le-cycliste.fr\/wp-content\/uploads\/2024\/11\/20241115_132345.resized-300x225.jpg 300w, https:\/\/www.pierre-le-cycliste.fr\/wp-content\/uploads\/2024\/11\/20241115_132345.resized-768x576.jpg 768w, https:\/\/www.pierre-le-cycliste.fr\/wp-content\/uploads\/2024\/11\/20241115_132345.resized.jpg 1280w\" sizes=\"auto, (max-width: 640px) 100vw, 640px\" \/><p id=\"caption-attachment-3319\" class=\"wp-caption-text\">Mogimont.<\/p><\/div>\n<div id=\"attachment_3320\" style=\"width: 650px\" class=\"wp-caption alignnone\"><img loading=\"lazy\" decoding=\"async\" aria-describedby=\"caption-attachment-3320\" src=\"https:\/\/www.pierre-le-cycliste.fr\/wp-content\/uploads\/2024\/11\/20241115_132643.resized-1024x768.jpg\" alt=\"\" width=\"640\" height=\"480\" class=\"size-large wp-image-3320\" srcset=\"https:\/\/www.pierre-le-cycliste.fr\/wp-content\/uploads\/2024\/11\/20241115_132643.resized-1024x768.jpg 1024w, https:\/\/www.pierre-le-cycliste.fr\/wp-content\/uploads\/2024\/11\/20241115_132643.resized-300x225.jpg 300w, https:\/\/www.pierre-le-cycliste.fr\/wp-content\/uploads\/2024\/11\/20241115_132643.resized-768x576.jpg 768w, https:\/\/www.pierre-le-cycliste.fr\/wp-content\/uploads\/2024\/11\/20241115_132643.resized.jpg 1280w\" sizes=\"auto, (max-width: 640px) 100vw, 640px\" \/><p id=\"caption-attachment-3320\" class=\"wp-caption-text\">Col de Mogimont 422 m\u00e8tres.<\/p><\/div>\n<div id=\"attachment_3321\" style=\"width: 650px\" class=\"wp-caption alignnone\"><img loading=\"lazy\" decoding=\"async\" aria-describedby=\"caption-attachment-3321\" src=\"https:\/\/www.pierre-le-cycliste.fr\/wp-content\/uploads\/2024\/11\/20241115_133236.resized-1024x768.jpg\" alt=\"\" width=\"640\" height=\"480\" class=\"size-large wp-image-3321\" srcset=\"https:\/\/www.pierre-le-cycliste.fr\/wp-content\/uploads\/2024\/11\/20241115_133236.resized-1024x768.jpg 1024w, https:\/\/www.pierre-le-cycliste.fr\/wp-content\/uploads\/2024\/11\/20241115_133236.resized-300x225.jpg 300w, https:\/\/www.pierre-le-cycliste.fr\/wp-content\/uploads\/2024\/11\/20241115_133236.resized-768x576.jpg 768w, https:\/\/www.pierre-le-cycliste.fr\/wp-content\/uploads\/2024\/11\/20241115_133236.resized.jpg 1280w\" sizes=\"auto, (max-width: 640px) 100vw, 640px\" \/><p id=\"caption-attachment-3321\" class=\"wp-caption-text\">Ugimont.<\/p><\/div>\n<div id=\"attachment_3322\" style=\"width: 650px\" class=\"wp-caption alignnone\"><img loading=\"lazy\" decoding=\"async\" aria-describedby=\"caption-attachment-3322\" src=\"https:\/\/www.pierre-le-cycliste.fr\/wp-content\/uploads\/2024\/11\/20241115_133705.resized-1024x768.jpg\" alt=\"\" width=\"640\" height=\"480\" class=\"size-large wp-image-3322\" srcset=\"https:\/\/www.pierre-le-cycliste.fr\/wp-content\/uploads\/2024\/11\/20241115_133705.resized-1024x768.jpg 1024w, https:\/\/www.pierre-le-cycliste.fr\/wp-content\/uploads\/2024\/11\/20241115_133705.resized-300x225.jpg 300w, https:\/\/www.pierre-le-cycliste.fr\/wp-content\/uploads\/2024\/11\/20241115_133705.resized-768x576.jpg 768w, https:\/\/www.pierre-le-cycliste.fr\/wp-content\/uploads\/2024\/11\/20241115_133705.resized.jpg 1280w\" sizes=\"auto, (max-width: 640px) 100vw, 640px\" \/><p id=\"caption-attachment-3322\" class=\"wp-caption-text\">Botassart.<\/p><\/div>\n<div id=\"attachment_3323\" style=\"width: 650px\" class=\"wp-caption alignnone\"><img loading=\"lazy\" decoding=\"async\" aria-describedby=\"caption-attachment-3323\" src=\"https:\/\/www.pierre-le-cycliste.fr\/wp-content\/uploads\/2024\/11\/20241115_133943.resized-1024x768.jpg\" alt=\"\" width=\"640\" height=\"480\" class=\"size-large wp-image-3323\" srcset=\"https:\/\/www.pierre-le-cycliste.fr\/wp-content\/uploads\/2024\/11\/20241115_133943.resized-1024x768.jpg 1024w, https:\/\/www.pierre-le-cycliste.fr\/wp-content\/uploads\/2024\/11\/20241115_133943.resized-300x225.jpg 300w, https:\/\/www.pierre-le-cycliste.fr\/wp-content\/uploads\/2024\/11\/20241115_133943.resized-768x576.jpg 768w, https:\/\/www.pierre-le-cycliste.fr\/wp-content\/uploads\/2024\/11\/20241115_133943.resized.jpg 1280w\" sizes=\"auto, (max-width: 640px) 100vw, 640px\" \/><p id=\"caption-attachment-3323\" class=\"wp-caption-text\">Botassart.<\/p><\/div>\n<div id=\"attachment_3324\" style=\"width: 650px\" class=\"wp-caption alignnone\"><img loading=\"lazy\" decoding=\"async\" aria-describedby=\"caption-attachment-3324\" src=\"https:\/\/www.pierre-le-cycliste.fr\/wp-content\/uploads\/2024\/11\/20241115_134459.resized-1024x768.jpg\" alt=\"\" width=\"640\" height=\"480\" class=\"size-large wp-image-3324\" srcset=\"https:\/\/www.pierre-le-cycliste.fr\/wp-content\/uploads\/2024\/11\/20241115_134459.resized-1024x768.jpg 1024w, https:\/\/www.pierre-le-cycliste.fr\/wp-content\/uploads\/2024\/11\/20241115_134459.resized-300x225.jpg 300w, https:\/\/www.pierre-le-cycliste.fr\/wp-content\/uploads\/2024\/11\/20241115_134459.resized-768x576.jpg 768w, https:\/\/www.pierre-le-cycliste.fr\/wp-content\/uploads\/2024\/11\/20241115_134459.resized.jpg 1280w\" sizes=\"auto, (max-width: 640px) 100vw, 640px\" \/><p id=\"caption-attachment-3324\" class=\"wp-caption-text\">Une boucle de la Semois vue du Tombeau du G\u00e9ant \u00e0 Botassart.<\/p><\/div>\n<div id=\"attachment_3325\" style=\"width: 650px\" class=\"wp-caption alignnone\"><img loading=\"lazy\" decoding=\"async\" aria-describedby=\"caption-attachment-3325\" src=\"https:\/\/www.pierre-le-cycliste.fr\/wp-content\/uploads\/2024\/11\/20241115_144751.resized-1024x768.jpg\" alt=\"\" width=\"640\" height=\"480\" class=\"size-large wp-image-3325\" srcset=\"https:\/\/www.pierre-le-cycliste.fr\/wp-content\/uploads\/2024\/11\/20241115_144751.resized-1024x768.jpg 1024w, https:\/\/www.pierre-le-cycliste.fr\/wp-content\/uploads\/2024\/11\/20241115_144751.resized-300x225.jpg 300w, https:\/\/www.pierre-le-cycliste.fr\/wp-content\/uploads\/2024\/11\/20241115_144751.resized-768x576.jpg 768w, https:\/\/www.pierre-le-cycliste.fr\/wp-content\/uploads\/2024\/11\/20241115_144751.resized.jpg 1280w\" sizes=\"auto, (max-width: 640px) 100vw, 640px\" \/><p id=\"caption-attachment-3325\" class=\"wp-caption-text\">Col du Routi en arrivant sur Rochehaut.<\/p><\/div>\n","protected":false},"excerpt":{"rendered":"<p>Aujourd&rsquo;hui superbe randonn\u00e9e au pays de la Semois, rivi\u00e8re qui structure le paysage dans ce coin d&rsquo;Ardenne wallone, affluent de la Meuse, sur les traces de Fernand &#8230; Hier je vous disais que le 19 ao\u00fbt 1914, la compagnie 10\/13 &hellip; <a href=\"https:\/\/www.pierre-le-cycliste.fr\/index.php\/2024\/11\/15\/guerre-14-18-jour-9-bouillon\/\">Continuer la lecture <span class=\"meta-nav\">&rarr;<\/span><\/a><\/p>\n","protected":false},"author":1,"featured_media":0,"comment_status":"open","ping_status":"open","sticky":false,"template":"","format":"standard","meta":{"footnotes":""},"categories":[1],"tags":[],"class_list":["post-3326","post","type-post","status-publish","format-standard","hentry","category-non-classe"],"_links":{"self":[{"href":"https:\/\/www.pierre-le-cycliste.fr\/index.php\/wp-json\/wp\/v2\/posts\/3326","targetHints":{"allow":["GET"]}}],"collection":[{"href":"https:\/\/www.pierre-le-cycliste.fr\/index.php\/wp-json\/wp\/v2\/posts"}],"about":[{"href":"https:\/\/www.pierre-le-cycliste.fr\/index.php\/wp-json\/wp\/v2\/types\/post"}],"author":[{"embeddable":true,"href":"https:\/\/www.pierre-le-cycliste.fr\/index.php\/wp-json\/wp\/v2\/users\/1"}],"replies":[{"embeddable":true,"href":"https:\/\/www.pierre-le-cycliste.fr\/index.php\/wp-json\/wp\/v2\/comments?post=3326"}],"version-history":[{"count":4,"href":"https:\/\/www.pierre-le-cycliste.fr\/index.php\/wp-json\/wp\/v2\/posts\/3326\/revisions"}],"predecessor-version":[{"id":3333,"href":"https:\/\/www.pierre-le-cycliste.fr\/index.php\/wp-json\/wp\/v2\/posts\/3326\/revisions\/3333"}],"wp:attachment":[{"href":"https:\/\/www.pierre-le-cycliste.fr\/index.php\/wp-json\/wp\/v2\/media?parent=3326"}],"wp:term":[{"taxonomy":"category","embeddable":true,"href":"https:\/\/www.pierre-le-cycliste.fr\/index.php\/wp-json\/wp\/v2\/categories?post=3326"},{"taxonomy":"post_tag","embeddable":true,"href":"https:\/\/www.pierre-le-cycliste.fr\/index.php\/wp-json\/wp\/v2\/tags?post=3326"}],"curies":[{"name":"wp","href":"https:\/\/api.w.org\/{rel}","templated":true}]}}