{"id":3562,"date":"2024-11-21T21:30:09","date_gmt":"2024-11-21T20:30:09","guid":{"rendered":"https:\/\/www.pierre-le-cycliste.fr\/?p=3562"},"modified":"2024-11-21T21:30:09","modified_gmt":"2024-11-21T20:30:09","slug":"guerre-14-18-jour-15-verdun-les-eparges-nancy-91-km","status":"publish","type":"post","link":"https:\/\/www.pierre-le-cycliste.fr\/index.php\/2024\/11\/21\/guerre-14-18-jour-15-verdun-les-eparges-nancy-91-km\/","title":{"rendered":"Guerre 14-18 &#8211; jour  15 &#8211; Verdun &#8211; Les Eparges &#8211; Nancy &#8211; 91 km"},"content":{"rendered":"<p>Excellente journ\u00e9e !<\/p>\n<p>De la neige \u00e9tait tomb\u00e9e en d\u00e9but de nuit et elle n&rsquo;avait pas fondu.<\/p>\n<p>J&rsquo;ai quitt\u00e9 Verdun avec beaucoup de pr\u00e9cautions, surtout dans les descentes.<\/p>\n<p>Pendant une dizaine de kilom\u00e8tres, je suis sur une grande route. Dans mon sens, il y a peu de circulation, mais le trafic est suffisant pour que la route soit d\u00e9neig\u00e9e au centre de la partie droite de la route, le bas-c\u00f4t\u00e9 est bien enneig\u00e9, et il ne faut pas y rouler. Premi\u00e8re mont\u00e9e, 100 m\u00e8tres de d\u00e9nivel\u00e9, descente de 50 m\u00e8tres et remont\u00e9e de 160 m\u00e8tres pour arriver \u00e0 un esp\u00e8ce de col \u00e0 380 m\u00e8tres d&rsquo;altitude, au niveau de l&rsquo;a\u00e9rodrome de Versun-Sommedieue.<\/p>\n<p>Puis je n&rsquo;aurais que des petites routes jusqu&rsquo;\u00e0 l&rsquo;arriv\u00e9e \u00e0 Bouxi\u00e8res aux Dames, la banlieue nord de Nancy o\u00f9 je loge ce soir.<\/p>\n<p>L&rsquo;inconv\u00e9nient de ces petites routes o\u00f9 je suis tout seul, c&rsquo;est qu&rsquo;il y a peu de passages et qu&rsquo;il reste beaucoup de neige.<\/p>\n<p>Je croise deux caravanes de chasseurs, une dizaine de voitures \u00e0 chaque fois.<\/p>\n<p>Il faut dire que je traverse le parc naturel r\u00e9gional de Lorraine, couvert de for\u00eats.<\/p>\n<p>Plaisir de rouler dans ces paysages enneig\u00e9s. <\/p>\n<p><strong>Fernand \u00e9voque la neige dans ses lettres<\/strong><\/p>\n<p><strong>Le 9 mars 1917,<\/strong> il est \u00e0 la Maison Foresti\u00e8re, du c\u00f4t\u00e9 de Mesnil-les Hurlus, dans ce qui est aujourd&rsquo;hui le camp de Suippes, il \u00e9crit : <\/p>\n<p>\u00ab\u00a0<em>Et durant que je vous \u00e9cris il neige il neige et il neige. Et pendant ce temps-l\u00e0 j\u2019entends du canon qui tape tr\u00e8s dur \u00e0 gauche vers Aub\u00e9rive. J\u2019entends m\u00eame la mitrailleuse. Il doit se passer l\u00e0-bas quelque attaque. Par ce temps-l\u00e0\u00a0!!! Mon Dieu que de mis\u00e8res\u00a0!!! <\/em>\u00a0\u00bb <\/p>\n<p>mais <strong>le 26 novembre 1917<\/strong> (\u00e0 cinq jours pr\u00e8s, le m\u00eame jour, aujourd&rsquo;hui 107 ans plus tard),<\/p>\n<p>sa compagnie est au repos \u00e0 Heiltz le Maurupt (\u00e0 50 kilom\u00e8tres au sud-ouest de Verdun) apr\u00e8s avoir pass\u00e9 un mois \u00e0 Verdun, le moral est bon et en parlant de la neige, plus po\u00e9tique, il \u00e9crit :<\/p>\n<p>\u00ab\u00a0<em>Madame la neige a fait son apparition en nos parages. Madame la neige m\u2019est assez sympathique et sans d\u00e9sirer vivement ses visites, je ne les redoute pas ainsi que celles de sa s\u0153ur madame la pluie.<br \/>\nL\u2019an dernier pourtant elle fut plut\u00f4t indiscr\u00e8te en prolongeant son s\u00e9jour parmi nous plus qu\u2019il \u00e9tait s\u00e9ant.<br \/>\nJe la re\u00e7ois pourtant ce matin avec les honneurs qui lui sont dus, mais j\u2019esp\u00e8re que cette fois son passage chez nous sera plus bref.<br \/>\nLes arbres de ma for\u00eat sont recouverts d\u2019un \u00e9pais duvet blanc, et \u00e0 chaque coup de hache ass\u00e9n\u00e9 \u00e0 leur base ce duvet nous tombe sur les \u00e9paules.<br \/>\nJe n\u2019irai pas jusqu\u2019\u00e0 dire que c\u2019est agr\u00e9able, mais c\u2019est une revanche que prennent sur nous ces pauvres arbres qui jusqu\u2019ici se laissaient abattre sans se d\u00e9fendre. Ils se contentent seulement quand le dernier coup les terrasse de se laisser choir avec un grand bruissement de branches qu\u2019on dirait un soupir.<br \/>\nNotre for\u00eat est superbe et si paisible, si tranquille.<br \/>\nQuel diff\u00e9rence entre ces \u00e9pais taillis tels que le bon Dieu les as fait et d\u2019autres que j\u2019ai connus et sont tels que les a laiss\u00e9s la brutalit\u00e9 la sauvagerie de l\u2019homme.<\/em>\u00a0\u00bb<\/p>\n<p>Je passe aux Eparges, lieu d&rsquo;une <a href=\"https:\/\/fr.wikipedia.org\/wiki\/Bataille_des_%C3%89parges\">fameuse bataille<\/a> de f\u00e9vrier \u00e0 avril 1915, <a href=\"https:\/\/fr.wikipedia.org\/wiki\/Maurice_Genevoix\">Maurice Genevoix<\/a> y combattit et y fut gravement bless\u00e9.<\/p>\n<p>Je ne monte pas jusqu&rsquo;au champ de bataille (3 kilom\u00e8tres de mont\u00e9e), c&rsquo;est un cul de sac, aucune voiture ne sera probablement pass\u00e9e par l\u00e0. Il aurait \u00e9t\u00e9 probablement difficile de rouler.<\/p>\n<p>Par contre un peu plus loin, je roule sur la <a href=\"https:\/\/fr.wikipedia.org\/wiki\/Tranch%C3%A9e_de_Calonne\">Tranch\u00e9e de Calonne<\/a>, une route foresti\u00e8re qui fut l&rsquo;enjeu de combats acharn\u00e9s en 1914-1915 et je passe non loin du lieu o\u00f9 f\u00fbt tu\u00e9 <a href=\"https:\/\/fr.wikipedia.org\/wiki\/Alain-Fournier\">Alain Fournier<\/a> et 20 de ses compagnons.<\/p>\n<p>Pour finir, j&rsquo;arrive \u00e0 Bouxi\u00e8res aux Dames vers 16h30. Il neige \u00e0 petits flocons depuis plus d&rsquo;une heure, mais la neige ne tient pas et ne mouille pas, et j&rsquo;ai eu tr\u00e8s peu de vent dans la journ\u00e9e, mais un temps tr\u00e8s gris.<\/p>\n<div id=\"attachment_3542\" style=\"width: 650px\" class=\"wp-caption alignnone\"><img loading=\"lazy\" decoding=\"async\" aria-describedby=\"caption-attachment-3542\" src=\"https:\/\/www.pierre-le-cycliste.fr\/wp-content\/uploads\/2024\/11\/20241121_082953.resized-1024x768.jpg\" alt=\"\" width=\"640\" height=\"480\" class=\"size-large wp-image-3542\" srcset=\"https:\/\/www.pierre-le-cycliste.fr\/wp-content\/uploads\/2024\/11\/20241121_082953.resized-1024x768.jpg 1024w, https:\/\/www.pierre-le-cycliste.fr\/wp-content\/uploads\/2024\/11\/20241121_082953.resized-300x225.jpg 300w, https:\/\/www.pierre-le-cycliste.fr\/wp-content\/uploads\/2024\/11\/20241121_082953.resized-768x576.jpg 768w, https:\/\/www.pierre-le-cycliste.fr\/wp-content\/uploads\/2024\/11\/20241121_082953.resized.jpg 1280w\" sizes=\"auto, (max-width: 640px) 100vw, 640px\" \/><p id=\"caption-attachment-3542\" class=\"wp-caption-text\">Blanche neige en quittant Verdun ce matin.<\/p><\/div>\n<div id=\"attachment_3543\" style=\"width: 650px\" class=\"wp-caption alignnone\"><img loading=\"lazy\" decoding=\"async\" aria-describedby=\"caption-attachment-3543\" src=\"https:\/\/www.pierre-le-cycliste.fr\/wp-content\/uploads\/2024\/11\/20241121_085814.resized-1024x768.jpg\" alt=\"\" width=\"640\" height=\"480\" class=\"size-large wp-image-3543\" srcset=\"https:\/\/www.pierre-le-cycliste.fr\/wp-content\/uploads\/2024\/11\/20241121_085814.resized-1024x768.jpg 1024w, https:\/\/www.pierre-le-cycliste.fr\/wp-content\/uploads\/2024\/11\/20241121_085814.resized-300x225.jpg 300w, https:\/\/www.pierre-le-cycliste.fr\/wp-content\/uploads\/2024\/11\/20241121_085814.resized-768x576.jpg 768w, https:\/\/www.pierre-le-cycliste.fr\/wp-content\/uploads\/2024\/11\/20241121_085814.resized.jpg 1280w\" sizes=\"auto, (max-width: 640px) 100vw, 640px\" \/><p id=\"caption-attachment-3543\" class=\"wp-caption-text\">L&rsquo;a\u00e9rodrome de Verdun-Sommedieue.<\/p><\/div>\n<div id=\"attachment_3544\" style=\"width: 650px\" class=\"wp-caption alignnone\"><img loading=\"lazy\" decoding=\"async\" aria-describedby=\"caption-attachment-3544\" src=\"https:\/\/www.pierre-le-cycliste.fr\/wp-content\/uploads\/2024\/11\/20241121_090738.resized-1024x768.jpg\" alt=\"\" width=\"640\" height=\"480\" class=\"size-large wp-image-3544\" srcset=\"https:\/\/www.pierre-le-cycliste.fr\/wp-content\/uploads\/2024\/11\/20241121_090738.resized-1024x768.jpg 1024w, https:\/\/www.pierre-le-cycliste.fr\/wp-content\/uploads\/2024\/11\/20241121_090738.resized-300x225.jpg 300w, https:\/\/www.pierre-le-cycliste.fr\/wp-content\/uploads\/2024\/11\/20241121_090738.resized-768x576.jpg 768w, https:\/\/www.pierre-le-cycliste.fr\/wp-content\/uploads\/2024\/11\/20241121_090738.resized.jpg 1280w\" sizes=\"auto, (max-width: 640px) 100vw, 640px\" \/><p id=\"caption-attachment-3544\" class=\"wp-caption-text\">Paysage de neige.<\/p><\/div>\n<div id=\"attachment_3545\" style=\"width: 650px\" class=\"wp-caption alignnone\"><img loading=\"lazy\" decoding=\"async\" aria-describedby=\"caption-attachment-3545\" src=\"https:\/\/www.pierre-le-cycliste.fr\/wp-content\/uploads\/2024\/11\/20241121_095131.resized-1024x768.jpg\" alt=\"\" width=\"640\" height=\"480\" class=\"size-large wp-image-3545\" srcset=\"https:\/\/www.pierre-le-cycliste.fr\/wp-content\/uploads\/2024\/11\/20241121_095131.resized-1024x768.jpg 1024w, https:\/\/www.pierre-le-cycliste.fr\/wp-content\/uploads\/2024\/11\/20241121_095131.resized-300x225.jpg 300w, https:\/\/www.pierre-le-cycliste.fr\/wp-content\/uploads\/2024\/11\/20241121_095131.resized-768x576.jpg 768w, https:\/\/www.pierre-le-cycliste.fr\/wp-content\/uploads\/2024\/11\/20241121_095131.resized.jpg 1280w\" sizes=\"auto, (max-width: 640px) 100vw, 640px\" \/><p id=\"caption-attachment-3545\" class=\"wp-caption-text\">Paysage de neige.<\/p><\/div>\n<div id=\"attachment_3546\" style=\"width: 650px\" class=\"wp-caption alignnone\"><img loading=\"lazy\" decoding=\"async\" aria-describedby=\"caption-attachment-3546\" src=\"https:\/\/www.pierre-le-cycliste.fr\/wp-content\/uploads\/2024\/11\/20241121_095137.resized-1024x768.jpg\" alt=\"\" width=\"640\" height=\"480\" class=\"size-large wp-image-3546\" srcset=\"https:\/\/www.pierre-le-cycliste.fr\/wp-content\/uploads\/2024\/11\/20241121_095137.resized-1024x768.jpg 1024w, https:\/\/www.pierre-le-cycliste.fr\/wp-content\/uploads\/2024\/11\/20241121_095137.resized-300x225.jpg 300w, https:\/\/www.pierre-le-cycliste.fr\/wp-content\/uploads\/2024\/11\/20241121_095137.resized-768x576.jpg 768w, https:\/\/www.pierre-le-cycliste.fr\/wp-content\/uploads\/2024\/11\/20241121_095137.resized.jpg 1280w\" sizes=\"auto, (max-width: 640px) 100vw, 640px\" \/><p id=\"caption-attachment-3546\" class=\"wp-caption-text\">Paysage de neige.<\/p><\/div>\n<div id=\"attachment_3547\" style=\"width: 650px\" class=\"wp-caption alignnone\"><img loading=\"lazy\" decoding=\"async\" aria-describedby=\"caption-attachment-3547\" src=\"https:\/\/www.pierre-le-cycliste.fr\/wp-content\/uploads\/2024\/11\/20241121_100017.resized-1024x768.jpg\" alt=\"\" width=\"640\" height=\"480\" class=\"size-large wp-image-3547\" srcset=\"https:\/\/www.pierre-le-cycliste.fr\/wp-content\/uploads\/2024\/11\/20241121_100017.resized-1024x768.jpg 1024w, https:\/\/www.pierre-le-cycliste.fr\/wp-content\/uploads\/2024\/11\/20241121_100017.resized-300x225.jpg 300w, https:\/\/www.pierre-le-cycliste.fr\/wp-content\/uploads\/2024\/11\/20241121_100017.resized-768x576.jpg 768w, https:\/\/www.pierre-le-cycliste.fr\/wp-content\/uploads\/2024\/11\/20241121_100017.resized.jpg 1280w\" sizes=\"auto, (max-width: 640px) 100vw, 640px\" \/><p id=\"caption-attachment-3547\" class=\"wp-caption-text\">Aux Eparges, c&rsquo;est No\u00ebl !<\/p><\/div>\n<div id=\"attachment_3548\" style=\"width: 650px\" class=\"wp-caption alignnone\"><img loading=\"lazy\" decoding=\"async\" aria-describedby=\"caption-attachment-3548\" src=\"https:\/\/www.pierre-le-cycliste.fr\/wp-content\/uploads\/2024\/11\/20241121_100130.resized-768x1024.jpg\" alt=\"\" width=\"640\" height=\"853\" class=\"size-large wp-image-3548\" srcset=\"https:\/\/www.pierre-le-cycliste.fr\/wp-content\/uploads\/2024\/11\/20241121_100130.resized-768x1024.jpg 768w, https:\/\/www.pierre-le-cycliste.fr\/wp-content\/uploads\/2024\/11\/20241121_100130.resized-225x300.jpg 225w, https:\/\/www.pierre-le-cycliste.fr\/wp-content\/uploads\/2024\/11\/20241121_100130.resized-rotated.jpg 960w\" sizes=\"auto, (max-width: 640px) 100vw, 640px\" \/><p id=\"caption-attachment-3548\" class=\"wp-caption-text\">Aux Eparges, la statue de <a href=\"https:\/\/fr.wikipedia.org\/wiki\/Maurice_Genevoix\">Maurice Genevoix<\/a> qui y a combattu, en particulier lors des combats les plus violents du 17 au 22 f\u00e9vrier 1915, et il y est tr\u00e8s gri\u00e8vement bless\u00e9 en avril 1915. Son \u0153uvre litt\u00e9raire est marqu\u00e9e par le traumatisme de la Grande Guerre (1914-1918), particuli\u00e8rement dans \u00ab\u00a0Ceux de 14\u00a0\u00bb, recueil de r\u00e9cits de guerre rassembl\u00e9s en 1949, consid\u00e9r\u00e9 comme l&rsquo;un des plus grands t\u00e9moignages sur ce conflit.<\/p><\/div>\n<div id=\"attachment_3549\" style=\"width: 650px\" class=\"wp-caption alignnone\"><img loading=\"lazy\" decoding=\"async\" aria-describedby=\"caption-attachment-3549\" src=\"https:\/\/www.pierre-le-cycliste.fr\/wp-content\/uploads\/2024\/11\/20241121_103810.resized-1024x768.jpg\" alt=\"\" width=\"640\" height=\"480\" class=\"size-large wp-image-3549\" srcset=\"https:\/\/www.pierre-le-cycliste.fr\/wp-content\/uploads\/2024\/11\/20241121_103810.resized-1024x768.jpg 1024w, https:\/\/www.pierre-le-cycliste.fr\/wp-content\/uploads\/2024\/11\/20241121_103810.resized-300x225.jpg 300w, https:\/\/www.pierre-le-cycliste.fr\/wp-content\/uploads\/2024\/11\/20241121_103810.resized-768x576.jpg 768w, https:\/\/www.pierre-le-cycliste.fr\/wp-content\/uploads\/2024\/11\/20241121_103810.resized.jpg 1280w\" sizes=\"auto, (max-width: 640px) 100vw, 640px\" \/><p id=\"caption-attachment-3549\" class=\"wp-caption-text\">Chemin pour se rendre dans la clairi\u00e8re o\u00f9 furent tu\u00e9s, le 22 septembre 1914, 21 soldats du 288e RI dont Alain Fournier. <a href=\"https:\/\/fr.wikipedia.org\/wiki\/Alain-Fournier\">Alain Fournier<\/a>, tu\u00e9 \u00e0 27 ans, \u00e9tait \u00e9crivain et est surtout connu pour son roman \u00ab\u00a0Le Grand Meaulnes\u00a0\u00bb publi\u00e9 en 1913.<\/p><\/div>\n<div id=\"attachment_3550\" style=\"width: 650px\" class=\"wp-caption alignnone\"><img loading=\"lazy\" decoding=\"async\" aria-describedby=\"caption-attachment-3550\" src=\"https:\/\/www.pierre-le-cycliste.fr\/wp-content\/uploads\/2024\/11\/20241121_104329.resized-768x1024.jpg\" alt=\"\" width=\"640\" height=\"853\" class=\"size-large wp-image-3550\" srcset=\"https:\/\/www.pierre-le-cycliste.fr\/wp-content\/uploads\/2024\/11\/20241121_104329.resized-768x1024.jpg 768w, https:\/\/www.pierre-le-cycliste.fr\/wp-content\/uploads\/2024\/11\/20241121_104329.resized-225x300.jpg 225w, https:\/\/www.pierre-le-cycliste.fr\/wp-content\/uploads\/2024\/11\/20241121_104329.resized-rotated.jpg 960w\" sizes=\"auto, (max-width: 640px) 100vw, 640px\" \/><p id=\"caption-attachment-3550\" class=\"wp-caption-text\">Abri souterrain allemand au bord du chemin conduisant \u00e0 la clairi\u00e8re de la fosse d&rsquo;<a href=\"https:\/\/fr.wikipedia.org\/wiki\/Alain-Fournier\">Alain Fournier<\/a> et de ses compagnons.<\/p><\/div>\n<div id=\"attachment_3551\" style=\"width: 650px\" class=\"wp-caption alignnone\"><img loading=\"lazy\" decoding=\"async\" aria-describedby=\"caption-attachment-3551\" src=\"https:\/\/www.pierre-le-cycliste.fr\/wp-content\/uploads\/2024\/11\/20241121_104802.resized-1024x768.jpg\" alt=\"\" width=\"640\" height=\"480\" class=\"size-large wp-image-3551\" srcset=\"https:\/\/www.pierre-le-cycliste.fr\/wp-content\/uploads\/2024\/11\/20241121_104802.resized-1024x768.jpg 1024w, https:\/\/www.pierre-le-cycliste.fr\/wp-content\/uploads\/2024\/11\/20241121_104802.resized-300x225.jpg 300w, https:\/\/www.pierre-le-cycliste.fr\/wp-content\/uploads\/2024\/11\/20241121_104802.resized-768x576.jpg 768w, https:\/\/www.pierre-le-cycliste.fr\/wp-content\/uploads\/2024\/11\/20241121_104802.resized.jpg 1280w\" sizes=\"auto, (max-width: 640px) 100vw, 640px\" \/><p id=\"caption-attachment-3551\" class=\"wp-caption-text\">Monument \u00e0 la m\u00e9moire des 21 soldats du 288e RI tu\u00e9s au combat le 22 septembre 1914.<\/p><\/div>\n<div id=\"attachment_3552\" style=\"width: 650px\" class=\"wp-caption alignnone\"><img loading=\"lazy\" decoding=\"async\" aria-describedby=\"caption-attachment-3552\" src=\"https:\/\/www.pierre-le-cycliste.fr\/wp-content\/uploads\/2024\/11\/20241121_104849.resized-1024x768.jpg\" alt=\"\" width=\"640\" height=\"480\" class=\"size-large wp-image-3552\" srcset=\"https:\/\/www.pierre-le-cycliste.fr\/wp-content\/uploads\/2024\/11\/20241121_104849.resized-1024x768.jpg 1024w, https:\/\/www.pierre-le-cycliste.fr\/wp-content\/uploads\/2024\/11\/20241121_104849.resized-300x225.jpg 300w, https:\/\/www.pierre-le-cycliste.fr\/wp-content\/uploads\/2024\/11\/20241121_104849.resized-768x576.jpg 768w, https:\/\/www.pierre-le-cycliste.fr\/wp-content\/uploads\/2024\/11\/20241121_104849.resized.jpg 1280w\" sizes=\"auto, (max-width: 640px) 100vw, 640px\" \/><p id=\"caption-attachment-3552\" class=\"wp-caption-text\">La clairi\u00e8re o\u00f9 furent tu\u00e9s  21 soldats du 288e RI tu\u00e9s au combat le 22 septembre 1914.<\/p><\/div>\n<div id=\"attachment_3553\" style=\"width: 650px\" class=\"wp-caption alignnone\"><img loading=\"lazy\" decoding=\"async\" aria-describedby=\"caption-attachment-3553\" src=\"https:\/\/www.pierre-le-cycliste.fr\/wp-content\/uploads\/2024\/11\/20241121_115311.resized-1024x768.jpg\" alt=\"\" width=\"640\" height=\"480\" class=\"size-large wp-image-3553\" srcset=\"https:\/\/www.pierre-le-cycliste.fr\/wp-content\/uploads\/2024\/11\/20241121_115311.resized-1024x768.jpg 1024w, https:\/\/www.pierre-le-cycliste.fr\/wp-content\/uploads\/2024\/11\/20241121_115311.resized-300x225.jpg 300w, https:\/\/www.pierre-le-cycliste.fr\/wp-content\/uploads\/2024\/11\/20241121_115311.resized-768x576.jpg 768w, https:\/\/www.pierre-le-cycliste.fr\/wp-content\/uploads\/2024\/11\/20241121_115311.resized.jpg 1280w\" sizes=\"auto, (max-width: 640px) 100vw, 640px\" \/><p id=\"caption-attachment-3553\" class=\"wp-caption-text\">La plaine de la Wo\u00ebvre vue d&rsquo;Hattonchatel.<\/p><\/div>\n<div id=\"attachment_3554\" style=\"width: 650px\" class=\"wp-caption alignnone\"><img loading=\"lazy\" decoding=\"async\" aria-describedby=\"caption-attachment-3554\" src=\"https:\/\/www.pierre-le-cycliste.fr\/wp-content\/uploads\/2024\/11\/20241121_115739.resized-1024x768.jpg\" alt=\"\" width=\"640\" height=\"480\" class=\"size-large wp-image-3554\" srcset=\"https:\/\/www.pierre-le-cycliste.fr\/wp-content\/uploads\/2024\/11\/20241121_115739.resized-1024x768.jpg 1024w, https:\/\/www.pierre-le-cycliste.fr\/wp-content\/uploads\/2024\/11\/20241121_115739.resized-300x225.jpg 300w, https:\/\/www.pierre-le-cycliste.fr\/wp-content\/uploads\/2024\/11\/20241121_115739.resized-768x576.jpg 768w, https:\/\/www.pierre-le-cycliste.fr\/wp-content\/uploads\/2024\/11\/20241121_115739.resized.jpg 1280w\" sizes=\"auto, (max-width: 640px) 100vw, 640px\" \/><p id=\"caption-attachment-3554\" class=\"wp-caption-text\">Hattonch\u00e2tel vu de la plaine de la Wo\u00ebvre.<\/p><\/div>\n<div id=\"attachment_3555\" style=\"width: 650px\" class=\"wp-caption alignnone\"><img loading=\"lazy\" decoding=\"async\" aria-describedby=\"caption-attachment-3555\" src=\"https:\/\/www.pierre-le-cycliste.fr\/wp-content\/uploads\/2024\/11\/20241121_120250.resized-1024x768.jpg\" alt=\"\" width=\"640\" height=\"480\" class=\"size-large wp-image-3555\" srcset=\"https:\/\/www.pierre-le-cycliste.fr\/wp-content\/uploads\/2024\/11\/20241121_120250.resized-1024x768.jpg 1024w, https:\/\/www.pierre-le-cycliste.fr\/wp-content\/uploads\/2024\/11\/20241121_120250.resized-300x225.jpg 300w, https:\/\/www.pierre-le-cycliste.fr\/wp-content\/uploads\/2024\/11\/20241121_120250.resized-768x576.jpg 768w, https:\/\/www.pierre-le-cycliste.fr\/wp-content\/uploads\/2024\/11\/20241121_120250.resized.jpg 1280w\" sizes=\"auto, (max-width: 640px) 100vw, 640px\" \/><p id=\"caption-attachment-3555\" class=\"wp-caption-text\">Le monument aux morts de Vigneulles-l\u00e8s-Hattonch\u00e2tel.<\/p><\/div>\n<div id=\"attachment_3556\" style=\"width: 650px\" class=\"wp-caption alignnone\"><img loading=\"lazy\" decoding=\"async\" aria-describedby=\"caption-attachment-3556\" src=\"https:\/\/www.pierre-le-cycliste.fr\/wp-content\/uploads\/2024\/11\/20241121_120316.resized-1024x768.jpg\" alt=\"\" width=\"640\" height=\"480\" class=\"size-large wp-image-3556\" srcset=\"https:\/\/www.pierre-le-cycliste.fr\/wp-content\/uploads\/2024\/11\/20241121_120316.resized-1024x768.jpg 1024w, https:\/\/www.pierre-le-cycliste.fr\/wp-content\/uploads\/2024\/11\/20241121_120316.resized-300x225.jpg 300w, https:\/\/www.pierre-le-cycliste.fr\/wp-content\/uploads\/2024\/11\/20241121_120316.resized-768x576.jpg 768w, https:\/\/www.pierre-le-cycliste.fr\/wp-content\/uploads\/2024\/11\/20241121_120316.resized.jpg 1280w\" sizes=\"auto, (max-width: 640px) 100vw, 640px\" \/><p id=\"caption-attachment-3556\" class=\"wp-caption-text\">La mairie de Vigneulles-l\u00e8s-Hattonch\u00e2tel.<\/p><\/div>\n<div id=\"attachment_3557\" style=\"width: 650px\" class=\"wp-caption alignnone\"><img loading=\"lazy\" decoding=\"async\" aria-describedby=\"caption-attachment-3557\" src=\"https:\/\/www.pierre-le-cycliste.fr\/wp-content\/uploads\/2024\/11\/20241121_131708.resized-1024x768.jpg\" alt=\"\" width=\"640\" height=\"480\" class=\"size-large wp-image-3557\" srcset=\"https:\/\/www.pierre-le-cycliste.fr\/wp-content\/uploads\/2024\/11\/20241121_131708.resized-1024x768.jpg 1024w, https:\/\/www.pierre-le-cycliste.fr\/wp-content\/uploads\/2024\/11\/20241121_131708.resized-300x225.jpg 300w, https:\/\/www.pierre-le-cycliste.fr\/wp-content\/uploads\/2024\/11\/20241121_131708.resized-768x576.jpg 768w, https:\/\/www.pierre-le-cycliste.fr\/wp-content\/uploads\/2024\/11\/20241121_131708.resized.jpg 1280w\" sizes=\"auto, (max-width: 640px) 100vw, 640px\" \/><p id=\"caption-attachment-3557\" class=\"wp-caption-text\">Monument \u00e9lev\u00e9 par la Lorraine aux \u00c9tats-Unis d&rsquo;Am\u00e9rique \u00e0 Flirey (Meurthe-et-Moselle) en m\u00e9moire de l&rsquo;offensive d\u00e9cisive du 12 septembre 1918 men\u00e9e principalement par l&rsquo;arm\u00e9e am\u00e9ricaine. \u00a0\u00bb Le 12 septembre 1918 s&rsquo;\u00e9lan\u00e7a d&rsquo;ici la premi\u00e8re offensive de l&rsquo;arm\u00e9e des \u00c9tats-Unis command\u00e9e par le g\u00e9n\u00e9ral Pershing. Elle lib\u00e9ra de nombreuses communes lorraines : Saint-Mihiel, Thiaucourt, etc &#8230; \u00ab\u00a0<\/p><\/div>\n<div id=\"attachment_3558\" style=\"width: 650px\" class=\"wp-caption alignnone\"><img loading=\"lazy\" decoding=\"async\" aria-describedby=\"caption-attachment-3558\" src=\"https:\/\/www.pierre-le-cycliste.fr\/wp-content\/uploads\/2024\/11\/20241121_132330.resized-1024x768.jpg\" alt=\"\" width=\"640\" height=\"480\" class=\"size-large wp-image-3558\" srcset=\"https:\/\/www.pierre-le-cycliste.fr\/wp-content\/uploads\/2024\/11\/20241121_132330.resized-1024x768.jpg 1024w, https:\/\/www.pierre-le-cycliste.fr\/wp-content\/uploads\/2024\/11\/20241121_132330.resized-300x225.jpg 300w, https:\/\/www.pierre-le-cycliste.fr\/wp-content\/uploads\/2024\/11\/20241121_132330.resized-768x576.jpg 768w, https:\/\/www.pierre-le-cycliste.fr\/wp-content\/uploads\/2024\/11\/20241121_132330.resized.jpg 1280w\" sizes=\"auto, (max-width: 640px) 100vw, 640px\" \/><p id=\"caption-attachment-3558\" class=\"wp-caption-text\">La n\u00e9cropole nationale de Flirey. A Flirey, quatre soldats ont \u00e9t\u00e9 fusill\u00e9s pour l&rsquo;exemple le 20 avril 1915, incorpor\u00e9s au 63e RI, 5e Cie. Le caporal Antoine Morange, les soldats F\u00e9lix Baudy, Fran\u00e7ois Fontanaud et Henri Pr\u00e9bost ont \u00e9t\u00e9 r\u00e9habilit\u00e9s en 1934 !<\/p><\/div>\n<div id=\"attachment_3559\" style=\"width: 650px\" class=\"wp-caption alignnone\"><img loading=\"lazy\" decoding=\"async\" aria-describedby=\"caption-attachment-3559\" src=\"https:\/\/www.pierre-le-cycliste.fr\/wp-content\/uploads\/2024\/11\/20241121_132818.resized-rotated-e1732215948312-1024x768.jpg\" alt=\"\" width=\"640\" height=\"480\" class=\"size-large wp-image-3559\" srcset=\"https:\/\/www.pierre-le-cycliste.fr\/wp-content\/uploads\/2024\/11\/20241121_132818.resized-rotated-e1732215948312-1024x768.jpg 1024w, https:\/\/www.pierre-le-cycliste.fr\/wp-content\/uploads\/2024\/11\/20241121_132818.resized-rotated-e1732215948312-300x225.jpg 300w, https:\/\/www.pierre-le-cycliste.fr\/wp-content\/uploads\/2024\/11\/20241121_132818.resized-rotated-e1732215948312-768x576.jpg 768w, https:\/\/www.pierre-le-cycliste.fr\/wp-content\/uploads\/2024\/11\/20241121_132818.resized-rotated-e1732215948312.jpg 1280w\" sizes=\"auto, (max-width: 640px) 100vw, 640px\" \/><p id=\"caption-attachment-3559\" class=\"wp-caption-text\">Soldats fran\u00e7ais \u00e0 l&rsquo;\u00e9t\u00e9 1914  !<\/p><\/div>\n<div id=\"attachment_3560\" style=\"width: 650px\" class=\"wp-caption alignnone\"><img loading=\"lazy\" decoding=\"async\" aria-describedby=\"caption-attachment-3560\" src=\"https:\/\/www.pierre-le-cycliste.fr\/wp-content\/uploads\/2024\/11\/20241121_142234.resized-1024x768.jpg\" alt=\"\" width=\"640\" height=\"480\" class=\"size-large wp-image-3560\" srcset=\"https:\/\/www.pierre-le-cycliste.fr\/wp-content\/uploads\/2024\/11\/20241121_142234.resized-1024x768.jpg 1024w, https:\/\/www.pierre-le-cycliste.fr\/wp-content\/uploads\/2024\/11\/20241121_142234.resized-300x225.jpg 300w, https:\/\/www.pierre-le-cycliste.fr\/wp-content\/uploads\/2024\/11\/20241121_142234.resized-768x576.jpg 768w, https:\/\/www.pierre-le-cycliste.fr\/wp-content\/uploads\/2024\/11\/20241121_142234.resized.jpg 1280w\" sizes=\"auto, (max-width: 640px) 100vw, 640px\" \/><p id=\"caption-attachment-3560\" class=\"wp-caption-text\">Le ch\u00e2teau de Manonville.<\/p><\/div>\n<div id=\"attachment_3561\" style=\"width: 650px\" class=\"wp-caption alignnone\"><img loading=\"lazy\" decoding=\"async\" aria-describedby=\"caption-attachment-3561\" src=\"https:\/\/www.pierre-le-cycliste.fr\/wp-content\/uploads\/2024\/11\/20241121_142430.resized-1024x768.jpg\" alt=\"\" width=\"640\" height=\"480\" class=\"size-large wp-image-3561\" srcset=\"https:\/\/www.pierre-le-cycliste.fr\/wp-content\/uploads\/2024\/11\/20241121_142430.resized-1024x768.jpg 1024w, https:\/\/www.pierre-le-cycliste.fr\/wp-content\/uploads\/2024\/11\/20241121_142430.resized-300x225.jpg 300w, https:\/\/www.pierre-le-cycliste.fr\/wp-content\/uploads\/2024\/11\/20241121_142430.resized-768x576.jpg 768w, https:\/\/www.pierre-le-cycliste.fr\/wp-content\/uploads\/2024\/11\/20241121_142430.resized.jpg 1280w\" sizes=\"auto, (max-width: 640px) 100vw, 640px\" \/><p id=\"caption-attachment-3561\" class=\"wp-caption-text\">Le ch\u00e2teau de Manonville.<\/p><\/div>\n","protected":false},"excerpt":{"rendered":"<p>Excellente journ\u00e9e ! De la neige \u00e9tait tomb\u00e9e en d\u00e9but de nuit et elle n&rsquo;avait pas fondu. J&rsquo;ai quitt\u00e9 Verdun avec beaucoup de pr\u00e9cautions, surtout dans les descentes. Pendant une dizaine de kilom\u00e8tres, je suis sur une grande route. Dans &hellip; <a href=\"https:\/\/www.pierre-le-cycliste.fr\/index.php\/2024\/11\/21\/guerre-14-18-jour-15-verdun-les-eparges-nancy-91-km\/\">Continuer la lecture <span class=\"meta-nav\">&rarr;<\/span><\/a><\/p>\n","protected":false},"author":1,"featured_media":0,"comment_status":"open","ping_status":"open","sticky":false,"template":"","format":"standard","meta":{"footnotes":""},"categories":[1],"tags":[],"class_list":["post-3562","post","type-post","status-publish","format-standard","hentry","category-non-classe"],"_links":{"self":[{"href":"https:\/\/www.pierre-le-cycliste.fr\/index.php\/wp-json\/wp\/v2\/posts\/3562","targetHints":{"allow":["GET"]}}],"collection":[{"href":"https:\/\/www.pierre-le-cycliste.fr\/index.php\/wp-json\/wp\/v2\/posts"}],"about":[{"href":"https:\/\/www.pierre-le-cycliste.fr\/index.php\/wp-json\/wp\/v2\/types\/post"}],"author":[{"embeddable":true,"href":"https:\/\/www.pierre-le-cycliste.fr\/index.php\/wp-json\/wp\/v2\/users\/1"}],"replies":[{"embeddable":true,"href":"https:\/\/www.pierre-le-cycliste.fr\/index.php\/wp-json\/wp\/v2\/comments?post=3562"}],"version-history":[{"count":4,"href":"https:\/\/www.pierre-le-cycliste.fr\/index.php\/wp-json\/wp\/v2\/posts\/3562\/revisions"}],"predecessor-version":[{"id":3566,"href":"https:\/\/www.pierre-le-cycliste.fr\/index.php\/wp-json\/wp\/v2\/posts\/3562\/revisions\/3566"}],"wp:attachment":[{"href":"https:\/\/www.pierre-le-cycliste.fr\/index.php\/wp-json\/wp\/v2\/media?parent=3562"}],"wp:term":[{"taxonomy":"category","embeddable":true,"href":"https:\/\/www.pierre-le-cycliste.fr\/index.php\/wp-json\/wp\/v2\/categories?post=3562"},{"taxonomy":"post_tag","embeddable":true,"href":"https:\/\/www.pierre-le-cycliste.fr\/index.php\/wp-json\/wp\/v2\/tags?post=3562"}],"curies":[{"name":"wp","href":"https:\/\/api.w.org\/{rel}","templated":true}]}}