{"id":4194,"date":"2025-03-15T20:41:51","date_gmt":"2025-03-15T19:41:51","guid":{"rendered":"https:\/\/www.pierre-le-cycliste.fr\/?p=4194"},"modified":"2025-03-15T20:52:39","modified_gmt":"2025-03-15T19:52:39","slug":"tour-en-allemagne-jour-12-kassel-eisenach-88-km","status":"publish","type":"post","link":"https:\/\/www.pierre-le-cycliste.fr\/index.php\/2025\/03\/15\/tour-en-allemagne-jour-12-kassel-eisenach-88-km\/","title":{"rendered":"Tour en Allemagne &#8211; Jour 12  &#8211; Kassel &#8211; Eisenach &#8211; 88 km"},"content":{"rendered":"<p>Journ\u00e9e encore tr\u00e8s froide aujourd&rsquo;hui. 1\u00b0 ce matin en partant \u00e0 8h de Kassel. 3\u00b0 \u00e0 la pause \u00e0 Hasselbach \u00e0 10h30 et cela a d\u00fb monter \u00e0 6\u00b0 dans l&rsquo;apr\u00e8s-midi.<\/p>\n<p>Journ\u00e9e assez claire avec un peu de soleil, mais un vent tr\u00e8s froid. On supporte tr\u00e8s bien !<\/p>\n<p>Encore un tr\u00e8s bel itin\u00e9raire, presque totalement sur piste cyclable goudron\u00e9e en site propre. Nombreuses travers\u00e9es de jolis petits villages.<\/p>\n<p>Vers 13h30 nous avons franchi l&rsquo;ex-fronti\u00e8re entre la RFA et la RDA, c&rsquo;est l&rsquo;entr\u00e9e dans le Land de Thuringe. En traversant les petits villages, nous croisons des poules en totale libert\u00e9, l&rsquo;\u00e9conomie semble un peu diff\u00e9rente de celle plus \u00e0 l&rsquo;ouest.<\/p>\n<p>Arriv\u00e9e vers 16h \u00e0 Eisenach ce qui nous laisse le temps de parcourir un peu la ville \u00e0 v\u00e9lo, ville o\u00f9 je suis d\u00e9j\u00e0 pass\u00e9 le 26 mai 2017 avec ma filleule Fanny lors de notre voyage de Tourcoing \u00e0 Berlin.<\/p>\n<div id=\"attachment_4168\" style=\"width: 650px\" class=\"wp-caption alignnone\"><img loading=\"lazy\" decoding=\"async\" aria-describedby=\"caption-attachment-4168\" src=\"https:\/\/www.pierre-le-cycliste.fr\/wp-content\/uploads\/2025\/03\/20250315_093108.resized-1024x768.jpg\" alt=\"\" width=\"640\" height=\"480\" class=\"size-large wp-image-4168\" srcset=\"https:\/\/www.pierre-le-cycliste.fr\/wp-content\/uploads\/2025\/03\/20250315_093108.resized-1024x768.jpg 1024w, https:\/\/www.pierre-le-cycliste.fr\/wp-content\/uploads\/2025\/03\/20250315_093108.resized-300x225.jpg 300w, https:\/\/www.pierre-le-cycliste.fr\/wp-content\/uploads\/2025\/03\/20250315_093108.resized-768x576.jpg 768w, https:\/\/www.pierre-le-cycliste.fr\/wp-content\/uploads\/2025\/03\/20250315_093108.resized.jpg 1280w\" sizes=\"auto, (max-width: 640px) 100vw, 640px\" \/><p id=\"caption-attachment-4168\" class=\"wp-caption-text\">Passage \u00e0 niveau sur piste cyclable \u00e0 F\u00fcrstenhagen.<\/p><\/div>\n<div id=\"attachment_4169\" style=\"width: 650px\" class=\"wp-caption alignnone\"><img loading=\"lazy\" decoding=\"async\" aria-describedby=\"caption-attachment-4169\" src=\"https:\/\/www.pierre-le-cycliste.fr\/wp-content\/uploads\/2025\/03\/20250315_093610.resized-1024x768.jpg\" alt=\"\" width=\"640\" height=\"480\" class=\"size-large wp-image-4169\" srcset=\"https:\/\/www.pierre-le-cycliste.fr\/wp-content\/uploads\/2025\/03\/20250315_093610.resized-1024x768.jpg 1024w, https:\/\/www.pierre-le-cycliste.fr\/wp-content\/uploads\/2025\/03\/20250315_093610.resized-300x225.jpg 300w, https:\/\/www.pierre-le-cycliste.fr\/wp-content\/uploads\/2025\/03\/20250315_093610.resized-768x576.jpg 768w, https:\/\/www.pierre-le-cycliste.fr\/wp-content\/uploads\/2025\/03\/20250315_093610.resized.jpg 1280w\" sizes=\"auto, (max-width: 640px) 100vw, 640px\" \/><p id=\"caption-attachment-4169\" class=\"wp-caption-text\">F\u00fcrstenhagen.<\/p><\/div>\n<div id=\"attachment_4170\" style=\"width: 650px\" class=\"wp-caption alignnone\"><img loading=\"lazy\" decoding=\"async\" aria-describedby=\"caption-attachment-4170\" src=\"https:\/\/www.pierre-le-cycliste.fr\/wp-content\/uploads\/2025\/03\/20250315_102427.resized-1024x768.jpg\" alt=\"\" width=\"640\" height=\"480\" class=\"size-large wp-image-4170\" srcset=\"https:\/\/www.pierre-le-cycliste.fr\/wp-content\/uploads\/2025\/03\/20250315_102427.resized-1024x768.jpg 1024w, https:\/\/www.pierre-le-cycliste.fr\/wp-content\/uploads\/2025\/03\/20250315_102427.resized-300x225.jpg 300w, https:\/\/www.pierre-le-cycliste.fr\/wp-content\/uploads\/2025\/03\/20250315_102427.resized-768x576.jpg 768w, https:\/\/www.pierre-le-cycliste.fr\/wp-content\/uploads\/2025\/03\/20250315_102427.resized.jpg 1280w\" sizes=\"auto, (max-width: 640px) 100vw, 640px\" \/><p id=\"caption-attachment-4170\" class=\"wp-caption-text\">Le petit village d&rsquo;Hasselbach.<\/p><\/div>\n<div id=\"attachment_4171\" style=\"width: 650px\" class=\"wp-caption alignnone\"><img loading=\"lazy\" decoding=\"async\" aria-describedby=\"caption-attachment-4171\" src=\"https:\/\/www.pierre-le-cycliste.fr\/wp-content\/uploads\/2025\/03\/20250315_102454.resized-1024x768.jpg\" alt=\"\" width=\"640\" height=\"480\" class=\"size-large wp-image-4171\" srcset=\"https:\/\/www.pierre-le-cycliste.fr\/wp-content\/uploads\/2025\/03\/20250315_102454.resized-1024x768.jpg 1024w, https:\/\/www.pierre-le-cycliste.fr\/wp-content\/uploads\/2025\/03\/20250315_102454.resized-300x225.jpg 300w, https:\/\/www.pierre-le-cycliste.fr\/wp-content\/uploads\/2025\/03\/20250315_102454.resized-768x576.jpg 768w, https:\/\/www.pierre-le-cycliste.fr\/wp-content\/uploads\/2025\/03\/20250315_102454.resized.jpg 1280w\" sizes=\"auto, (max-width: 640px) 100vw, 640px\" \/><p id=\"caption-attachment-4171\" class=\"wp-caption-text\">Une terrasse accueillante (Willkommen !) au petit village d&rsquo;Hasselbach.<\/p><\/div>\n<div id=\"attachment_4172\" style=\"width: 650px\" class=\"wp-caption alignnone\"><img loading=\"lazy\" decoding=\"async\" aria-describedby=\"caption-attachment-4172\" src=\"https:\/\/www.pierre-le-cycliste.fr\/wp-content\/uploads\/2025\/03\/20250315_114326.resized-1024x768.jpg\" alt=\"\" width=\"640\" height=\"480\" class=\"size-large wp-image-4172\" srcset=\"https:\/\/www.pierre-le-cycliste.fr\/wp-content\/uploads\/2025\/03\/20250315_114326.resized-1024x768.jpg 1024w, https:\/\/www.pierre-le-cycliste.fr\/wp-content\/uploads\/2025\/03\/20250315_114326.resized-300x225.jpg 300w, https:\/\/www.pierre-le-cycliste.fr\/wp-content\/uploads\/2025\/03\/20250315_114326.resized-768x576.jpg 768w, https:\/\/www.pierre-le-cycliste.fr\/wp-content\/uploads\/2025\/03\/20250315_114326.resized.jpg 1280w\" sizes=\"auto, (max-width: 640px) 100vw, 640px\" \/><p id=\"caption-attachment-4172\" class=\"wp-caption-text\">Hoheneiche.<\/p><\/div>\n<div id=\"attachment_4173\" style=\"width: 650px\" class=\"wp-caption alignnone\"><img loading=\"lazy\" decoding=\"async\" aria-describedby=\"caption-attachment-4173\" src=\"https:\/\/www.pierre-le-cycliste.fr\/wp-content\/uploads\/2025\/03\/20250315_122633.resized-1024x768.jpg\" alt=\"\" width=\"640\" height=\"480\" class=\"size-large wp-image-4173\" srcset=\"https:\/\/www.pierre-le-cycliste.fr\/wp-content\/uploads\/2025\/03\/20250315_122633.resized-1024x768.jpg 1024w, https:\/\/www.pierre-le-cycliste.fr\/wp-content\/uploads\/2025\/03\/20250315_122633.resized-300x225.jpg 300w, https:\/\/www.pierre-le-cycliste.fr\/wp-content\/uploads\/2025\/03\/20250315_122633.resized-768x576.jpg 768w, https:\/\/www.pierre-le-cycliste.fr\/wp-content\/uploads\/2025\/03\/20250315_122633.resized.jpg 1280w\" sizes=\"auto, (max-width: 640px) 100vw, 640px\" \/><p id=\"caption-attachment-4173\" class=\"wp-caption-text\">Ringgau.<\/p><\/div>\n<div id=\"attachment_4174\" style=\"width: 650px\" class=\"wp-caption alignnone\"><img loading=\"lazy\" decoding=\"async\" aria-describedby=\"caption-attachment-4174\" src=\"https:\/\/www.pierre-le-cycliste.fr\/wp-content\/uploads\/2025\/03\/20250315_123215.resized-1024x768.jpg\" alt=\"\" width=\"640\" height=\"480\" class=\"size-large wp-image-4174\" srcset=\"https:\/\/www.pierre-le-cycliste.fr\/wp-content\/uploads\/2025\/03\/20250315_123215.resized-1024x768.jpg 1024w, https:\/\/www.pierre-le-cycliste.fr\/wp-content\/uploads\/2025\/03\/20250315_123215.resized-300x225.jpg 300w, https:\/\/www.pierre-le-cycliste.fr\/wp-content\/uploads\/2025\/03\/20250315_123215.resized-768x576.jpg 768w, https:\/\/www.pierre-le-cycliste.fr\/wp-content\/uploads\/2025\/03\/20250315_123215.resized.jpg 1280w\" sizes=\"auto, (max-width: 640px) 100vw, 640px\" \/><p id=\"caption-attachment-4174\" class=\"wp-caption-text\">\u00c9glise de Ringgau.<\/p><\/div>\n<div id=\"attachment_4177\" style=\"width: 650px\" class=\"wp-caption alignnone\"><img loading=\"lazy\" decoding=\"async\" aria-describedby=\"caption-attachment-4177\" src=\"https:\/\/www.pierre-le-cycliste.fr\/wp-content\/uploads\/2025\/03\/20250315_124148.resized-1024x768.jpg\" alt=\"\" width=\"640\" height=\"480\" class=\"size-large wp-image-4177\" srcset=\"https:\/\/www.pierre-le-cycliste.fr\/wp-content\/uploads\/2025\/03\/20250315_124148.resized-1024x768.jpg 1024w, https:\/\/www.pierre-le-cycliste.fr\/wp-content\/uploads\/2025\/03\/20250315_124148.resized-300x225.jpg 300w, https:\/\/www.pierre-le-cycliste.fr\/wp-content\/uploads\/2025\/03\/20250315_124148.resized-768x576.jpg 768w, https:\/\/www.pierre-le-cycliste.fr\/wp-content\/uploads\/2025\/03\/20250315_124148.resized.jpg 1280w\" sizes=\"auto, (max-width: 640px) 100vw, 640px\" \/><p id=\"caption-attachment-4177\" class=\"wp-caption-text\">\u00c9glise de Ringgau.<\/p><\/div>\n<div id=\"attachment_4176\" style=\"width: 650px\" class=\"wp-caption alignnone\"><img loading=\"lazy\" decoding=\"async\" aria-describedby=\"caption-attachment-4176\" src=\"https:\/\/www.pierre-le-cycliste.fr\/wp-content\/uploads\/2025\/03\/20250315_123913.resized-1024x768.jpg\" alt=\"\" width=\"640\" height=\"480\" class=\"size-large wp-image-4176\" srcset=\"https:\/\/www.pierre-le-cycliste.fr\/wp-content\/uploads\/2025\/03\/20250315_123913.resized-1024x768.jpg 1024w, https:\/\/www.pierre-le-cycliste.fr\/wp-content\/uploads\/2025\/03\/20250315_123913.resized-300x225.jpg 300w, https:\/\/www.pierre-le-cycliste.fr\/wp-content\/uploads\/2025\/03\/20250315_123913.resized-768x576.jpg 768w, https:\/\/www.pierre-le-cycliste.fr\/wp-content\/uploads\/2025\/03\/20250315_123913.resized.jpg 1280w\" sizes=\"auto, (max-width: 640px) 100vw, 640px\" \/><p id=\"caption-attachment-4176\" class=\"wp-caption-text\">\u00c9glise de Ringgau.<\/p><\/div>\n<div id=\"attachment_4175\" style=\"width: 650px\" class=\"wp-caption alignnone\"><img loading=\"lazy\" decoding=\"async\" aria-describedby=\"caption-attachment-4175\" src=\"https:\/\/www.pierre-le-cycliste.fr\/wp-content\/uploads\/2025\/03\/20250315_123834.resized-1024x768.jpg\" alt=\"\" width=\"640\" height=\"480\" class=\"size-large wp-image-4175\" srcset=\"https:\/\/www.pierre-le-cycliste.fr\/wp-content\/uploads\/2025\/03\/20250315_123834.resized-1024x768.jpg 1024w, https:\/\/www.pierre-le-cycliste.fr\/wp-content\/uploads\/2025\/03\/20250315_123834.resized-300x225.jpg 300w, https:\/\/www.pierre-le-cycliste.fr\/wp-content\/uploads\/2025\/03\/20250315_123834.resized-768x576.jpg 768w, https:\/\/www.pierre-le-cycliste.fr\/wp-content\/uploads\/2025\/03\/20250315_123834.resized.jpg 1280w\" sizes=\"auto, (max-width: 640px) 100vw, 640px\" \/><p id=\"caption-attachment-4175\" class=\"wp-caption-text\">\u00c9glise de Ringgau.<\/p><\/div>\n<div id=\"attachment_4178\" style=\"width: 650px\" class=\"wp-caption alignnone\"><img loading=\"lazy\" decoding=\"async\" aria-describedby=\"caption-attachment-4178\" src=\"https:\/\/www.pierre-le-cycliste.fr\/wp-content\/uploads\/2025\/03\/20250315_125733.resized-1024x768.jpg\" alt=\"\" width=\"640\" height=\"480\" class=\"size-large wp-image-4178\" srcset=\"https:\/\/www.pierre-le-cycliste.fr\/wp-content\/uploads\/2025\/03\/20250315_125733.resized-1024x768.jpg 1024w, https:\/\/www.pierre-le-cycliste.fr\/wp-content\/uploads\/2025\/03\/20250315_125733.resized-300x225.jpg 300w, https:\/\/www.pierre-le-cycliste.fr\/wp-content\/uploads\/2025\/03\/20250315_125733.resized-768x576.jpg 768w, https:\/\/www.pierre-le-cycliste.fr\/wp-content\/uploads\/2025\/03\/20250315_125733.resized.jpg 1280w\" sizes=\"auto, (max-width: 640px) 100vw, 640px\" \/><p id=\"caption-attachment-4178\" class=\"wp-caption-text\">Le ch\u00e2teau de Netra.<\/p><\/div>\n<div id=\"attachment_4181\" style=\"width: 650px\" class=\"wp-caption alignnone\"><img loading=\"lazy\" decoding=\"async\" aria-describedby=\"caption-attachment-4181\" src=\"https:\/\/www.pierre-le-cycliste.fr\/wp-content\/uploads\/2025\/03\/20250315_132712.resized-1024x768.jpg\" alt=\"\" width=\"640\" height=\"480\" class=\"size-large wp-image-4181\" srcset=\"https:\/\/www.pierre-le-cycliste.fr\/wp-content\/uploads\/2025\/03\/20250315_132712.resized-1024x768.jpg 1024w, https:\/\/www.pierre-le-cycliste.fr\/wp-content\/uploads\/2025\/03\/20250315_132712.resized-300x225.jpg 300w, https:\/\/www.pierre-le-cycliste.fr\/wp-content\/uploads\/2025\/03\/20250315_132712.resized-768x576.jpg 768w, https:\/\/www.pierre-le-cycliste.fr\/wp-content\/uploads\/2025\/03\/20250315_132712.resized.jpg 1280w\" sizes=\"auto, (max-width: 640px) 100vw, 640px\" \/><p id=\"caption-attachment-4181\" class=\"wp-caption-text\">Le panneau symbolisant l&rsquo;ancienne fronti\u00e8re entre la RFA (R\u00e9publique F\u00e9d\u00e9rale d&rsquo;Allemagne) et la RDA (R\u00e9publique D\u00e9mocratique d&rsquo;Allemagne) entre Netra et Ifta.<\/p><\/div>\n<div id=\"attachment_4180\" style=\"width: 650px\" class=\"wp-caption alignnone\"><img loading=\"lazy\" decoding=\"async\" aria-describedby=\"caption-attachment-4180\" src=\"https:\/\/www.pierre-le-cycliste.fr\/wp-content\/uploads\/2025\/03\/20250315_132646.resized-1024x768.jpg\" alt=\"\" width=\"640\" height=\"480\" class=\"size-large wp-image-4180\" srcset=\"https:\/\/www.pierre-le-cycliste.fr\/wp-content\/uploads\/2025\/03\/20250315_132646.resized-1024x768.jpg 1024w, https:\/\/www.pierre-le-cycliste.fr\/wp-content\/uploads\/2025\/03\/20250315_132646.resized-300x225.jpg 300w, https:\/\/www.pierre-le-cycliste.fr\/wp-content\/uploads\/2025\/03\/20250315_132646.resized-768x576.jpg 768w, https:\/\/www.pierre-le-cycliste.fr\/wp-content\/uploads\/2025\/03\/20250315_132646.resized.jpg 1280w\" sizes=\"auto, (max-width: 640px) 100vw, 640px\" \/><p id=\"caption-attachment-4180\" class=\"wp-caption-text\">De l&rsquo;ancienne fronti\u00e8re, vue vers l&rsquo;ancienne RDA (vers Ifta).<\/p><\/div>\n<div id=\"attachment_4184\" style=\"width: 650px\" class=\"wp-caption alignnone\"><img loading=\"lazy\" decoding=\"async\" aria-describedby=\"caption-attachment-4184\" src=\"https:\/\/www.pierre-le-cycliste.fr\/wp-content\/uploads\/2025\/03\/20250315_135752.resized-1024x768.jpg\" alt=\"\" width=\"640\" height=\"480\" class=\"size-large wp-image-4184\" srcset=\"https:\/\/www.pierre-le-cycliste.fr\/wp-content\/uploads\/2025\/03\/20250315_135752.resized-1024x768.jpg 1024w, https:\/\/www.pierre-le-cycliste.fr\/wp-content\/uploads\/2025\/03\/20250315_135752.resized-300x225.jpg 300w, https:\/\/www.pierre-le-cycliste.fr\/wp-content\/uploads\/2025\/03\/20250315_135752.resized-768x576.jpg 768w, https:\/\/www.pierre-le-cycliste.fr\/wp-content\/uploads\/2025\/03\/20250315_135752.resized.jpg 1280w\" sizes=\"auto, (max-width: 640px) 100vw, 640px\" \/><p id=\"caption-attachment-4184\" class=\"wp-caption-text\">Un curieux parc paysager \u00e0 Creuzburg. Il semble avoir \u00e9t\u00e9 cr\u00e9\u00e9 par l&rsquo;entreprise Pollmeier, entreprise de mise en oeuvre de bois pour la construction.<\/p><\/div>\n<div id=\"attachment_4183\" style=\"width: 650px\" class=\"wp-caption alignnone\"><img loading=\"lazy\" decoding=\"async\" aria-describedby=\"caption-attachment-4183\" src=\"https:\/\/www.pierre-le-cycliste.fr\/wp-content\/uploads\/2025\/03\/20250315_135724.resized-1024x768.jpg\" alt=\"\" width=\"640\" height=\"480\" class=\"size-large wp-image-4183\" srcset=\"https:\/\/www.pierre-le-cycliste.fr\/wp-content\/uploads\/2025\/03\/20250315_135724.resized-1024x768.jpg 1024w, https:\/\/www.pierre-le-cycliste.fr\/wp-content\/uploads\/2025\/03\/20250315_135724.resized-300x225.jpg 300w, https:\/\/www.pierre-le-cycliste.fr\/wp-content\/uploads\/2025\/03\/20250315_135724.resized-768x576.jpg 768w, https:\/\/www.pierre-le-cycliste.fr\/wp-content\/uploads\/2025\/03\/20250315_135724.resized.jpg 1280w\" sizes=\"auto, (max-width: 640px) 100vw, 640px\" \/><p id=\"caption-attachment-4183\" class=\"wp-caption-text\">Un curieux parc paysager \u00e0 Creuzburg. Il semble avoir \u00e9t\u00e9 cr\u00e9\u00e9 par l&rsquo;entreprise Pollmeier, entreprise de mise en oeuvre de bois pour la construction.<\/p><\/div>\n<div id=\"attachment_4182\" style=\"width: 650px\" class=\"wp-caption alignnone\"><img loading=\"lazy\" decoding=\"async\" aria-describedby=\"caption-attachment-4182\" src=\"https:\/\/www.pierre-le-cycliste.fr\/wp-content\/uploads\/2025\/03\/20250315_135610.resized-1024x768.jpg\" alt=\"\" width=\"640\" height=\"480\" class=\"size-large wp-image-4182\" srcset=\"https:\/\/www.pierre-le-cycliste.fr\/wp-content\/uploads\/2025\/03\/20250315_135610.resized-1024x768.jpg 1024w, https:\/\/www.pierre-le-cycliste.fr\/wp-content\/uploads\/2025\/03\/20250315_135610.resized-300x225.jpg 300w, https:\/\/www.pierre-le-cycliste.fr\/wp-content\/uploads\/2025\/03\/20250315_135610.resized-768x576.jpg 768w, https:\/\/www.pierre-le-cycliste.fr\/wp-content\/uploads\/2025\/03\/20250315_135610.resized.jpg 1280w\" sizes=\"auto, (max-width: 640px) 100vw, 640px\" \/><p id=\"caption-attachment-4182\" class=\"wp-caption-text\">Un curieux parc paysager \u00e0 Creuzburg. Il semble avoir \u00e9t\u00e9 cr\u00e9\u00e9 par l&rsquo;entreprise Pollmeier, entreprise de mise en oeuvre de bois pour la construction.<\/p><\/div>\n<div id=\"attachment_4185\" style=\"width: 650px\" class=\"wp-caption alignnone\"><img loading=\"lazy\" decoding=\"async\" aria-describedby=\"caption-attachment-4185\" src=\"https:\/\/www.pierre-le-cycliste.fr\/wp-content\/uploads\/2025\/03\/20250315_140523.resized-1024x768.jpg\" alt=\"\" width=\"640\" height=\"480\" class=\"size-large wp-image-4185\" srcset=\"https:\/\/www.pierre-le-cycliste.fr\/wp-content\/uploads\/2025\/03\/20250315_140523.resized-1024x768.jpg 1024w, https:\/\/www.pierre-le-cycliste.fr\/wp-content\/uploads\/2025\/03\/20250315_140523.resized-300x225.jpg 300w, https:\/\/www.pierre-le-cycliste.fr\/wp-content\/uploads\/2025\/03\/20250315_140523.resized-768x576.jpg 768w, https:\/\/www.pierre-le-cycliste.fr\/wp-content\/uploads\/2025\/03\/20250315_140523.resized.jpg 1280w\" sizes=\"auto, (max-width: 640px) 100vw, 640px\" \/><p id=\"caption-attachment-4185\" class=\"wp-caption-text\">Notre route a travers\u00e9 cet \u00e9levage de moutons. Nous avons d\u00fb le contourner l\u00e9g\u00e8rement, sans difficult\u00e9.<\/p><\/div>\n<div id=\"attachment_4186\" style=\"width: 650px\" class=\"wp-caption alignnone\"><img loading=\"lazy\" decoding=\"async\" aria-describedby=\"caption-attachment-4186\" src=\"https:\/\/www.pierre-le-cycliste.fr\/wp-content\/uploads\/2025\/03\/20250315_142239.resized-1024x768.jpg\" alt=\"\" width=\"640\" height=\"480\" class=\"size-large wp-image-4186\" srcset=\"https:\/\/www.pierre-le-cycliste.fr\/wp-content\/uploads\/2025\/03\/20250315_142239.resized-1024x768.jpg 1024w, https:\/\/www.pierre-le-cycliste.fr\/wp-content\/uploads\/2025\/03\/20250315_142239.resized-300x225.jpg 300w, https:\/\/www.pierre-le-cycliste.fr\/wp-content\/uploads\/2025\/03\/20250315_142239.resized-768x576.jpg 768w, https:\/\/www.pierre-le-cycliste.fr\/wp-content\/uploads\/2025\/03\/20250315_142239.resized.jpg 1280w\" sizes=\"auto, (max-width: 640px) 100vw, 640px\" \/><p id=\"caption-attachment-4186\" class=\"wp-caption-text\">La rivi\u00e8re Werra.<br \/>La rivi\u00e8re Werra et la rivi\u00e8re Fulda qui coule \u00e0 Kassel se conjuguent \u00e0 Hann M\u00fcnden (\u00e0 une vingtaine de kilom\u00e8tres au nord-ouste de Kassel) pour donner la Weser qui se jette dans la Mer du Nord du c\u00f4t\u00e9 de Br\u00eame.<\/p><\/div>\n<div id=\"attachment_4187\" style=\"width: 650px\" class=\"wp-caption alignnone\"><img loading=\"lazy\" decoding=\"async\" aria-describedby=\"caption-attachment-4187\" src=\"https:\/\/www.pierre-le-cycliste.fr\/wp-content\/uploads\/2025\/03\/20250315_142556.resized-1024x768.jpg\" alt=\"\" width=\"640\" height=\"480\" class=\"size-large wp-image-4187\" srcset=\"https:\/\/www.pierre-le-cycliste.fr\/wp-content\/uploads\/2025\/03\/20250315_142556.resized-1024x768.jpg 1024w, https:\/\/www.pierre-le-cycliste.fr\/wp-content\/uploads\/2025\/03\/20250315_142556.resized-300x225.jpg 300w, https:\/\/www.pierre-le-cycliste.fr\/wp-content\/uploads\/2025\/03\/20250315_142556.resized-768x576.jpg 768w, https:\/\/www.pierre-le-cycliste.fr\/wp-content\/uploads\/2025\/03\/20250315_142556.resized.jpg 1280w\" sizes=\"auto, (max-width: 640px) 100vw, 640px\" \/><p id=\"caption-attachment-4187\" class=\"wp-caption-text\">Le village de Sipchra au bord de la Werra.<\/p><\/div>\n<div id=\"attachment_4188\" style=\"width: 650px\" class=\"wp-caption alignnone\"><img loading=\"lazy\" decoding=\"async\" aria-describedby=\"caption-attachment-4188\" src=\"https:\/\/www.pierre-le-cycliste.fr\/wp-content\/uploads\/2025\/03\/20250315_154823.resized-1024x768.jpg\" alt=\"\" width=\"640\" height=\"480\" class=\"size-large wp-image-4188\" srcset=\"https:\/\/www.pierre-le-cycliste.fr\/wp-content\/uploads\/2025\/03\/20250315_154823.resized-1024x768.jpg 1024w, https:\/\/www.pierre-le-cycliste.fr\/wp-content\/uploads\/2025\/03\/20250315_154823.resized-300x225.jpg 300w, https:\/\/www.pierre-le-cycliste.fr\/wp-content\/uploads\/2025\/03\/20250315_154823.resized-768x576.jpg 768w, https:\/\/www.pierre-le-cycliste.fr\/wp-content\/uploads\/2025\/03\/20250315_154823.resized.jpg 1280w\" sizes=\"auto, (max-width: 640px) 100vw, 640px\" \/><p id=\"caption-attachment-4188\" class=\"wp-caption-text\">La tour et le clocher Saint Nicolas \u00e0 Eisenach.<\/p><\/div>\n<div id=\"attachment_4189\" style=\"width: 650px\" class=\"wp-caption alignnone\"><img loading=\"lazy\" decoding=\"async\" aria-describedby=\"caption-attachment-4189\" src=\"https:\/\/www.pierre-le-cycliste.fr\/wp-content\/uploads\/2025\/03\/20250315_155017.resized-1024x768.jpg\" alt=\"\" width=\"640\" height=\"480\" class=\"size-large wp-image-4189\" srcset=\"https:\/\/www.pierre-le-cycliste.fr\/wp-content\/uploads\/2025\/03\/20250315_155017.resized-1024x768.jpg 1024w, https:\/\/www.pierre-le-cycliste.fr\/wp-content\/uploads\/2025\/03\/20250315_155017.resized-300x225.jpg 300w, https:\/\/www.pierre-le-cycliste.fr\/wp-content\/uploads\/2025\/03\/20250315_155017.resized-768x576.jpg 768w, https:\/\/www.pierre-le-cycliste.fr\/wp-content\/uploads\/2025\/03\/20250315_155017.resized.jpg 1280w\" sizes=\"auto, (max-width: 640px) 100vw, 640px\" \/><p id=\"caption-attachment-4189\" class=\"wp-caption-text\">La tour et le clocher Saint Nicolas \u00e0 Eisenach.<\/p><\/div>\n<div id=\"attachment_4190\" style=\"width: 650px\" class=\"wp-caption alignnone\"><img loading=\"lazy\" decoding=\"async\" aria-describedby=\"caption-attachment-4190\" src=\"https:\/\/www.pierre-le-cycliste.fr\/wp-content\/uploads\/2025\/03\/20250315_160319.resized-1024x768.jpg\" alt=\"\" width=\"640\" height=\"480\" class=\"size-large wp-image-4190\" srcset=\"https:\/\/www.pierre-le-cycliste.fr\/wp-content\/uploads\/2025\/03\/20250315_160319.resized-1024x768.jpg 1024w, https:\/\/www.pierre-le-cycliste.fr\/wp-content\/uploads\/2025\/03\/20250315_160319.resized-300x225.jpg 300w, https:\/\/www.pierre-le-cycliste.fr\/wp-content\/uploads\/2025\/03\/20250315_160319.resized-768x576.jpg 768w, https:\/\/www.pierre-le-cycliste.fr\/wp-content\/uploads\/2025\/03\/20250315_160319.resized.jpg 1280w\" sizes=\"auto, (max-width: 640px) 100vw, 640px\" \/><p id=\"caption-attachment-4190\" class=\"wp-caption-text\">La poste de Eisenach.<\/p><\/div>\n<div id=\"attachment_4191\" style=\"width: 650px\" class=\"wp-caption alignnone\"><img loading=\"lazy\" decoding=\"async\" aria-describedby=\"caption-attachment-4191\" src=\"https:\/\/www.pierre-le-cycliste.fr\/wp-content\/uploads\/2025\/03\/20250315_160358.resized-768x1024.jpg\" alt=\"\" width=\"640\" height=\"853\" class=\"size-large wp-image-4191\" srcset=\"https:\/\/www.pierre-le-cycliste.fr\/wp-content\/uploads\/2025\/03\/20250315_160358.resized-768x1024.jpg 768w, https:\/\/www.pierre-le-cycliste.fr\/wp-content\/uploads\/2025\/03\/20250315_160358.resized-225x300.jpg 225w, https:\/\/www.pierre-le-cycliste.fr\/wp-content\/uploads\/2025\/03\/20250315_160358.resized-rotated.jpg 960w\" sizes=\"auto, (max-width: 640px) 100vw, 640px\" \/><p id=\"caption-attachment-4191\" class=\"wp-caption-text\">L&rsquo;\u00e9glise St Georges \u00e0 Eisenach.<\/p><\/div>\n<div id=\"attachment_4192\" style=\"width: 650px\" class=\"wp-caption alignnone\"><img loading=\"lazy\" decoding=\"async\" aria-describedby=\"caption-attachment-4192\" src=\"https:\/\/www.pierre-le-cycliste.fr\/wp-content\/uploads\/2025\/03\/20250315_160448.resized-1024x768.jpg\" alt=\"\" width=\"640\" height=\"480\" class=\"size-large wp-image-4192\" srcset=\"https:\/\/www.pierre-le-cycliste.fr\/wp-content\/uploads\/2025\/03\/20250315_160448.resized-1024x768.jpg 1024w, https:\/\/www.pierre-le-cycliste.fr\/wp-content\/uploads\/2025\/03\/20250315_160448.resized-300x225.jpg 300w, https:\/\/www.pierre-le-cycliste.fr\/wp-content\/uploads\/2025\/03\/20250315_160448.resized-768x576.jpg 768w, https:\/\/www.pierre-le-cycliste.fr\/wp-content\/uploads\/2025\/03\/20250315_160448.resized.jpg 1280w\" sizes=\"auto, (max-width: 640px) 100vw, 640px\" \/><p id=\"caption-attachment-4192\" class=\"wp-caption-text\">Le ch\u00e2teau de ville et l&rsquo;h\u00f4tel de ville de Eisenach.<\/p><\/div>\n<div id=\"attachment_4193\" style=\"width: 650px\" class=\"wp-caption alignnone\"><img loading=\"lazy\" decoding=\"async\" aria-describedby=\"caption-attachment-4193\" src=\"https:\/\/www.pierre-le-cycliste.fr\/wp-content\/uploads\/2025\/03\/20250315_161049.resized-1024x768.jpg\" alt=\"\" width=\"640\" height=\"480\" class=\"size-large wp-image-4193\" srcset=\"https:\/\/www.pierre-le-cycliste.fr\/wp-content\/uploads\/2025\/03\/20250315_161049.resized-1024x768.jpg 1024w, https:\/\/www.pierre-le-cycliste.fr\/wp-content\/uploads\/2025\/03\/20250315_161049.resized-300x225.jpg 300w, https:\/\/www.pierre-le-cycliste.fr\/wp-content\/uploads\/2025\/03\/20250315_161049.resized-768x576.jpg 768w, https:\/\/www.pierre-le-cycliste.fr\/wp-content\/uploads\/2025\/03\/20250315_161049.resized.jpg 1280w\" sizes=\"auto, (max-width: 640px) 100vw, 640px\" \/><p id=\"caption-attachment-4193\" class=\"wp-caption-text\">A droite, la maison o\u00f9 Martin Luther a traduit la Bible en allemand, au XVIe si\u00e8cle., \u00e0 Eisenach.<\/p><\/div>\n<div id=\"attachment_4197\" style=\"width: 980px\" class=\"wp-caption alignnone\"><img loading=\"lazy\" decoding=\"async\" aria-describedby=\"caption-attachment-4197\" src=\"https:\/\/www.pierre-le-cycliste.fr\/wp-content\/uploads\/2025\/03\/Screenshot_20250315_204735.jpg\" alt=\"\" width=\"970\" height=\"725\" class=\"size-full wp-image-4197\" srcset=\"https:\/\/www.pierre-le-cycliste.fr\/wp-content\/uploads\/2025\/03\/Screenshot_20250315_204735.jpg 970w, https:\/\/www.pierre-le-cycliste.fr\/wp-content\/uploads\/2025\/03\/Screenshot_20250315_204735-300x224.jpg 300w, https:\/\/www.pierre-le-cycliste.fr\/wp-content\/uploads\/2025\/03\/Screenshot_20250315_204735-768x574.jpg 768w\" sizes=\"auto, (max-width: 970px) 100vw, 970px\" \/><p id=\"caption-attachment-4197\" class=\"wp-caption-text\">Photo du 26 mai 2017 en Thuringe<\/p><\/div>\n","protected":false},"excerpt":{"rendered":"<p>Journ\u00e9e encore tr\u00e8s froide aujourd&rsquo;hui. 1\u00b0 ce matin en partant \u00e0 8h de Kassel. 3\u00b0 \u00e0 la pause \u00e0 Hasselbach \u00e0 10h30 et cela a d\u00fb monter \u00e0 6\u00b0 dans l&rsquo;apr\u00e8s-midi. Journ\u00e9e assez claire avec un peu de soleil, mais &hellip; <a href=\"https:\/\/www.pierre-le-cycliste.fr\/index.php\/2025\/03\/15\/tour-en-allemagne-jour-12-kassel-eisenach-88-km\/\">Continuer la lecture <span class=\"meta-nav\">&rarr;<\/span><\/a><\/p>\n","protected":false},"author":1,"featured_media":0,"comment_status":"open","ping_status":"open","sticky":false,"template":"","format":"standard","meta":{"footnotes":""},"categories":[1],"tags":[],"class_list":["post-4194","post","type-post","status-publish","format-standard","hentry","category-non-classe"],"_links":{"self":[{"href":"https:\/\/www.pierre-le-cycliste.fr\/index.php\/wp-json\/wp\/v2\/posts\/4194","targetHints":{"allow":["GET"]}}],"collection":[{"href":"https:\/\/www.pierre-le-cycliste.fr\/index.php\/wp-json\/wp\/v2\/posts"}],"about":[{"href":"https:\/\/www.pierre-le-cycliste.fr\/index.php\/wp-json\/wp\/v2\/types\/post"}],"author":[{"embeddable":true,"href":"https:\/\/www.pierre-le-cycliste.fr\/index.php\/wp-json\/wp\/v2\/users\/1"}],"replies":[{"embeddable":true,"href":"https:\/\/www.pierre-le-cycliste.fr\/index.php\/wp-json\/wp\/v2\/comments?post=4194"}],"version-history":[{"count":4,"href":"https:\/\/www.pierre-le-cycliste.fr\/index.php\/wp-json\/wp\/v2\/posts\/4194\/revisions"}],"predecessor-version":[{"id":4199,"href":"https:\/\/www.pierre-le-cycliste.fr\/index.php\/wp-json\/wp\/v2\/posts\/4194\/revisions\/4199"}],"wp:attachment":[{"href":"https:\/\/www.pierre-le-cycliste.fr\/index.php\/wp-json\/wp\/v2\/media?parent=4194"}],"wp:term":[{"taxonomy":"category","embeddable":true,"href":"https:\/\/www.pierre-le-cycliste.fr\/index.php\/wp-json\/wp\/v2\/categories?post=4194"},{"taxonomy":"post_tag","embeddable":true,"href":"https:\/\/www.pierre-le-cycliste.fr\/index.php\/wp-json\/wp\/v2\/tags?post=4194"}],"curies":[{"name":"wp","href":"https:\/\/api.w.org\/{rel}","templated":true}]}}