{"id":431,"date":"2024-02-01T20:33:04","date_gmt":"2024-02-01T19:33:04","guid":{"rendered":"https:\/\/www.pierre-le-cycliste.fr\/?p=431"},"modified":"2024-02-04T20:53:51","modified_gmt":"2024-02-04T19:53:51","slug":"2024-2-monts-du-lyonnais-valence-roanne","status":"publish","type":"post","link":"https:\/\/www.pierre-le-cycliste.fr\/index.php\/2024\/02\/01\/2024-2-monts-du-lyonnais-valence-roanne\/","title":{"rendered":"2024-2-Monts-du-Lyonnais-Valence-Roanne"},"content":{"rendered":"<div id=\"attachment_165\" style=\"width: 499px\" class=\"wp-caption alignnone\"><img loading=\"lazy\" decoding=\"async\" aria-describedby=\"caption-attachment-165\" src=\"https:\/\/www.pierre-le-cycliste.fr\/wp-content\/uploads\/2024\/01\/Valence-Roanne.jpg\" alt=\"\" width=\"489\" height=\"650\" class=\"size-full wp-image-165\" srcset=\"https:\/\/www.pierre-le-cycliste.fr\/wp-content\/uploads\/2024\/01\/Valence-Roanne.jpg 489w, https:\/\/www.pierre-le-cycliste.fr\/wp-content\/uploads\/2024\/01\/Valence-Roanne-226x300.jpg 226w\" sizes=\"auto, (max-width: 489px) 100vw, 489px\" \/><p id=\"caption-attachment-165\" class=\"wp-caption-text\">De Valence \u00e0 Roanne, apr\u00e8s un aller-retour \u00e0 Romans sur Is\u00e8re et Chatuzange le Goubet &#8211; 300 kilom\u00e8tres de randonn\u00e9e &#8211; 3900 m\u00e8tres de d\u00e9nivel\u00e9 positif (MyGpsFiles) &#8211; 4 jours &#8211; 4 cols (690 m\u00e8tres, 690 m\u00e8tres, 860 m\u00e8tres, 700 m\u00e8tres.<\/p><\/div>\n<p>T\u00e9l\u00e9charger <a href=\"https:\/\/www.pierre-le-cycliste.fr\/voyages\/2024-2-Monts-du-Lyonnais-Valence-Roanne.pdf\">le fichier 2024-2-Monts-du-Lyonnais-Valence-Roanne<\/a> <\/a>, gros fichier de 44 Mo.<\/p>\n","protected":false},"excerpt":{"rendered":"<p>T\u00e9l\u00e9charger le fichier 2024-2-Monts-du-Lyonnais-Valence-Roanne , gros fichier de 44 Mo.<\/p>\n","protected":false},"author":1,"featured_media":0,"comment_status":"open","ping_status":"open","sticky":false,"template":"","format":"standard","meta":{"footnotes":""},"categories":[4],"tags":[],"class_list":["post-431","post","type-post","status-publish","format-standard","hentry","category-france"],"_links":{"self":[{"href":"https:\/\/www.pierre-le-cycliste.fr\/index.php\/wp-json\/wp\/v2\/posts\/431","targetHints":{"allow":["GET"]}}],"collection":[{"href":"https:\/\/www.pierre-le-cycliste.fr\/index.php\/wp-json\/wp\/v2\/posts"}],"about":[{"href":"https:\/\/www.pierre-le-cycliste.fr\/index.php\/wp-json\/wp\/v2\/types\/post"}],"author":[{"embeddable":true,"href":"https:\/\/www.pierre-le-cycliste.fr\/index.php\/wp-json\/wp\/v2\/users\/1"}],"replies":[{"embeddable":true,"href":"https:\/\/www.pierre-le-cycliste.fr\/index.php\/wp-json\/wp\/v2\/comments?post=431"}],"version-history":[{"count":1,"href":"https:\/\/www.pierre-le-cycliste.fr\/index.php\/wp-json\/wp\/v2\/posts\/431\/revisions"}],"predecessor-version":[{"id":432,"href":"https:\/\/www.pierre-le-cycliste.fr\/index.php\/wp-json\/wp\/v2\/posts\/431\/revisions\/432"}],"wp:attachment":[{"href":"https:\/\/www.pierre-le-cycliste.fr\/index.php\/wp-json\/wp\/v2\/media?parent=431"}],"wp:term":[{"taxonomy":"category","embeddable":true,"href":"https:\/\/www.pierre-le-cycliste.fr\/index.php\/wp-json\/wp\/v2\/categories?post=431"},{"taxonomy":"post_tag","embeddable":true,"href":"https:\/\/www.pierre-le-cycliste.fr\/index.php\/wp-json\/wp\/v2\/tags?post=431"}],"curies":[{"name":"wp","href":"https:\/\/api.w.org\/{rel}","templated":true}]}}