{"id":437,"date":"2024-02-18T07:57:15","date_gmt":"2024-02-18T06:57:15","guid":{"rendered":"https:\/\/www.pierre-le-cycliste.fr\/?p=437"},"modified":"2024-02-18T07:57:15","modified_gmt":"2024-02-18T06:57:15","slug":"le-grand-defi-railcoop-jour-0","status":"publish","type":"post","link":"https:\/\/www.pierre-le-cycliste.fr\/index.php\/2024\/02\/18\/le-grand-defi-railcoop-jour-0\/","title":{"rendered":"Le grand d\u00e9fi Railcoop &#8211; jour 0"},"content":{"rendered":"<p>Une nouvelle aventure \u00e0 v\u00e9lo commence. <\/p>\n<p><a href=\"https:\/\/fr.wikipedia.org\/wiki\/Railcoop\">Railcoop<\/a> est une soci\u00e9t\u00e9 coop\u00e9rative de transport ferroviaire fran\u00e7aise priv\u00e9e cr\u00e9\u00e9e en 2019, dont le si\u00e8ge social se situe \u00e0 Figeac (Lot). Dans un contexte d\u2019ouverture \u00e0 la concurrence du march\u00e9 du transport ferroviaire \u00e0 partir de d\u00e9cembre 2020, Railcoop s\u2019est donn\u00e9 pour objectif de renforcer l\u2019usage du ferroviaire sur tous les territoires afin de contribuer \u00e0 la transition \u00e9cologique, avec un premier objectif la r\u00e9ouverture de la ligne Bordeaux-Lyon arr\u00eat\u00e9e par l\u2019\u00c9tat en 2012.<\/p>\n<p><img loading=\"lazy\" decoding=\"async\" src=\"https:\/\/www.pierre-le-cycliste.fr\/wp-content\/uploads\/2024\/02\/Logo-railcoop.png\" alt=\"\" width=\"195\" height=\"38\" class=\"alignnone size-full wp-image-449\" \/><\/p>\n<p>Cette r\u00e9ouverture initialement pr\u00e9vue en 2022, puis 2023, et maintenant 2024, semble un peu compromise par la mise en redressement judiciaire en octobre 2023.<\/p>\n<p>L&rsquo;association \u00ab\u00a0<a href=\"https:\/\/www.facebook.com\/people\/Les-amis-de-Railcoop\/61555927016201\/\">Les Amis de Railcoop<\/a>\u00a0\u00bb soutient ce projet de r\u00e9ouverture et a d\u00e9cid\u00e9 de la pr\u00e9figurer en parcourant la ligne de Bordeaux \u00e0 Lyon, \u00e0  pied ou \u00e0 v\u00e9lo, en une quinzaine de jours du 17 f\u00e9vrier au 2 mars.<\/p>\n<p><img loading=\"lazy\" decoding=\"async\" src=\"https:\/\/www.pierre-le-cycliste.fr\/wp-content\/uploads\/2024\/02\/421849737_122096598788197567_5683516897989535296_n.jpg\" alt=\"\" width=\"200\" height=\"200\" class=\"alignnone size-full wp-image-448\" srcset=\"https:\/\/www.pierre-le-cycliste.fr\/wp-content\/uploads\/2024\/02\/421849737_122096598788197567_5683516897989535296_n.jpg 200w, https:\/\/www.pierre-le-cycliste.fr\/wp-content\/uploads\/2024\/02\/421849737_122096598788197567_5683516897989535296_n-150x150.jpg 150w\" sizes=\"auto, (max-width: 200px) 100vw, 200px\" \/><\/p>\n<p>Pour ma part, grand utilisateur du train depuis toujours, nostalgique du Quimper-Vingtimille, du Salzbourg-Paris, du Copenhague-Paris, en wagon-couchette, disparus, des Ter et des Intercit\u00e9s d&rsquo;aujourd&rsquo;hui, trains qui desservent les territoires en transportant les v\u00e9los, je suis, depuis juin 2021, symboliquement, soci\u00e9taire de Railcoop et c&rsquo;est assez naturellement que, d\u00e9couvrant le grand d\u00e9fi des Amis de Railcoop, j&rsquo;ai choisi d&rsquo;y participer pendant une semaine. <\/p>\n<p>Ce matin, \u00e0 Nantes, j&rsquo;ai pris le train pour Bordeaux, avec beaucoup de chance, c&rsquo;est le seul train Nantes-Bordeaux qui n&rsquo;a pas \u00e9t\u00e9 annul\u00e9 dans le cadre de la gr\u00e8ve des contr\u00f4leurs Sncf.<\/p>\n<p>Peu apr\u00e8s midi, je retrouve le groupe au bord de la Garonne, sur le parvis de la Maison Ecocitoyenne de Bordeaux, devant la magnifique Porte Cailhau.<\/p>\n<p>Un peu plus tard, prenant le Pont de Pierre nous avons travers\u00e9 la Garonne pour nous rendre sur le site de Darwin, un lieu tendance alternative, toujours en bord de Garonne, le site de l&rsquo;ancienne caserne Niel.<\/p>\n<p>Demain c&rsquo;est le vrai d\u00e9part vers Lyon.<\/p>\n<div id=\"attachment_442\" style=\"width: 650px\" class=\"wp-caption alignnone\"><img loading=\"lazy\" decoding=\"async\" aria-describedby=\"caption-attachment-442\" src=\"https:\/\/www.pierre-le-cycliste.fr\/wp-content\/uploads\/2024\/02\/20240217_133256.resized-1024x768.jpg\" alt=\"\" width=\"640\" height=\"480\" class=\"size-large wp-image-442\" srcset=\"https:\/\/www.pierre-le-cycliste.fr\/wp-content\/uploads\/2024\/02\/20240217_133256.resized-1024x768.jpg 1024w, https:\/\/www.pierre-le-cycliste.fr\/wp-content\/uploads\/2024\/02\/20240217_133256.resized-300x225.jpg 300w, https:\/\/www.pierre-le-cycliste.fr\/wp-content\/uploads\/2024\/02\/20240217_133256.resized-768x576.jpg 768w, https:\/\/www.pierre-le-cycliste.fr\/wp-content\/uploads\/2024\/02\/20240217_133256.resized-1536x1152.jpg 1536w, https:\/\/www.pierre-le-cycliste.fr\/wp-content\/uploads\/2024\/02\/20240217_133256.resized-2048x1536.jpg 2048w\" sizes=\"auto, (max-width: 640px) 100vw, 640px\" \/><p id=\"caption-attachment-442\" class=\"wp-caption-text\">La Garonne \u00e0 Bordeaux.<\/p><\/div>\n<div id=\"attachment_439\" style=\"width: 650px\" class=\"wp-caption alignnone\"><img loading=\"lazy\" decoding=\"async\" aria-describedby=\"caption-attachment-439\" src=\"https:\/\/www.pierre-le-cycliste.fr\/wp-content\/uploads\/2024\/02\/20240217_123814.resized-768x1024.jpg\" alt=\"\" width=\"640\" height=\"853\" class=\"size-large wp-image-439\" srcset=\"https:\/\/www.pierre-le-cycliste.fr\/wp-content\/uploads\/2024\/02\/20240217_123814.resized-768x1024.jpg 768w, https:\/\/www.pierre-le-cycliste.fr\/wp-content\/uploads\/2024\/02\/20240217_123814.resized-225x300.jpg 225w, https:\/\/www.pierre-le-cycliste.fr\/wp-content\/uploads\/2024\/02\/20240217_123814.resized-1152x1536.jpg 1152w, https:\/\/www.pierre-le-cycliste.fr\/wp-content\/uploads\/2024\/02\/20240217_123814.resized-1536x2048.jpg 1536w, https:\/\/www.pierre-le-cycliste.fr\/wp-content\/uploads\/2024\/02\/20240217_123814.resized-rotated.jpg 1734w\" sizes=\"auto, (max-width: 640px) 100vw, 640px\" \/><p id=\"caption-attachment-439\" class=\"wp-caption-text\">La porte Cailhau.<\/p><\/div>\n<div id=\"attachment_438\" style=\"width: 650px\" class=\"wp-caption alignnone\"><img loading=\"lazy\" decoding=\"async\" aria-describedby=\"caption-attachment-438\" src=\"https:\/\/www.pierre-le-cycliste.fr\/wp-content\/uploads\/2024\/02\/20240217_123714.resized-768x1024.jpg\" alt=\"\" width=\"640\" height=\"853\" class=\"size-large wp-image-438\" srcset=\"https:\/\/www.pierre-le-cycliste.fr\/wp-content\/uploads\/2024\/02\/20240217_123714.resized-768x1024.jpg 768w, https:\/\/www.pierre-le-cycliste.fr\/wp-content\/uploads\/2024\/02\/20240217_123714.resized-225x300.jpg 225w, https:\/\/www.pierre-le-cycliste.fr\/wp-content\/uploads\/2024\/02\/20240217_123714.resized-1152x1536.jpg 1152w, https:\/\/www.pierre-le-cycliste.fr\/wp-content\/uploads\/2024\/02\/20240217_123714.resized-1536x2048.jpg 1536w, https:\/\/www.pierre-le-cycliste.fr\/wp-content\/uploads\/2024\/02\/20240217_123714.resized-rotated.jpg 1734w\" sizes=\"auto, (max-width: 640px) 100vw, 640px\" \/><p id=\"caption-attachment-438\" class=\"wp-caption-text\">La porte Cailhau.<\/p><\/div>\n<div id=\"attachment_440\" style=\"width: 650px\" class=\"wp-caption alignnone\"><img loading=\"lazy\" decoding=\"async\" aria-describedby=\"caption-attachment-440\" src=\"https:\/\/www.pierre-le-cycliste.fr\/wp-content\/uploads\/2024\/02\/20240217_133110.resized-1024x768.jpg\" alt=\"\" width=\"640\" height=\"480\" class=\"size-large wp-image-440\" srcset=\"https:\/\/www.pierre-le-cycliste.fr\/wp-content\/uploads\/2024\/02\/20240217_133110.resized-1024x768.jpg 1024w, https:\/\/www.pierre-le-cycliste.fr\/wp-content\/uploads\/2024\/02\/20240217_133110.resized-300x225.jpg 300w, https:\/\/www.pierre-le-cycliste.fr\/wp-content\/uploads\/2024\/02\/20240217_133110.resized-768x576.jpg 768w, https:\/\/www.pierre-le-cycliste.fr\/wp-content\/uploads\/2024\/02\/20240217_133110.resized-1536x1152.jpg 1536w, https:\/\/www.pierre-le-cycliste.fr\/wp-content\/uploads\/2024\/02\/20240217_133110.resized-2048x1536.jpg 2048w\" sizes=\"auto, (max-width: 640px) 100vw, 640px\" \/><p id=\"caption-attachment-440\" class=\"wp-caption-text\">La Maison Ecocitoyenne.<\/p><\/div>\n<div id=\"attachment_441\" style=\"width: 650px\" class=\"wp-caption alignnone\"><img loading=\"lazy\" decoding=\"async\" aria-describedby=\"caption-attachment-441\" src=\"https:\/\/www.pierre-le-cycliste.fr\/wp-content\/uploads\/2024\/02\/20240217_133202.resized-1024x768.jpg\" alt=\"\" width=\"640\" height=\"480\" class=\"size-large wp-image-441\" srcset=\"https:\/\/www.pierre-le-cycliste.fr\/wp-content\/uploads\/2024\/02\/20240217_133202.resized-1024x768.jpg 1024w, https:\/\/www.pierre-le-cycliste.fr\/wp-content\/uploads\/2024\/02\/20240217_133202.resized-300x225.jpg 300w, https:\/\/www.pierre-le-cycliste.fr\/wp-content\/uploads\/2024\/02\/20240217_133202.resized-768x576.jpg 768w, https:\/\/www.pierre-le-cycliste.fr\/wp-content\/uploads\/2024\/02\/20240217_133202.resized-1536x1152.jpg 1536w, https:\/\/www.pierre-le-cycliste.fr\/wp-content\/uploads\/2024\/02\/20240217_133202.resized-2048x1536.jpg 2048w\" sizes=\"auto, (max-width: 640px) 100vw, 640px\" \/><p id=\"caption-attachment-441\" class=\"wp-caption-text\">Le parvis de la Maison Ecocitoyenne.<\/p><\/div>\n<div id=\"attachment_443\" style=\"width: 650px\" class=\"wp-caption alignnone\"><img loading=\"lazy\" decoding=\"async\" aria-describedby=\"caption-attachment-443\" src=\"https:\/\/www.pierre-le-cycliste.fr\/wp-content\/uploads\/2024\/02\/20240217_151437.resized-1024x768.jpg\" alt=\"\" width=\"640\" height=\"480\" class=\"size-large wp-image-443\" srcset=\"https:\/\/www.pierre-le-cycliste.fr\/wp-content\/uploads\/2024\/02\/20240217_151437.resized-1024x768.jpg 1024w, https:\/\/www.pierre-le-cycliste.fr\/wp-content\/uploads\/2024\/02\/20240217_151437.resized-300x225.jpg 300w, https:\/\/www.pierre-le-cycliste.fr\/wp-content\/uploads\/2024\/02\/20240217_151437.resized-768x576.jpg 768w, https:\/\/www.pierre-le-cycliste.fr\/wp-content\/uploads\/2024\/02\/20240217_151437.resized-1536x1152.jpg 1536w, https:\/\/www.pierre-le-cycliste.fr\/wp-content\/uploads\/2024\/02\/20240217_151437.resized.jpg 2000w\" sizes=\"auto, (max-width: 640px) 100vw, 640px\" \/><p id=\"caption-attachment-443\" class=\"wp-caption-text\">Darwin<\/p><\/div>\n<div id=\"attachment_444\" style=\"width: 650px\" class=\"wp-caption alignnone\"><img loading=\"lazy\" decoding=\"async\" aria-describedby=\"caption-attachment-444\" src=\"https:\/\/www.pierre-le-cycliste.fr\/wp-content\/uploads\/2024\/02\/20240217_151443.resized-1024x768.jpg\" alt=\"\" width=\"640\" height=\"480\" class=\"size-large wp-image-444\" srcset=\"https:\/\/www.pierre-le-cycliste.fr\/wp-content\/uploads\/2024\/02\/20240217_151443.resized-1024x768.jpg 1024w, https:\/\/www.pierre-le-cycliste.fr\/wp-content\/uploads\/2024\/02\/20240217_151443.resized-300x225.jpg 300w, https:\/\/www.pierre-le-cycliste.fr\/wp-content\/uploads\/2024\/02\/20240217_151443.resized-768x576.jpg 768w, https:\/\/www.pierre-le-cycliste.fr\/wp-content\/uploads\/2024\/02\/20240217_151443.resized-1536x1152.jpg 1536w, https:\/\/www.pierre-le-cycliste.fr\/wp-content\/uploads\/2024\/02\/20240217_151443.resized.jpg 2000w\" sizes=\"auto, (max-width: 640px) 100vw, 640px\" \/><p id=\"caption-attachment-444\" class=\"wp-caption-text\">Darwin<\/p><\/div>\n<div id=\"attachment_445\" style=\"width: 650px\" class=\"wp-caption alignnone\"><img loading=\"lazy\" decoding=\"async\" aria-describedby=\"caption-attachment-445\" src=\"https:\/\/www.pierre-le-cycliste.fr\/wp-content\/uploads\/2024\/02\/20240217_153759.resized-1024x768.jpg\" alt=\"\" width=\"640\" height=\"480\" class=\"size-large wp-image-445\" srcset=\"https:\/\/www.pierre-le-cycliste.fr\/wp-content\/uploads\/2024\/02\/20240217_153759.resized-1024x768.jpg 1024w, https:\/\/www.pierre-le-cycliste.fr\/wp-content\/uploads\/2024\/02\/20240217_153759.resized-300x225.jpg 300w, https:\/\/www.pierre-le-cycliste.fr\/wp-content\/uploads\/2024\/02\/20240217_153759.resized-768x576.jpg 768w, https:\/\/www.pierre-le-cycliste.fr\/wp-content\/uploads\/2024\/02\/20240217_153759.resized-1536x1152.jpg 1536w, https:\/\/www.pierre-le-cycliste.fr\/wp-content\/uploads\/2024\/02\/20240217_153759.resized-2048x1536.jpg 2048w\" sizes=\"auto, (max-width: 640px) 100vw, 640px\" \/><p id=\"caption-attachment-445\" class=\"wp-caption-text\">Darwin<\/p><\/div>\n<div id=\"attachment_446\" style=\"width: 650px\" class=\"wp-caption alignnone\"><img loading=\"lazy\" decoding=\"async\" aria-describedby=\"caption-attachment-446\" src=\"https:\/\/www.pierre-le-cycliste.fr\/wp-content\/uploads\/2024\/02\/20240217_154005.resized-1024x768.jpg\" alt=\"\" width=\"640\" height=\"480\" class=\"size-large wp-image-446\" srcset=\"https:\/\/www.pierre-le-cycliste.fr\/wp-content\/uploads\/2024\/02\/20240217_154005.resized-1024x768.jpg 1024w, https:\/\/www.pierre-le-cycliste.fr\/wp-content\/uploads\/2024\/02\/20240217_154005.resized-300x225.jpg 300w, https:\/\/www.pierre-le-cycliste.fr\/wp-content\/uploads\/2024\/02\/20240217_154005.resized-768x576.jpg 768w, https:\/\/www.pierre-le-cycliste.fr\/wp-content\/uploads\/2024\/02\/20240217_154005.resized-1536x1152.jpg 1536w, https:\/\/www.pierre-le-cycliste.fr\/wp-content\/uploads\/2024\/02\/20240217_154005.resized-2048x1536.jpg 2048w\" sizes=\"auto, (max-width: 640px) 100vw, 640px\" \/><p id=\"caption-attachment-446\" class=\"wp-caption-text\">Lieu d&rsquo;animation \u00e0 Darwin.<\/p><\/div>\n<div id=\"attachment_447\" style=\"width: 650px\" class=\"wp-caption alignnone\"><img loading=\"lazy\" decoding=\"async\" aria-describedby=\"caption-attachment-447\" src=\"https:\/\/www.pierre-le-cycliste.fr\/wp-content\/uploads\/2024\/02\/20240217_171401.resized-1024x768.jpg\" alt=\"\" width=\"640\" height=\"480\" class=\"size-large wp-image-447\" srcset=\"https:\/\/www.pierre-le-cycliste.fr\/wp-content\/uploads\/2024\/02\/20240217_171401.resized-1024x768.jpg 1024w, https:\/\/www.pierre-le-cycliste.fr\/wp-content\/uploads\/2024\/02\/20240217_171401.resized-300x225.jpg 300w, https:\/\/www.pierre-le-cycliste.fr\/wp-content\/uploads\/2024\/02\/20240217_171401.resized-768x576.jpg 768w, https:\/\/www.pierre-le-cycliste.fr\/wp-content\/uploads\/2024\/02\/20240217_171401.resized-1536x1152.jpg 1536w, https:\/\/www.pierre-le-cycliste.fr\/wp-content\/uploads\/2024\/02\/20240217_171401.resized-2048x1536.jpg 2048w\" sizes=\"auto, (max-width: 640px) 100vw, 640px\" \/><p id=\"caption-attachment-447\" class=\"wp-caption-text\">Conf\u00e9rence Railcoop \u00e0 la galerie des Sauvages sur le site de Darwin, Nicolas, le Dircetur G\u00e9n\u00e9ral de Railcoop, Eric, un des organisateurs du grand d\u00e9fi, Lydie Massard, d\u00e9put\u00e9 europ\u00e9enne, bretonne de Pontivy, soutenant le projet de la SCIC Railcoop.<\/p><\/div>\n","protected":false},"excerpt":{"rendered":"<p>Une nouvelle aventure \u00e0 v\u00e9lo commence. Railcoop est une soci\u00e9t\u00e9 coop\u00e9rative de transport ferroviaire fran\u00e7aise priv\u00e9e cr\u00e9\u00e9e en 2019, dont le si\u00e8ge social se situe \u00e0 Figeac (Lot). Dans un contexte d\u2019ouverture \u00e0 la concurrence du march\u00e9 du transport ferroviaire &hellip; <a href=\"https:\/\/www.pierre-le-cycliste.fr\/index.php\/2024\/02\/18\/le-grand-defi-railcoop-jour-0\/\">Continuer la lecture <span class=\"meta-nav\">&rarr;<\/span><\/a><\/p>\n","protected":false},"author":1,"featured_media":0,"comment_status":"open","ping_status":"open","sticky":false,"template":"","format":"standard","meta":{"footnotes":""},"categories":[1],"tags":[],"class_list":["post-437","post","type-post","status-publish","format-standard","hentry","category-non-classe"],"_links":{"self":[{"href":"https:\/\/www.pierre-le-cycliste.fr\/index.php\/wp-json\/wp\/v2\/posts\/437","targetHints":{"allow":["GET"]}}],"collection":[{"href":"https:\/\/www.pierre-le-cycliste.fr\/index.php\/wp-json\/wp\/v2\/posts"}],"about":[{"href":"https:\/\/www.pierre-le-cycliste.fr\/index.php\/wp-json\/wp\/v2\/types\/post"}],"author":[{"embeddable":true,"href":"https:\/\/www.pierre-le-cycliste.fr\/index.php\/wp-json\/wp\/v2\/users\/1"}],"replies":[{"embeddable":true,"href":"https:\/\/www.pierre-le-cycliste.fr\/index.php\/wp-json\/wp\/v2\/comments?post=437"}],"version-history":[{"count":2,"href":"https:\/\/www.pierre-le-cycliste.fr\/index.php\/wp-json\/wp\/v2\/posts\/437\/revisions"}],"predecessor-version":[{"id":451,"href":"https:\/\/www.pierre-le-cycliste.fr\/index.php\/wp-json\/wp\/v2\/posts\/437\/revisions\/451"}],"wp:attachment":[{"href":"https:\/\/www.pierre-le-cycliste.fr\/index.php\/wp-json\/wp\/v2\/media?parent=437"}],"wp:term":[{"taxonomy":"category","embeddable":true,"href":"https:\/\/www.pierre-le-cycliste.fr\/index.php\/wp-json\/wp\/v2\/categories?post=437"},{"taxonomy":"post_tag","embeddable":true,"href":"https:\/\/www.pierre-le-cycliste.fr\/index.php\/wp-json\/wp\/v2\/tags?post=437"}],"curies":[{"name":"wp","href":"https:\/\/api.w.org\/{rel}","templated":true}]}}