{"id":452,"date":"2024-02-18T21:22:27","date_gmt":"2024-02-18T20:22:27","guid":{"rendered":"https:\/\/www.pierre-le-cycliste.fr\/?p=452"},"modified":"2024-02-19T22:51:36","modified_gmt":"2024-02-19T21:51:36","slug":"le-grand-defi-railcoop-jour-1","status":"publish","type":"post","link":"https:\/\/www.pierre-le-cycliste.fr\/index.php\/2024\/02\/18\/le-grand-defi-railcoop-jour-1\/","title":{"rendered":"Le grand d\u00e9fi Railcoop &#8211; jour 1- Bordeaux &#8211; Libourne &#8211; 50 km"},"content":{"rendered":"<p>D\u00e9part du train de 60 v\u00e9los de la gare de Bordeaux \u00e0 10h pr\u00e9cises, au coup de sifflet du chef de gare.<\/p>\n<p>20 km de piste cyclable sur l&rsquo;ancienne voie ferr\u00e9e Bordeaux-Cr\u00e9on. Avantage du site propre en pleine nature, inconv\u00e9nient d&rsquo;une voie un peu monotone.<\/p>\n<p>Tranquille le train arrive \u00e0 l&rsquo;heure \u00e0 12h30 \u00e0 la gare de Cr\u00e9on.<\/p>\n<p>Accueil dans une salle municipale, et repas fourni par un \u00ab\u00a0Food Truck\u00a0\u00bb.<\/p>\n<p>35 v\u00e9los repartent de Cr\u00e9on pour rejoindre Libourne par un magnifique itin\u00e9raire tr\u00e8s vallonn\u00e9,<\/p>\n<p>Passage par Cursan, puis Baron, N\u00e9rigean,<br \/>\net nous atteignons la gare de Libourne \u00e0 16h.<\/p>\n<p>Puis nous sommes re\u00e7u devant l&rsquo;h\u00f4tel de ville de Libourne par la conseill\u00e8re municipale, Madame Heurtebis, d\u00e9l\u00e9gu\u00e9e \u00e0 la strat\u00e9gie locale bas-carbone, aux relations avec le monde viticole et au plan v\u00e9lo.<\/p>\n<p>Corinne, Libournaise, nous accueille \u00e0 7 cyclistes chez elle pour la nuit.<\/p>\n<p><a href=\"https:\/\/france3-regions.francetvinfo.fr\/nouvelle-aquitaine\/gironde\/bordeaux\/les-gens-ne-connaissent-pas-le-projet-a-velo-ou-a-pied-ils-relient-bordeaux-a-lyon-pour-soutenir-la-ligne-de-train-de-railcoop-2926692.html\">Un article de FR3 Aquitaine sur le Grand D\u00e9fi Railcoop.<\/a><\/p>\n<p>On retrouve aussi une <a href=\"https:\/\/france3-regions.francetvinfo.fr\/nouvelle-aquitaine\/programmes\/france-3_nouvelle-aquitaine_ici-19-20-aquitaine\">tr\u00e8s bonne video<\/a> lors du journal 19h\/20h de FR3 Aquitaine \u00e0 partir d&rsquo;1 minute 15 s.<\/p>\n<div id=\"attachment_454\" style=\"width: 650px\" class=\"wp-caption alignnone\"><img loading=\"lazy\" decoding=\"async\" aria-describedby=\"caption-attachment-454\" src=\"https:\/\/www.pierre-le-cycliste.fr\/wp-content\/uploads\/2024\/02\/20240218_090154.resized-1024x768.jpg\" alt=\"\" width=\"640\" height=\"480\" class=\"size-large wp-image-454\" srcset=\"https:\/\/www.pierre-le-cycliste.fr\/wp-content\/uploads\/2024\/02\/20240218_090154.resized-1024x768.jpg 1024w, https:\/\/www.pierre-le-cycliste.fr\/wp-content\/uploads\/2024\/02\/20240218_090154.resized-300x225.jpg 300w, https:\/\/www.pierre-le-cycliste.fr\/wp-content\/uploads\/2024\/02\/20240218_090154.resized-768x576.jpg 768w, https:\/\/www.pierre-le-cycliste.fr\/wp-content\/uploads\/2024\/02\/20240218_090154.resized-1536x1152.jpg 1536w, https:\/\/www.pierre-le-cycliste.fr\/wp-content\/uploads\/2024\/02\/20240218_090154.resized-2048x1536.jpg 2048w\" sizes=\"auto, (max-width: 640px) 100vw, 640px\" \/><p id=\"caption-attachment-454\" class=\"wp-caption-text\">Caf\u00e9 devant la gare de Bordeaux, vieille enseigne.<\/p><\/div>\n<div id=\"attachment_455\" style=\"width: 650px\" class=\"wp-caption alignnone\"><img loading=\"lazy\" decoding=\"async\" aria-describedby=\"caption-attachment-455\" src=\"https:\/\/www.pierre-le-cycliste.fr\/wp-content\/uploads\/2024\/02\/20240218_093225.resized-1024x768.jpg\" alt=\"\" width=\"640\" height=\"480\" class=\"size-large wp-image-455\" srcset=\"https:\/\/www.pierre-le-cycliste.fr\/wp-content\/uploads\/2024\/02\/20240218_093225.resized-1024x768.jpg 1024w, https:\/\/www.pierre-le-cycliste.fr\/wp-content\/uploads\/2024\/02\/20240218_093225.resized-300x225.jpg 300w, https:\/\/www.pierre-le-cycliste.fr\/wp-content\/uploads\/2024\/02\/20240218_093225.resized-768x576.jpg 768w, https:\/\/www.pierre-le-cycliste.fr\/wp-content\/uploads\/2024\/02\/20240218_093225.resized-1536x1152.jpg 1536w, https:\/\/www.pierre-le-cycliste.fr\/wp-content\/uploads\/2024\/02\/20240218_093225.resized-2048x1536.jpg 2048w\" sizes=\"auto, (max-width: 640px) 100vw, 640px\" \/><p id=\"caption-attachment-455\" class=\"wp-caption-text\">Pr\u00e9paration du d\u00e9part en gare de Bordeaux.<\/p><\/div>\n<div id=\"attachment_472\" style=\"width: 650px\" class=\"wp-caption alignnone\"><img loading=\"lazy\" decoding=\"async\" aria-describedby=\"caption-attachment-472\" src=\"https:\/\/www.pierre-le-cycliste.fr\/wp-content\/uploads\/2024\/02\/image000000_1708286276168-1024x768.jpg\" alt=\"\" width=\"640\" height=\"480\" class=\"size-large wp-image-472\" srcset=\"https:\/\/www.pierre-le-cycliste.fr\/wp-content\/uploads\/2024\/02\/image000000_1708286276168-1024x768.jpg 1024w, https:\/\/www.pierre-le-cycliste.fr\/wp-content\/uploads\/2024\/02\/image000000_1708286276168-300x225.jpg 300w, https:\/\/www.pierre-le-cycliste.fr\/wp-content\/uploads\/2024\/02\/image000000_1708286276168-768x576.jpg 768w, https:\/\/www.pierre-le-cycliste.fr\/wp-content\/uploads\/2024\/02\/image000000_1708286276168-1536x1152.jpg 1536w, https:\/\/www.pierre-le-cycliste.fr\/wp-content\/uploads\/2024\/02\/image000000_1708286276168.jpg 1600w\" sizes=\"auto, (max-width: 640px) 100vw, 640px\" \/><p id=\"caption-attachment-472\" class=\"wp-caption-text\">Le train d&rsquo;une soixantaine de  cyclistes pr\u00eat au d\u00e9part devant la gare de Bordeaux.<\/p><\/div>\n<div id=\"attachment_473\" style=\"width: 650px\" class=\"wp-caption alignnone\"><img loading=\"lazy\" decoding=\"async\" aria-describedby=\"caption-attachment-473\" src=\"https:\/\/www.pierre-le-cycliste.fr\/wp-content\/uploads\/2024\/02\/IMG_3589-768x1024.jpg\" alt=\"Railcoop.\" width=\"640\" height=\"853\" class=\"size-large wp-image-473\" srcset=\"https:\/\/www.pierre-le-cycliste.fr\/wp-content\/uploads\/2024\/02\/IMG_3589-768x1024.jpg 768w, https:\/\/www.pierre-le-cycliste.fr\/wp-content\/uploads\/2024\/02\/IMG_3589-225x300.jpg 225w, https:\/\/www.pierre-le-cycliste.fr\/wp-content\/uploads\/2024\/02\/IMG_3589-1152x1536.jpg 1152w, https:\/\/www.pierre-le-cycliste.fr\/wp-content\/uploads\/2024\/02\/IMG_3589.jpg 1200w\" sizes=\"auto, (max-width: 640px) 100vw, 640px\" \/><p id=\"caption-attachment-473\" class=\"wp-caption-text\">Le chef de gare et le directeur g\u00e9n\u00e9ral de Railcoop<\/p><\/div>\n<div id=\"attachment_457\" style=\"width: 650px\" class=\"wp-caption alignnone\"><img loading=\"lazy\" decoding=\"async\" aria-describedby=\"caption-attachment-457\" src=\"https:\/\/www.pierre-le-cycliste.fr\/wp-content\/uploads\/2024\/02\/20240218_122157.resized-1024x768.jpg\" alt=\"\" width=\"640\" height=\"480\" class=\"size-large wp-image-457\" srcset=\"https:\/\/www.pierre-le-cycliste.fr\/wp-content\/uploads\/2024\/02\/20240218_122157.resized-1024x768.jpg 1024w, https:\/\/www.pierre-le-cycliste.fr\/wp-content\/uploads\/2024\/02\/20240218_122157.resized-300x225.jpg 300w, https:\/\/www.pierre-le-cycliste.fr\/wp-content\/uploads\/2024\/02\/20240218_122157.resized-768x576.jpg 768w, https:\/\/www.pierre-le-cycliste.fr\/wp-content\/uploads\/2024\/02\/20240218_122157.resized-1536x1152.jpg 1536w, https:\/\/www.pierre-le-cycliste.fr\/wp-content\/uploads\/2024\/02\/20240218_122157.resized-2048x1536.jpg 2048w\" sizes=\"auto, (max-width: 640px) 100vw, 640px\" \/><p id=\"caption-attachment-457\" class=\"wp-caption-text\">La gare de Cr\u00e9on.<\/p><\/div>\n<div id=\"attachment_458\" style=\"width: 650px\" class=\"wp-caption alignnone\"><img loading=\"lazy\" decoding=\"async\" aria-describedby=\"caption-attachment-458\" src=\"https:\/\/www.pierre-le-cycliste.fr\/wp-content\/uploads\/2024\/02\/20240218_122429.resized-768x1024.jpg\" alt=\"\" width=\"640\" height=\"853\" class=\"size-large wp-image-458\" srcset=\"https:\/\/www.pierre-le-cycliste.fr\/wp-content\/uploads\/2024\/02\/20240218_122429.resized-768x1024.jpg 768w, https:\/\/www.pierre-le-cycliste.fr\/wp-content\/uploads\/2024\/02\/20240218_122429.resized-225x300.jpg 225w, https:\/\/www.pierre-le-cycliste.fr\/wp-content\/uploads\/2024\/02\/20240218_122429.resized-1152x1536.jpg 1152w, https:\/\/www.pierre-le-cycliste.fr\/wp-content\/uploads\/2024\/02\/20240218_122429.resized-1536x2048.jpg 1536w, https:\/\/www.pierre-le-cycliste.fr\/wp-content\/uploads\/2024\/02\/20240218_122429.resized-rotated.jpg 1734w\" sizes=\"auto, (max-width: 640px) 100vw, 640px\" \/><p id=\"caption-attachment-458\" class=\"wp-caption-text\">Sculpture \u00e0 la gare de Cr\u00e9on.<\/p><\/div>\n<div id=\"attachment_456\" style=\"width: 650px\" class=\"wp-caption alignnone\"><img loading=\"lazy\" decoding=\"async\" aria-describedby=\"caption-attachment-456\" src=\"https:\/\/www.pierre-le-cycliste.fr\/wp-content\/uploads\/2024\/02\/20240218_122114.resized-1024x768.jpg\" alt=\"\" width=\"640\" height=\"480\" class=\"size-large wp-image-456\" srcset=\"https:\/\/www.pierre-le-cycliste.fr\/wp-content\/uploads\/2024\/02\/20240218_122114.resized-1024x768.jpg 1024w, https:\/\/www.pierre-le-cycliste.fr\/wp-content\/uploads\/2024\/02\/20240218_122114.resized-300x225.jpg 300w, https:\/\/www.pierre-le-cycliste.fr\/wp-content\/uploads\/2024\/02\/20240218_122114.resized-768x576.jpg 768w, https:\/\/www.pierre-le-cycliste.fr\/wp-content\/uploads\/2024\/02\/20240218_122114.resized-1536x1152.jpg 1536w, https:\/\/www.pierre-le-cycliste.fr\/wp-content\/uploads\/2024\/02\/20240218_122114.resized-2048x1536.jpg 2048w\" sizes=\"auto, (max-width: 640px) 100vw, 640px\" \/><p id=\"caption-attachment-456\" class=\"wp-caption-text\">Pause en gare de Cr\u00e9on.<\/p><\/div>\n<div id=\"attachment_459\" style=\"width: 650px\" class=\"wp-caption alignnone\"><img loading=\"lazy\" decoding=\"async\" aria-describedby=\"caption-attachment-459\" src=\"https:\/\/www.pierre-le-cycliste.fr\/wp-content\/uploads\/2024\/02\/20240218_132009.resized-1024x768.jpg\" alt=\"\" width=\"640\" height=\"480\" class=\"size-large wp-image-459\" srcset=\"https:\/\/www.pierre-le-cycliste.fr\/wp-content\/uploads\/2024\/02\/20240218_132009.resized-1024x768.jpg 1024w, https:\/\/www.pierre-le-cycliste.fr\/wp-content\/uploads\/2024\/02\/20240218_132009.resized-300x225.jpg 300w, https:\/\/www.pierre-le-cycliste.fr\/wp-content\/uploads\/2024\/02\/20240218_132009.resized-768x576.jpg 768w, https:\/\/www.pierre-le-cycliste.fr\/wp-content\/uploads\/2024\/02\/20240218_132009.resized-1536x1152.jpg 1536w, https:\/\/www.pierre-le-cycliste.fr\/wp-content\/uploads\/2024\/02\/20240218_132009.resized-2048x1536.jpg 2048w\" sizes=\"auto, (max-width: 640px) 100vw, 640px\" \/><p id=\"caption-attachment-459\" class=\"wp-caption-text\">Le Food Truck \u00e0 Cr\u00e9on.<\/p><\/div>\n<div id=\"attachment_461\" style=\"width: 650px\" class=\"wp-caption alignnone\"><img loading=\"lazy\" decoding=\"async\" aria-describedby=\"caption-attachment-461\" src=\"https:\/\/www.pierre-le-cycliste.fr\/wp-content\/uploads\/2024\/02\/20240218_132555.resized-1024x768.jpg\" alt=\"\" width=\"640\" height=\"480\" class=\"size-large wp-image-461\" srcset=\"https:\/\/www.pierre-le-cycliste.fr\/wp-content\/uploads\/2024\/02\/20240218_132555.resized-1024x768.jpg 1024w, https:\/\/www.pierre-le-cycliste.fr\/wp-content\/uploads\/2024\/02\/20240218_132555.resized-300x225.jpg 300w, https:\/\/www.pierre-le-cycliste.fr\/wp-content\/uploads\/2024\/02\/20240218_132555.resized-768x576.jpg 768w, https:\/\/www.pierre-le-cycliste.fr\/wp-content\/uploads\/2024\/02\/20240218_132555.resized-1536x1152.jpg 1536w, https:\/\/www.pierre-le-cycliste.fr\/wp-content\/uploads\/2024\/02\/20240218_132555.resized-2048x1536.jpg 2048w\" sizes=\"auto, (max-width: 640px) 100vw, 640px\" \/><p id=\"caption-attachment-461\" class=\"wp-caption-text\">H\u00f4tel de Ville et \u00e9glise de Cr\u00e9on.<\/p><\/div>\n<div id=\"attachment_462\" style=\"width: 650px\" class=\"wp-caption alignnone\"><img loading=\"lazy\" decoding=\"async\" aria-describedby=\"caption-attachment-462\" src=\"https:\/\/www.pierre-le-cycliste.fr\/wp-content\/uploads\/2024\/02\/20240218_132716.resized-768x1024.jpg\" alt=\"\" width=\"640\" height=\"853\" class=\"size-large wp-image-462\" srcset=\"https:\/\/www.pierre-le-cycliste.fr\/wp-content\/uploads\/2024\/02\/20240218_132716.resized-768x1024.jpg 768w, https:\/\/www.pierre-le-cycliste.fr\/wp-content\/uploads\/2024\/02\/20240218_132716.resized-225x300.jpg 225w, https:\/\/www.pierre-le-cycliste.fr\/wp-content\/uploads\/2024\/02\/20240218_132716.resized-1152x1536.jpg 1152w, https:\/\/www.pierre-le-cycliste.fr\/wp-content\/uploads\/2024\/02\/20240218_132716.resized-1536x2048.jpg 1536w, https:\/\/www.pierre-le-cycliste.fr\/wp-content\/uploads\/2024\/02\/20240218_132716.resized-rotated.jpg 1734w\" sizes=\"auto, (max-width: 640px) 100vw, 640px\" \/><p id=\"caption-attachment-462\" class=\"wp-caption-text\">L&rsquo;\u00e9glise de Cr\u00e9on.<\/p><\/div>\n<div id=\"attachment_465\" style=\"width: 650px\" class=\"wp-caption alignnone\"><img loading=\"lazy\" decoding=\"async\" aria-describedby=\"caption-attachment-465\" src=\"https:\/\/www.pierre-le-cycliste.fr\/wp-content\/uploads\/2024\/02\/20240218_145558.resized-1024x768.jpg\" alt=\"\" width=\"640\" height=\"480\" class=\"size-large wp-image-465\" srcset=\"https:\/\/www.pierre-le-cycliste.fr\/wp-content\/uploads\/2024\/02\/20240218_145558.resized-1024x768.jpg 1024w, https:\/\/www.pierre-le-cycliste.fr\/wp-content\/uploads\/2024\/02\/20240218_145558.resized-300x225.jpg 300w, https:\/\/www.pierre-le-cycliste.fr\/wp-content\/uploads\/2024\/02\/20240218_145558.resized-768x576.jpg 768w, https:\/\/www.pierre-le-cycliste.fr\/wp-content\/uploads\/2024\/02\/20240218_145558.resized-1536x1152.jpg 1536w, https:\/\/www.pierre-le-cycliste.fr\/wp-content\/uploads\/2024\/02\/20240218_145558.resized-2048x1536.jpg 2048w\" sizes=\"auto, (max-width: 640px) 100vw, 640px\" \/><p id=\"caption-attachment-465\" class=\"wp-caption-text\">L&rsquo;\u00e9glise de Baron.<\/p><\/div>\n<div id=\"attachment_466\" style=\"width: 650px\" class=\"wp-caption alignnone\"><img loading=\"lazy\" decoding=\"async\" aria-describedby=\"caption-attachment-466\" src=\"https:\/\/www.pierre-le-cycliste.fr\/wp-content\/uploads\/2024\/02\/20240218_151218.resized-1024x768.jpg\" alt=\"\" width=\"640\" height=\"480\" class=\"size-large wp-image-466\" srcset=\"https:\/\/www.pierre-le-cycliste.fr\/wp-content\/uploads\/2024\/02\/20240218_151218.resized-1024x768.jpg 1024w, https:\/\/www.pierre-le-cycliste.fr\/wp-content\/uploads\/2024\/02\/20240218_151218.resized-300x225.jpg 300w, https:\/\/www.pierre-le-cycliste.fr\/wp-content\/uploads\/2024\/02\/20240218_151218.resized-768x576.jpg 768w, https:\/\/www.pierre-le-cycliste.fr\/wp-content\/uploads\/2024\/02\/20240218_151218.resized-1536x1152.jpg 1536w, https:\/\/www.pierre-le-cycliste.fr\/wp-content\/uploads\/2024\/02\/20240218_151218.resized-2048x1536.jpg 2048w\" sizes=\"auto, (max-width: 640px) 100vw, 640px\" \/><p id=\"caption-attachment-466\" class=\"wp-caption-text\">Le ch\u00e2teau de Crain, nous sommes dans les vignobles du Libournais, un vignoble de Bordeaux.<\/p><\/div>\n<div id=\"attachment_468\" style=\"width: 650px\" class=\"wp-caption alignnone\"><img loading=\"lazy\" decoding=\"async\" aria-describedby=\"caption-attachment-468\" src=\"https:\/\/www.pierre-le-cycliste.fr\/wp-content\/uploads\/2024\/02\/20240218_163909.resized-1024x768.jpg\" alt=\"\" width=\"640\" height=\"480\" class=\"size-large wp-image-468\" srcset=\"https:\/\/www.pierre-le-cycliste.fr\/wp-content\/uploads\/2024\/02\/20240218_163909.resized-1024x768.jpg 1024w, https:\/\/www.pierre-le-cycliste.fr\/wp-content\/uploads\/2024\/02\/20240218_163909.resized-300x225.jpg 300w, https:\/\/www.pierre-le-cycliste.fr\/wp-content\/uploads\/2024\/02\/20240218_163909.resized-768x576.jpg 768w, https:\/\/www.pierre-le-cycliste.fr\/wp-content\/uploads\/2024\/02\/20240218_163909.resized-1536x1152.jpg 1536w, https:\/\/www.pierre-le-cycliste.fr\/wp-content\/uploads\/2024\/02\/20240218_163909.resized-2048x1536.jpg 2048w\" sizes=\"auto, (max-width: 640px) 100vw, 640px\" \/><p id=\"caption-attachment-468\" class=\"wp-caption-text\">L&rsquo;h\u00f4tel de ville de Libourne.<\/p><\/div>\n<div id=\"attachment_469\" style=\"width: 650px\" class=\"wp-caption alignnone\"><img loading=\"lazy\" decoding=\"async\" aria-describedby=\"caption-attachment-469\" src=\"https:\/\/www.pierre-le-cycliste.fr\/wp-content\/uploads\/2024\/02\/20240218_164010.resized-1024x768.jpg\" alt=\"\" width=\"640\" height=\"480\" class=\"size-large wp-image-469\" srcset=\"https:\/\/www.pierre-le-cycliste.fr\/wp-content\/uploads\/2024\/02\/20240218_164010.resized-1024x768.jpg 1024w, https:\/\/www.pierre-le-cycliste.fr\/wp-content\/uploads\/2024\/02\/20240218_164010.resized-300x225.jpg 300w, https:\/\/www.pierre-le-cycliste.fr\/wp-content\/uploads\/2024\/02\/20240218_164010.resized-768x576.jpg 768w, https:\/\/www.pierre-le-cycliste.fr\/wp-content\/uploads\/2024\/02\/20240218_164010.resized-1536x1152.jpg 1536w, https:\/\/www.pierre-le-cycliste.fr\/wp-content\/uploads\/2024\/02\/20240218_164010.resized-2048x1536.jpg 2048w\" sizes=\"auto, (max-width: 640px) 100vw, 640px\" \/><p id=\"caption-attachment-469\" class=\"wp-caption-text\">R\u00e9ception par Madame Heurtebis devant l&rsquo;h\u00f4tel de ville de Libourne.<\/p><\/div>\n","protected":false},"excerpt":{"rendered":"<p>D\u00e9part du train de 60 v\u00e9los de la gare de Bordeaux \u00e0 10h pr\u00e9cises, au coup de sifflet du chef de gare. 20 km de piste cyclable sur l&rsquo;ancienne voie ferr\u00e9e Bordeaux-Cr\u00e9on. Avantage du site propre en pleine nature, inconv\u00e9nient &hellip; <a href=\"https:\/\/www.pierre-le-cycliste.fr\/index.php\/2024\/02\/18\/le-grand-defi-railcoop-jour-1\/\">Continuer la lecture <span class=\"meta-nav\">&rarr;<\/span><\/a><\/p>\n","protected":false},"author":1,"featured_media":0,"comment_status":"open","ping_status":"open","sticky":false,"template":"","format":"standard","meta":{"footnotes":""},"categories":[1],"tags":[],"class_list":["post-452","post","type-post","status-publish","format-standard","hentry","category-non-classe"],"_links":{"self":[{"href":"https:\/\/www.pierre-le-cycliste.fr\/index.php\/wp-json\/wp\/v2\/posts\/452","targetHints":{"allow":["GET"]}}],"collection":[{"href":"https:\/\/www.pierre-le-cycliste.fr\/index.php\/wp-json\/wp\/v2\/posts"}],"about":[{"href":"https:\/\/www.pierre-le-cycliste.fr\/index.php\/wp-json\/wp\/v2\/types\/post"}],"author":[{"embeddable":true,"href":"https:\/\/www.pierre-le-cycliste.fr\/index.php\/wp-json\/wp\/v2\/users\/1"}],"replies":[{"embeddable":true,"href":"https:\/\/www.pierre-le-cycliste.fr\/index.php\/wp-json\/wp\/v2\/comments?post=452"}],"version-history":[{"count":8,"href":"https:\/\/www.pierre-le-cycliste.fr\/index.php\/wp-json\/wp\/v2\/posts\/452\/revisions"}],"predecessor-version":[{"id":485,"href":"https:\/\/www.pierre-le-cycliste.fr\/index.php\/wp-json\/wp\/v2\/posts\/452\/revisions\/485"}],"wp:attachment":[{"href":"https:\/\/www.pierre-le-cycliste.fr\/index.php\/wp-json\/wp\/v2\/media?parent=452"}],"wp:term":[{"taxonomy":"category","embeddable":true,"href":"https:\/\/www.pierre-le-cycliste.fr\/index.php\/wp-json\/wp\/v2\/categories?post=452"},{"taxonomy":"post_tag","embeddable":true,"href":"https:\/\/www.pierre-le-cycliste.fr\/index.php\/wp-json\/wp\/v2\/tags?post=452"}],"curies":[{"name":"wp","href":"https:\/\/api.w.org\/{rel}","templated":true}]}}