{"id":585,"date":"2024-02-23T21:43:38","date_gmt":"2024-02-23T20:43:38","guid":{"rendered":"https:\/\/www.pierre-le-cycliste.fr\/?p=585"},"modified":"2024-02-23T23:07:18","modified_gmt":"2024-02-23T22:07:18","slug":"le-grand-defi-railcoop-jour-6-limoges-marsac-60-km","status":"publish","type":"post","link":"https:\/\/www.pierre-le-cycliste.fr\/index.php\/2024\/02\/23\/le-grand-defi-railcoop-jour-6-limoges-marsac-60-km\/","title":{"rendered":"Le grand d\u00e9fi Railcoop &#8211; jour 6 &#8211; Limoges &#8211; Marsac &#8211; 60 km"},"content":{"rendered":"<p>D\u00e9part \u00e0 9 heures de Limoges.<\/p>\n<p>Temps tr\u00e8s humide toue la journ\u00e9e, des averses, mais rien de tr\u00e8s grave, pas de d\u00e9luge. Temps assez froid, au d\u00e9part 3\u00b0, c&rsquo;est peut-\u00eatre mont\u00e9 \u00e0 6\u00b0, mais ce soir il fait \u00e0 nouveau froid.<\/p>\n<p>Premi\u00e8re arr\u00eat \u00e0 la gare des Bardys o\u00f9 d\u00e9marre un groupe de marcheurs Railcoop, tandis que les cyclistes continuent vers Ambazac par un itin\u00e9raire diff\u00e9rent.<\/p>\n<p>Nous nous retrouvons tous \u00e0 Ambazac<\/p>\n<p>Pause dans le caf\u00e9 d&rsquo;Ambazac qui met \u00e0 notre disposition une salle pour manger nos casse-cro\u00fbtes.<\/p>\n<p>Puis les marcheurs continuent \u00e0 pied et nous continuons \u00e0 v\u00e9lo.<\/p>\n<p>Nous nous retrouvons \u00e0 la gare de La Jonch\u00e8re, terminus des marcheurs.<\/p>\n<p>Nous poursuivons ensuite jusqu&rsquo;\u00e0 Saint Sulpice Lauri\u00e8re qui devait \u00eatre notre \u00e9tape du jour, mais impossible de trouver un h\u00e9bergement.<\/p>\n<p>Petite pause o\u00fb nous enregistrons le chant des partisans de Railcoop, sous la direction de <a href=\"https:\/\/fr.wikipedia.org\/wiki\/Yara_Pilartz\">Yara<\/a>, la star de notre groupe.<\/p>\n<p>Mais l&rsquo;organisation du Grand D\u00e9fi Railcoop, l&rsquo;association des Amis de Railcoop, a tout pr\u00e9vu. Nous sommes accueillis 14 kilom\u00e8tres plus loin \u00e0 Marsac o\u00f9 la mairie met \u00e0 notre disposition sa salle municipale chauff\u00e9e et c&rsquo;est bien agr\u00e9able.<\/p>\n<p>Nous sommes accueillis par la secr\u00e9taire de mairie, bient\u00f4t rejoint par le maire, Monsieur Daniel Dumas qui nous offre l&rsquo;ap\u00e9ritif.<\/p>\n<p>Comme toujours, la Presse, le journal La Montagne aujourd&rsquo;hui, est l\u00e0 pour faire d\u00e9couvrir \u00e0 ses lecteurs la SCOP Railcoop et Notre Grand D\u00e9fi, rejoindre Bordeaux \u00e0 Lyon en pr\u00e9figuration de la r\u00e9ouverture de la ligne Bordeaux-Lyon. On y croit !<\/p>\n<div id=\"attachment_592\" style=\"width: 650px\" class=\"wp-caption alignnone\"><img loading=\"lazy\" decoding=\"async\" aria-describedby=\"caption-attachment-592\" src=\"https:\/\/www.pierre-le-cycliste.fr\/wp-content\/uploads\/2024\/02\/20240223_082719.resized-1024x768.jpg\" alt=\"\" width=\"640\" height=\"480\" class=\"size-large wp-image-592\" srcset=\"https:\/\/www.pierre-le-cycliste.fr\/wp-content\/uploads\/2024\/02\/20240223_082719.resized-1024x768.jpg 1024w, https:\/\/www.pierre-le-cycliste.fr\/wp-content\/uploads\/2024\/02\/20240223_082719.resized-300x225.jpg 300w, https:\/\/www.pierre-le-cycliste.fr\/wp-content\/uploads\/2024\/02\/20240223_082719.resized-768x576.jpg 768w, https:\/\/www.pierre-le-cycliste.fr\/wp-content\/uploads\/2024\/02\/20240223_082719.resized.jpg 1280w\" sizes=\"auto, (max-width: 640px) 100vw, 640px\" \/><p id=\"caption-attachment-592\" class=\"wp-caption-text\">En arrivant en gare de Limoges, point de d\u00e9part du jour.<\/p><\/div>\n<div id=\"attachment_602\" style=\"width: 778px\" class=\"wp-caption alignnone\"><img loading=\"lazy\" decoding=\"async\" aria-describedby=\"caption-attachment-602\" src=\"https:\/\/www.pierre-le-cycliste.fr\/wp-content\/uploads\/2024\/02\/image5.jpeg\" alt=\"\" width=\"768\" height=\"576\" class=\"size-full wp-image-602\" srcset=\"https:\/\/www.pierre-le-cycliste.fr\/wp-content\/uploads\/2024\/02\/image5.jpeg 768w, https:\/\/www.pierre-le-cycliste.fr\/wp-content\/uploads\/2024\/02\/image5-300x225.jpeg 300w\" sizes=\"auto, (max-width: 768px) 100vw, 768px\" \/><p id=\"caption-attachment-602\" class=\"wp-caption-text\">En gare de Limoges au d\u00e9part ce matin.<\/p><\/div>\n<div id=\"attachment_590\" style=\"width: 650px\" class=\"wp-caption alignnone\"><img loading=\"lazy\" decoding=\"async\" aria-describedby=\"caption-attachment-590\" src=\"https:\/\/www.pierre-le-cycliste.fr\/wp-content\/uploads\/2024\/02\/IMG_3831-1024x768.jpg\" alt=\"\" width=\"640\" height=\"480\" class=\"size-large wp-image-590\" srcset=\"https:\/\/www.pierre-le-cycliste.fr\/wp-content\/uploads\/2024\/02\/IMG_3831-1024x768.jpg 1024w, https:\/\/www.pierre-le-cycliste.fr\/wp-content\/uploads\/2024\/02\/IMG_3831-300x225.jpg 300w, https:\/\/www.pierre-le-cycliste.fr\/wp-content\/uploads\/2024\/02\/IMG_3831-768x576.jpg 768w, https:\/\/www.pierre-le-cycliste.fr\/wp-content\/uploads\/2024\/02\/IMG_3831-1536x1152.jpg 1536w, https:\/\/www.pierre-le-cycliste.fr\/wp-content\/uploads\/2024\/02\/IMG_3831.jpg 1600w\" sizes=\"auto, (max-width: 640px) 100vw, 640px\" \/><p id=\"caption-attachment-590\" class=\"wp-caption-text\">En quittant Limoges.<\/p><\/div>\n<div id=\"attachment_589\" style=\"width: 650px\" class=\"wp-caption alignnone\"><img loading=\"lazy\" decoding=\"async\" aria-describedby=\"caption-attachment-589\" src=\"https:\/\/www.pierre-le-cycliste.fr\/wp-content\/uploads\/2024\/02\/IMG_3825-1024x768.jpg\" alt=\"\" width=\"640\" height=\"480\" class=\"size-large wp-image-589\" srcset=\"https:\/\/www.pierre-le-cycliste.fr\/wp-content\/uploads\/2024\/02\/IMG_3825-1024x768.jpg 1024w, https:\/\/www.pierre-le-cycliste.fr\/wp-content\/uploads\/2024\/02\/IMG_3825-300x225.jpg 300w, https:\/\/www.pierre-le-cycliste.fr\/wp-content\/uploads\/2024\/02\/IMG_3825-768x576.jpg 768w, https:\/\/www.pierre-le-cycliste.fr\/wp-content\/uploads\/2024\/02\/IMG_3825-1536x1152.jpg 1536w, https:\/\/www.pierre-le-cycliste.fr\/wp-content\/uploads\/2024\/02\/IMG_3825.jpg 1600w\" sizes=\"auto, (max-width: 640px) 100vw, 640px\" \/><p id=\"caption-attachment-589\" class=\"wp-caption-text\">Sur la route.<\/p><\/div>\n<div id=\"attachment_603\" style=\"width: 778px\" class=\"wp-caption alignnone\"><img loading=\"lazy\" decoding=\"async\" aria-describedby=\"caption-attachment-603\" src=\"https:\/\/www.pierre-le-cycliste.fr\/wp-content\/uploads\/2024\/02\/image4.jpeg\" alt=\"\" width=\"768\" height=\"576\" class=\"size-full wp-image-603\" srcset=\"https:\/\/www.pierre-le-cycliste.fr\/wp-content\/uploads\/2024\/02\/image4.jpeg 768w, https:\/\/www.pierre-le-cycliste.fr\/wp-content\/uploads\/2024\/02\/image4-300x225.jpeg 300w\" sizes=\"auto, (max-width: 768px) 100vw, 768px\" \/><p id=\"caption-attachment-603\" class=\"wp-caption-text\">En gare d&rsquo;Ambazac.<\/p><\/div>\n<div id=\"attachment_588\" style=\"width: 650px\" class=\"wp-caption alignnone\"><img loading=\"lazy\" decoding=\"async\" aria-describedby=\"caption-attachment-588\" src=\"https:\/\/www.pierre-le-cycliste.fr\/wp-content\/uploads\/2024\/02\/image2-1-1024x768.jpeg\" alt=\"\" width=\"640\" height=\"480\" class=\"size-large wp-image-588\" srcset=\"https:\/\/www.pierre-le-cycliste.fr\/wp-content\/uploads\/2024\/02\/image2-1-1024x768.jpeg 1024w, https:\/\/www.pierre-le-cycliste.fr\/wp-content\/uploads\/2024\/02\/image2-1-300x225.jpeg 300w, https:\/\/www.pierre-le-cycliste.fr\/wp-content\/uploads\/2024\/02\/image2-1-768x576.jpeg 768w, https:\/\/www.pierre-le-cycliste.fr\/wp-content\/uploads\/2024\/02\/image2-1-1536x1152.jpeg 1536w, https:\/\/www.pierre-le-cycliste.fr\/wp-content\/uploads\/2024\/02\/image2-1.jpeg 1600w\" sizes=\"auto, (max-width: 640px) 100vw, 640px\" \/><p id=\"caption-attachment-588\" class=\"wp-caption-text\">Entre Ambazac et La Jonch\u00e8re.<\/p><\/div>\n<div id=\"attachment_586\" style=\"width: 650px\" class=\"wp-caption alignnone\"><img loading=\"lazy\" decoding=\"async\" aria-describedby=\"caption-attachment-586\" src=\"https:\/\/www.pierre-le-cycliste.fr\/wp-content\/uploads\/2024\/02\/IMG_3816-1024x768.jpg\" alt=\"\" width=\"640\" height=\"480\" class=\"size-large wp-image-586\" srcset=\"https:\/\/www.pierre-le-cycliste.fr\/wp-content\/uploads\/2024\/02\/IMG_3816-1024x768.jpg 1024w, https:\/\/www.pierre-le-cycliste.fr\/wp-content\/uploads\/2024\/02\/IMG_3816-300x225.jpg 300w, https:\/\/www.pierre-le-cycliste.fr\/wp-content\/uploads\/2024\/02\/IMG_3816-768x576.jpg 768w, https:\/\/www.pierre-le-cycliste.fr\/wp-content\/uploads\/2024\/02\/IMG_3816-1536x1152.jpg 1536w, https:\/\/www.pierre-le-cycliste.fr\/wp-content\/uploads\/2024\/02\/IMG_3816.jpg 1600w\" sizes=\"auto, (max-width: 640px) 100vw, 640px\" \/><p id=\"caption-attachment-586\" class=\"wp-caption-text\">En gare de La Jonch\u00e8re, photo sans les marcheurs qui arriveront un peu plus tard.<\/p><\/div>\n<div id=\"attachment_604\" style=\"width: 778px\" class=\"wp-caption alignnone\"><img loading=\"lazy\" decoding=\"async\" aria-describedby=\"caption-attachment-604\" src=\"https:\/\/www.pierre-le-cycliste.fr\/wp-content\/uploads\/2024\/02\/image3.jpeg\" alt=\"\" width=\"768\" height=\"576\" class=\"size-full wp-image-604\" srcset=\"https:\/\/www.pierre-le-cycliste.fr\/wp-content\/uploads\/2024\/02\/image3.jpeg 768w, https:\/\/www.pierre-le-cycliste.fr\/wp-content\/uploads\/2024\/02\/image3-300x225.jpeg 300w\" sizes=\"auto, (max-width: 768px) 100vw, 768px\" \/><p id=\"caption-attachment-604\" class=\"wp-caption-text\">Les marcheurs arriv\u00e9s en gare de la Jonch\u00e8re<\/p><\/div>\n<div id=\"attachment_605\" style=\"width: 778px\" class=\"wp-caption alignnone\"><img loading=\"lazy\" decoding=\"async\" aria-describedby=\"caption-attachment-605\" src=\"https:\/\/www.pierre-le-cycliste.fr\/wp-content\/uploads\/2024\/02\/image20.jpeg\" alt=\"\" width=\"768\" height=\"576\" class=\"size-full wp-image-605\" srcset=\"https:\/\/www.pierre-le-cycliste.fr\/wp-content\/uploads\/2024\/02\/image20.jpeg 768w, https:\/\/www.pierre-le-cycliste.fr\/wp-content\/uploads\/2024\/02\/image20-300x225.jpeg 300w\" sizes=\"auto, (max-width: 768px) 100vw, 768px\" \/><p id=\"caption-attachment-605\" class=\"wp-caption-text\">En gare de Saint Sulpice Lauri\u00e8re.<\/p><\/div>\n<div id=\"attachment_606\" style=\"width: 650px\" class=\"wp-caption alignnone\"><img loading=\"lazy\" decoding=\"async\" aria-describedby=\"caption-attachment-606\" src=\"https:\/\/www.pierre-le-cycliste.fr\/wp-content\/uploads\/2024\/02\/Le-Chant-des-Partisans-de-Railcoop-1024x576.jpg\" alt=\"\" width=\"640\" height=\"360\" class=\"size-large wp-image-606\" srcset=\"https:\/\/www.pierre-le-cycliste.fr\/wp-content\/uploads\/2024\/02\/Le-Chant-des-Partisans-de-Railcoop-1024x576.jpg 1024w, https:\/\/www.pierre-le-cycliste.fr\/wp-content\/uploads\/2024\/02\/Le-Chant-des-Partisans-de-Railcoop-300x169.jpg 300w, https:\/\/www.pierre-le-cycliste.fr\/wp-content\/uploads\/2024\/02\/Le-Chant-des-Partisans-de-Railcoop-768x432.jpg 768w, https:\/\/www.pierre-le-cycliste.fr\/wp-content\/uploads\/2024\/02\/Le-Chant-des-Partisans-de-Railcoop.jpg 1366w\" sizes=\"auto, (max-width: 640px) 100vw, 640px\" \/><p id=\"caption-attachment-606\" class=\"wp-caption-text\"><a href=\"https:\/\/www.pierre-le-cycliste.fr\/index.php\/le-grand-defi-railcoop-le-chant-des-partisans-de-railcoop\/\">Enregistrement du Chant des Partisans de Railcoop<\/a> en gare de Saint Sulpice Lauri\u00e8re.<\/p><\/div>\n","protected":false},"excerpt":{"rendered":"<p>D\u00e9part \u00e0 9 heures de Limoges. Temps tr\u00e8s humide toue la journ\u00e9e, des averses, mais rien de tr\u00e8s grave, pas de d\u00e9luge. Temps assez froid, au d\u00e9part 3\u00b0, c&rsquo;est peut-\u00eatre mont\u00e9 \u00e0 6\u00b0, mais ce soir il fait \u00e0 nouveau &hellip; <a href=\"https:\/\/www.pierre-le-cycliste.fr\/index.php\/2024\/02\/23\/le-grand-defi-railcoop-jour-6-limoges-marsac-60-km\/\">Continuer la lecture <span class=\"meta-nav\">&rarr;<\/span><\/a><\/p>\n","protected":false},"author":1,"featured_media":0,"comment_status":"open","ping_status":"open","sticky":false,"template":"","format":"standard","meta":{"footnotes":""},"categories":[1],"tags":[],"class_list":["post-585","post","type-post","status-publish","format-standard","hentry","category-non-classe"],"_links":{"self":[{"href":"https:\/\/www.pierre-le-cycliste.fr\/index.php\/wp-json\/wp\/v2\/posts\/585","targetHints":{"allow":["GET"]}}],"collection":[{"href":"https:\/\/www.pierre-le-cycliste.fr\/index.php\/wp-json\/wp\/v2\/posts"}],"about":[{"href":"https:\/\/www.pierre-le-cycliste.fr\/index.php\/wp-json\/wp\/v2\/types\/post"}],"author":[{"embeddable":true,"href":"https:\/\/www.pierre-le-cycliste.fr\/index.php\/wp-json\/wp\/v2\/users\/1"}],"replies":[{"embeddable":true,"href":"https:\/\/www.pierre-le-cycliste.fr\/index.php\/wp-json\/wp\/v2\/comments?post=585"}],"version-history":[{"count":6,"href":"https:\/\/www.pierre-le-cycliste.fr\/index.php\/wp-json\/wp\/v2\/posts\/585\/revisions"}],"predecessor-version":[{"id":608,"href":"https:\/\/www.pierre-le-cycliste.fr\/index.php\/wp-json\/wp\/v2\/posts\/585\/revisions\/608"}],"wp:attachment":[{"href":"https:\/\/www.pierre-le-cycliste.fr\/index.php\/wp-json\/wp\/v2\/media?parent=585"}],"wp:term":[{"taxonomy":"category","embeddable":true,"href":"https:\/\/www.pierre-le-cycliste.fr\/index.php\/wp-json\/wp\/v2\/categories?post=585"},{"taxonomy":"post_tag","embeddable":true,"href":"https:\/\/www.pierre-le-cycliste.fr\/index.php\/wp-json\/wp\/v2\/tags?post=585"}],"curies":[{"name":"wp","href":"https:\/\/api.w.org\/{rel}","templated":true}]}}