{"id":684,"date":"2024-02-27T08:06:55","date_gmt":"2024-02-27T07:06:55","guid":{"rendered":"https:\/\/www.pierre-le-cycliste.fr\/?p=684"},"modified":"2024-02-27T18:02:03","modified_gmt":"2024-02-27T17:02:03","slug":"le-grand-defi-railcoop-jour-9-gueret-montlucon-84-km","status":"publish","type":"post","link":"https:\/\/www.pierre-le-cycliste.fr\/index.php\/2024\/02\/27\/le-grand-defi-railcoop-jour-9-gueret-montlucon-84-km\/","title":{"rendered":"Le grand d\u00e9fi Railcoop &#8211; jour 9 &#8211; Gueret &#8211;  Montlu\u00e7on &#8211; 84 km"},"content":{"rendered":"<p>Longue \u00e9tape aujourd&rsquo;hui, 73 kilom\u00e8tres de v\u00e9lo et fin par une marche de 11 kilom\u00e8tres.<\/p>\n<div id=\"attachment_685\" style=\"width: 778px\" class=\"wp-caption alignnone\"><img loading=\"lazy\" decoding=\"async\" aria-describedby=\"caption-attachment-685\" class=\"size-full wp-image-685\" src=\"https:\/\/www.pierre-le-cycliste.fr\/wp-content\/uploads\/2024\/02\/image-6.jpeg\" alt=\"\" width=\"768\" height=\"576\" srcset=\"https:\/\/www.pierre-le-cycliste.fr\/wp-content\/uploads\/2024\/02\/image-6.jpeg 768w, https:\/\/www.pierre-le-cycliste.fr\/wp-content\/uploads\/2024\/02\/image-6-300x225.jpeg 300w\" sizes=\"auto, (max-width: 768px) 100vw, 768px\" \/><p id=\"caption-attachment-685\" class=\"wp-caption-text\">Au d\u00e9part de Gu\u00e9ret ce matin.<\/p><\/div>\n<div id=\"attachment_699\" style=\"width: 650px\" class=\"wp-caption alignnone\"><img loading=\"lazy\" decoding=\"async\" aria-describedby=\"caption-attachment-699\" src=\"https:\/\/www.pierre-le-cycliste.fr\/wp-content\/uploads\/2024\/02\/428709274_1539493840164374_1458199005385529980_n-1024x768.jpg\" alt=\"\" width=\"640\" height=\"480\" class=\"size-large wp-image-699\" srcset=\"https:\/\/www.pierre-le-cycliste.fr\/wp-content\/uploads\/2024\/02\/428709274_1539493840164374_1458199005385529980_n-1024x768.jpg 1024w, https:\/\/www.pierre-le-cycliste.fr\/wp-content\/uploads\/2024\/02\/428709274_1539493840164374_1458199005385529980_n-300x225.jpg 300w, https:\/\/www.pierre-le-cycliste.fr\/wp-content\/uploads\/2024\/02\/428709274_1539493840164374_1458199005385529980_n-768x576.jpg 768w, https:\/\/www.pierre-le-cycliste.fr\/wp-content\/uploads\/2024\/02\/428709274_1539493840164374_1458199005385529980_n-1536x1152.jpg 1536w, https:\/\/www.pierre-le-cycliste.fr\/wp-content\/uploads\/2024\/02\/428709274_1539493840164374_1458199005385529980_n.jpg 2048w\" sizes=\"auto, (max-width: 640px) 100vw, 640px\" \/><p id=\"caption-attachment-699\" class=\"wp-caption-text\">Sur la route &#8230;<\/p><\/div>\n<div id=\"attachment_702\" style=\"width: 650px\" class=\"wp-caption alignnone\"><img loading=\"lazy\" decoding=\"async\" aria-describedby=\"caption-attachment-702\" src=\"https:\/\/www.pierre-le-cycliste.fr\/wp-content\/uploads\/2024\/02\/429977785_1539493783497713_6232469665166993190_n-1024x768.jpg\" alt=\"\" width=\"640\" height=\"480\" class=\"size-large wp-image-702\" srcset=\"https:\/\/www.pierre-le-cycliste.fr\/wp-content\/uploads\/2024\/02\/429977785_1539493783497713_6232469665166993190_n-1024x768.jpg 1024w, https:\/\/www.pierre-le-cycliste.fr\/wp-content\/uploads\/2024\/02\/429977785_1539493783497713_6232469665166993190_n-300x225.jpg 300w, https:\/\/www.pierre-le-cycliste.fr\/wp-content\/uploads\/2024\/02\/429977785_1539493783497713_6232469665166993190_n-768x576.jpg 768w, https:\/\/www.pierre-le-cycliste.fr\/wp-content\/uploads\/2024\/02\/429977785_1539493783497713_6232469665166993190_n-1536x1152.jpg 1536w, https:\/\/www.pierre-le-cycliste.fr\/wp-content\/uploads\/2024\/02\/429977785_1539493783497713_6232469665166993190_n.jpg 2048w\" sizes=\"auto, (max-width: 640px) 100vw, 640px\" \/><p id=\"caption-attachment-702\" class=\"wp-caption-text\">En approchant du viaduc de Busseau sur Creuse.<\/p><\/div>\n<div id=\"attachment_704\" style=\"width: 650px\" class=\"wp-caption alignnone\"><img loading=\"lazy\" decoding=\"async\" aria-describedby=\"caption-attachment-704\" src=\"https:\/\/www.pierre-le-cycliste.fr\/wp-content\/uploads\/2024\/02\/430063387_1539494010164357_17608025249937440_n-1024x768.jpg\" alt=\"\" width=\"640\" height=\"480\" class=\"size-large wp-image-704\" srcset=\"https:\/\/www.pierre-le-cycliste.fr\/wp-content\/uploads\/2024\/02\/430063387_1539494010164357_17608025249937440_n-1024x768.jpg 1024w, https:\/\/www.pierre-le-cycliste.fr\/wp-content\/uploads\/2024\/02\/430063387_1539494010164357_17608025249937440_n-300x225.jpg 300w, https:\/\/www.pierre-le-cycliste.fr\/wp-content\/uploads\/2024\/02\/430063387_1539494010164357_17608025249937440_n-768x576.jpg 768w, https:\/\/www.pierre-le-cycliste.fr\/wp-content\/uploads\/2024\/02\/430063387_1539494010164357_17608025249937440_n-1536x1152.jpg 1536w, https:\/\/www.pierre-le-cycliste.fr\/wp-content\/uploads\/2024\/02\/430063387_1539494010164357_17608025249937440_n.jpg 2048w\" sizes=\"auto, (max-width: 640px) 100vw, 640px\" \/><p id=\"caption-attachment-704\" class=\"wp-caption-text\">Sur la route du c\u00f4t\u00e9 de Pionnat en approchant de Busseau sur Creuse.<\/p><\/div>\n<div id=\"attachment_703\" style=\"width: 650px\" class=\"wp-caption alignnone\"><img loading=\"lazy\" decoding=\"async\" aria-describedby=\"caption-attachment-703\" src=\"https:\/\/www.pierre-le-cycliste.fr\/wp-content\/uploads\/2024\/02\/429981642_1539493810164377_3336729414594102552_n-1024x768.jpg\" alt=\"\" width=\"640\" height=\"480\" class=\"size-large wp-image-703\" srcset=\"https:\/\/www.pierre-le-cycliste.fr\/wp-content\/uploads\/2024\/02\/429981642_1539493810164377_3336729414594102552_n-1024x768.jpg 1024w, https:\/\/www.pierre-le-cycliste.fr\/wp-content\/uploads\/2024\/02\/429981642_1539493810164377_3336729414594102552_n-300x225.jpg 300w, https:\/\/www.pierre-le-cycliste.fr\/wp-content\/uploads\/2024\/02\/429981642_1539493810164377_3336729414594102552_n-768x576.jpg 768w, https:\/\/www.pierre-le-cycliste.fr\/wp-content\/uploads\/2024\/02\/429981642_1539493810164377_3336729414594102552_n-1536x1152.jpg 1536w, https:\/\/www.pierre-le-cycliste.fr\/wp-content\/uploads\/2024\/02\/429981642_1539493810164377_3336729414594102552_n.jpg 2048w\" sizes=\"auto, (max-width: 640px) 100vw, 640px\" \/><p id=\"caption-attachment-703\" class=\"wp-caption-text\">Sur la route &#8230;<\/p><\/div>\n<div id=\"attachment_701\" style=\"width: 650px\" class=\"wp-caption alignnone\"><img loading=\"lazy\" decoding=\"async\" aria-describedby=\"caption-attachment-701\" src=\"https:\/\/www.pierre-le-cycliste.fr\/wp-content\/uploads\/2024\/02\/428711951_1539493713497720_1041946200624872040_n-1024x768.jpg\" alt=\"\" width=\"640\" height=\"480\" class=\"size-large wp-image-701\" srcset=\"https:\/\/www.pierre-le-cycliste.fr\/wp-content\/uploads\/2024\/02\/428711951_1539493713497720_1041946200624872040_n-1024x768.jpg 1024w, https:\/\/www.pierre-le-cycliste.fr\/wp-content\/uploads\/2024\/02\/428711951_1539493713497720_1041946200624872040_n-300x225.jpg 300w, https:\/\/www.pierre-le-cycliste.fr\/wp-content\/uploads\/2024\/02\/428711951_1539493713497720_1041946200624872040_n-768x576.jpg 768w, https:\/\/www.pierre-le-cycliste.fr\/wp-content\/uploads\/2024\/02\/428711951_1539493713497720_1041946200624872040_n-1536x1152.jpg 1536w, https:\/\/www.pierre-le-cycliste.fr\/wp-content\/uploads\/2024\/02\/428711951_1539493713497720_1041946200624872040_n.jpg 2048w\" sizes=\"auto, (max-width: 640px) 100vw, 640px\" \/><p id=\"caption-attachment-701\" class=\"wp-caption-text\">Sur la route du c\u00f4t\u00e9 de Pionnat en approchant de Busseau sur Creuse.<\/p><\/div>\n<div id=\"attachment_686\" style=\"width: 778px\" class=\"wp-caption alignnone\"><img loading=\"lazy\" decoding=\"async\" aria-describedby=\"caption-attachment-686\" src=\"https:\/\/www.pierre-le-cycliste.fr\/wp-content\/uploads\/2024\/02\/image2-2.jpeg\" alt=\"\" width=\"768\" height=\"576\" class=\"size-full wp-image-686\" srcset=\"https:\/\/www.pierre-le-cycliste.fr\/wp-content\/uploads\/2024\/02\/image2-2.jpeg 768w, https:\/\/www.pierre-le-cycliste.fr\/wp-content\/uploads\/2024\/02\/image2-2-300x225.jpeg 300w\" sizes=\"auto, (max-width: 768px) 100vw, 768px\" \/><p id=\"caption-attachment-686\" class=\"wp-caption-text\">Le viaduc Eiffel de Busseau sur Creuse.<\/p><\/div>\n<div id=\"attachment_691\" style=\"width: 650px\" class=\"wp-caption alignnone\"><img loading=\"lazy\" decoding=\"async\" aria-describedby=\"caption-attachment-691\" src=\"https:\/\/www.pierre-le-cycliste.fr\/wp-content\/uploads\/2024\/02\/IMG_3981-1024x768.jpg\" alt=\"\" width=\"640\" height=\"480\" class=\"size-large wp-image-691\" srcset=\"https:\/\/www.pierre-le-cycliste.fr\/wp-content\/uploads\/2024\/02\/IMG_3981-1024x768.jpg 1024w, https:\/\/www.pierre-le-cycliste.fr\/wp-content\/uploads\/2024\/02\/IMG_3981-300x225.jpg 300w, https:\/\/www.pierre-le-cycliste.fr\/wp-content\/uploads\/2024\/02\/IMG_3981-768x576.jpg 768w, https:\/\/www.pierre-le-cycliste.fr\/wp-content\/uploads\/2024\/02\/IMG_3981-1536x1152.jpg 1536w, https:\/\/www.pierre-le-cycliste.fr\/wp-content\/uploads\/2024\/02\/IMG_3981.jpg 1600w\" sizes=\"auto, (max-width: 640px) 100vw, 640px\" \/><p id=\"caption-attachment-691\" class=\"wp-caption-text\">Le viaduc Eiffel de Busseau sur Creuse.<\/p><\/div>\n<div id=\"attachment_690\" style=\"width: 650px\" class=\"wp-caption alignnone\"><img loading=\"lazy\" decoding=\"async\" aria-describedby=\"caption-attachment-690\" class=\"size-large wp-image-690\" src=\"https:\/\/www.pierre-le-cycliste.fr\/wp-content\/uploads\/2024\/02\/IMG_3979-768x1024.jpg\" alt=\"\" width=\"640\" height=\"853\" srcset=\"https:\/\/www.pierre-le-cycliste.fr\/wp-content\/uploads\/2024\/02\/IMG_3979-768x1024.jpg 768w, https:\/\/www.pierre-le-cycliste.fr\/wp-content\/uploads\/2024\/02\/IMG_3979-225x300.jpg 225w, https:\/\/www.pierre-le-cycliste.fr\/wp-content\/uploads\/2024\/02\/IMG_3979-1152x1536.jpg 1152w, https:\/\/www.pierre-le-cycliste.fr\/wp-content\/uploads\/2024\/02\/IMG_3979.jpg 1200w\" sizes=\"auto, (max-width: 640px) 100vw, 640px\" \/><p id=\"caption-attachment-690\" class=\"wp-caption-text\">Le viaduc Eiffel de Busseau sur Creuse.<\/p><\/div>\n<div id=\"attachment_689\" style=\"width: 650px\" class=\"wp-caption alignnone\"><img loading=\"lazy\" decoding=\"async\" aria-describedby=\"caption-attachment-689\" class=\"size-large wp-image-689\" src=\"https:\/\/www.pierre-le-cycliste.fr\/wp-content\/uploads\/2024\/02\/IMG_3974-768x1024.jpg\" alt=\"\" width=\"640\" height=\"853\" srcset=\"https:\/\/www.pierre-le-cycliste.fr\/wp-content\/uploads\/2024\/02\/IMG_3974-768x1024.jpg 768w, https:\/\/www.pierre-le-cycliste.fr\/wp-content\/uploads\/2024\/02\/IMG_3974-225x300.jpg 225w, https:\/\/www.pierre-le-cycliste.fr\/wp-content\/uploads\/2024\/02\/IMG_3974-1152x1536.jpg 1152w, https:\/\/www.pierre-le-cycliste.fr\/wp-content\/uploads\/2024\/02\/IMG_3974.jpg 1200w\" sizes=\"auto, (max-width: 640px) 100vw, 640px\" \/><p id=\"caption-attachment-689\" class=\"wp-caption-text\">Le viaduc Eiffel de Busseau sur Creuse.<\/p><\/div>\n<div id=\"attachment_700\" style=\"width: 650px\" class=\"wp-caption alignnone\"><img loading=\"lazy\" decoding=\"async\" aria-describedby=\"caption-attachment-700\" src=\"https:\/\/www.pierre-le-cycliste.fr\/wp-content\/uploads\/2024\/02\/428709672_1539494043497687_9009248206271061926_n-768x1024.jpg\" alt=\"\" width=\"640\" height=\"853\" class=\"size-large wp-image-700\" srcset=\"https:\/\/www.pierre-le-cycliste.fr\/wp-content\/uploads\/2024\/02\/428709672_1539494043497687_9009248206271061926_n-768x1024.jpg 768w, https:\/\/www.pierre-le-cycliste.fr\/wp-content\/uploads\/2024\/02\/428709672_1539494043497687_9009248206271061926_n-225x300.jpg 225w, https:\/\/www.pierre-le-cycliste.fr\/wp-content\/uploads\/2024\/02\/428709672_1539494043497687_9009248206271061926_n-1152x1536.jpg 1152w, https:\/\/www.pierre-le-cycliste.fr\/wp-content\/uploads\/2024\/02\/428709672_1539494043497687_9009248206271061926_n.jpg 1536w\" sizes=\"auto, (max-width: 640px) 100vw, 640px\" \/><p id=\"caption-attachment-700\" class=\"wp-caption-text\">Sous le viaduc de Busseau sur Creuse.<\/p><\/div>\n<div id=\"attachment_688\" style=\"width: 650px\" class=\"wp-caption alignnone\"><img loading=\"lazy\" decoding=\"async\" aria-describedby=\"caption-attachment-688\" class=\"size-large wp-image-688\" src=\"https:\/\/www.pierre-le-cycliste.fr\/wp-content\/uploads\/2024\/02\/IMG_3977-1024x768.jpg\" alt=\"\" width=\"640\" height=\"480\" srcset=\"https:\/\/www.pierre-le-cycliste.fr\/wp-content\/uploads\/2024\/02\/IMG_3977-1024x768.jpg 1024w, https:\/\/www.pierre-le-cycliste.fr\/wp-content\/uploads\/2024\/02\/IMG_3977-300x225.jpg 300w, https:\/\/www.pierre-le-cycliste.fr\/wp-content\/uploads\/2024\/02\/IMG_3977-768x576.jpg 768w, https:\/\/www.pierre-le-cycliste.fr\/wp-content\/uploads\/2024\/02\/IMG_3977-1536x1152.jpg 1536w, https:\/\/www.pierre-le-cycliste.fr\/wp-content\/uploads\/2024\/02\/IMG_3977.jpg 1600w\" sizes=\"auto, (max-width: 640px) 100vw, 640px\" \/><p id=\"caption-attachment-688\" class=\"wp-caption-text\">Entr\u00e9e dans Busseau sur Creuse.<\/p><\/div>\n<div id=\"attachment_687\" style=\"width: 650px\" class=\"wp-caption alignnone\"><img loading=\"lazy\" decoding=\"async\" aria-describedby=\"caption-attachment-687\" class=\"size-large wp-image-687\" src=\"https:\/\/www.pierre-le-cycliste.fr\/wp-content\/uploads\/2024\/02\/IMG_3983-1024x768.jpg\" alt=\"\" width=\"640\" height=\"480\" srcset=\"https:\/\/www.pierre-le-cycliste.fr\/wp-content\/uploads\/2024\/02\/IMG_3983-1024x768.jpg 1024w, https:\/\/www.pierre-le-cycliste.fr\/wp-content\/uploads\/2024\/02\/IMG_3983-300x225.jpg 300w, https:\/\/www.pierre-le-cycliste.fr\/wp-content\/uploads\/2024\/02\/IMG_3983-768x576.jpg 768w, https:\/\/www.pierre-le-cycliste.fr\/wp-content\/uploads\/2024\/02\/IMG_3983-1536x1152.jpg 1536w, https:\/\/www.pierre-le-cycliste.fr\/wp-content\/uploads\/2024\/02\/IMG_3983.jpg 1600w\" sizes=\"auto, (max-width: 640px) 100vw, 640px\" \/><p id=\"caption-attachment-687\" class=\"wp-caption-text\">En gare de Busseau sur Creuse, Louis quitte l&rsquo;aventure, comme Pierre, il a d&rsquo;autres projets pour la semaine.<\/p><\/div>\n<div id=\"attachment_706\" style=\"width: 650px\" class=\"wp-caption alignnone\"><img loading=\"lazy\" decoding=\"async\" aria-describedby=\"caption-attachment-706\" src=\"https:\/\/www.pierre-le-cycliste.fr\/wp-content\/uploads\/2024\/02\/IMG_3985-768x1024.jpg\" alt=\"\" width=\"640\" height=\"853\" class=\"size-large wp-image-706\" srcset=\"https:\/\/www.pierre-le-cycliste.fr\/wp-content\/uploads\/2024\/02\/IMG_3985-768x1024.jpg 768w, https:\/\/www.pierre-le-cycliste.fr\/wp-content\/uploads\/2024\/02\/IMG_3985-225x300.jpg 225w, https:\/\/www.pierre-le-cycliste.fr\/wp-content\/uploads\/2024\/02\/IMG_3985-1152x1536.jpg 1152w, https:\/\/www.pierre-le-cycliste.fr\/wp-content\/uploads\/2024\/02\/IMG_3985.jpg 1200w\" sizes=\"auto, (max-width: 640px) 100vw, 640px\" \/><p id=\"caption-attachment-706\" class=\"wp-caption-text\">Vers Bordeaux !<\/p><\/div>\n<div id=\"attachment_707\" style=\"width: 650px\" class=\"wp-caption alignnone\"><img loading=\"lazy\" decoding=\"async\" aria-describedby=\"caption-attachment-707\" src=\"https:\/\/www.pierre-le-cycliste.fr\/wp-content\/uploads\/2024\/02\/IMG_3986-768x1024.jpg\" alt=\"\" width=\"640\" height=\"853\" class=\"size-large wp-image-707\" srcset=\"https:\/\/www.pierre-le-cycliste.fr\/wp-content\/uploads\/2024\/02\/IMG_3986-768x1024.jpg 768w, https:\/\/www.pierre-le-cycliste.fr\/wp-content\/uploads\/2024\/02\/IMG_3986-225x300.jpg 225w, https:\/\/www.pierre-le-cycliste.fr\/wp-content\/uploads\/2024\/02\/IMG_3986-1152x1536.jpg 1152w, https:\/\/www.pierre-le-cycliste.fr\/wp-content\/uploads\/2024\/02\/IMG_3986.jpg 1200w\" sizes=\"auto, (max-width: 640px) 100vw, 640px\" \/><p id=\"caption-attachment-707\" class=\"wp-caption-text\">Vers Lyon !<\/p><\/div>\n<div id=\"attachment_696\" style=\"width: 650px\" class=\"wp-caption alignnone\"><img loading=\"lazy\" decoding=\"async\" aria-describedby=\"caption-attachment-696\" src=\"https:\/\/www.pierre-le-cycliste.fr\/wp-content\/uploads\/2024\/02\/425027347_122121639404197567_4011360398753093662_n-768x1024.jpg\" alt=\"\" width=\"640\" height=\"853\" class=\"size-large wp-image-696\" srcset=\"https:\/\/www.pierre-le-cycliste.fr\/wp-content\/uploads\/2024\/02\/425027347_122121639404197567_4011360398753093662_n-768x1024.jpg 768w, https:\/\/www.pierre-le-cycliste.fr\/wp-content\/uploads\/2024\/02\/425027347_122121639404197567_4011360398753093662_n-225x300.jpg 225w, https:\/\/www.pierre-le-cycliste.fr\/wp-content\/uploads\/2024\/02\/425027347_122121639404197567_4011360398753093662_n-1152x1536.jpg 1152w, https:\/\/www.pierre-le-cycliste.fr\/wp-content\/uploads\/2024\/02\/425027347_122121639404197567_4011360398753093662_n.jpg 1536w\" sizes=\"auto, (max-width: 640px) 100vw, 640px\" \/><p id=\"caption-attachment-696\" class=\"wp-caption-text\">En gare de Lavaufranche.<\/p><\/div>\n<div id=\"attachment_730\" style=\"width: 778px\" class=\"wp-caption alignnone\"><img loading=\"lazy\" decoding=\"async\" aria-describedby=\"caption-attachment-730\" src=\"https:\/\/www.pierre-le-cycliste.fr\/wp-content\/uploads\/2024\/02\/image5-2.jpeg\" alt=\"\" width=\"768\" height=\"576\" class=\"size-full wp-image-730\" srcset=\"https:\/\/www.pierre-le-cycliste.fr\/wp-content\/uploads\/2024\/02\/image5-2.jpeg 768w, https:\/\/www.pierre-le-cycliste.fr\/wp-content\/uploads\/2024\/02\/image5-2-300x225.jpeg 300w\" sizes=\"auto, (max-width: 768px) 100vw, 768px\" \/><p id=\"caption-attachment-730\" class=\"wp-caption-text\">En gare de Lauvaufranche.<br \/><\/p><\/div>\n<div id=\"attachment_697\" style=\"width: 650px\" class=\"wp-caption alignnone\"><img loading=\"lazy\" decoding=\"async\" aria-describedby=\"caption-attachment-697\" src=\"https:\/\/www.pierre-le-cycliste.fr\/wp-content\/uploads\/2024\/02\/425344179_122121639422197567_3484967020933899932_n-1024x768.jpg\" alt=\"\" width=\"640\" height=\"480\" class=\"size-large wp-image-697\" srcset=\"https:\/\/www.pierre-le-cycliste.fr\/wp-content\/uploads\/2024\/02\/425344179_122121639422197567_3484967020933899932_n-1024x768.jpg 1024w, https:\/\/www.pierre-le-cycliste.fr\/wp-content\/uploads\/2024\/02\/425344179_122121639422197567_3484967020933899932_n-300x225.jpg 300w, https:\/\/www.pierre-le-cycliste.fr\/wp-content\/uploads\/2024\/02\/425344179_122121639422197567_3484967020933899932_n-768x576.jpg 768w, https:\/\/www.pierre-le-cycliste.fr\/wp-content\/uploads\/2024\/02\/425344179_122121639422197567_3484967020933899932_n-1536x1152.jpg 1536w, https:\/\/www.pierre-le-cycliste.fr\/wp-content\/uploads\/2024\/02\/425344179_122121639422197567_3484967020933899932_n.jpg 2048w\" sizes=\"auto, (max-width: 640px) 100vw, 640px\" \/><p id=\"caption-attachment-697\" class=\"wp-caption-text\">La pause du midi \u00e0 Lavaufranche.<\/p><\/div>\n<div id=\"attachment_698\" style=\"width: 650px\" class=\"wp-caption alignnone\"><img loading=\"lazy\" decoding=\"async\" aria-describedby=\"caption-attachment-698\" src=\"https:\/\/www.pierre-le-cycliste.fr\/wp-content\/uploads\/2024\/02\/428486805_122121671222197567_2001077669756404078_n-1024x768.jpg\" alt=\"\" width=\"640\" height=\"480\" class=\"size-large wp-image-698\" srcset=\"https:\/\/www.pierre-le-cycliste.fr\/wp-content\/uploads\/2024\/02\/428486805_122121671222197567_2001077669756404078_n-1024x768.jpg 1024w, https:\/\/www.pierre-le-cycliste.fr\/wp-content\/uploads\/2024\/02\/428486805_122121671222197567_2001077669756404078_n-300x225.jpg 300w, https:\/\/www.pierre-le-cycliste.fr\/wp-content\/uploads\/2024\/02\/428486805_122121671222197567_2001077669756404078_n-768x576.jpg 768w, https:\/\/www.pierre-le-cycliste.fr\/wp-content\/uploads\/2024\/02\/428486805_122121671222197567_2001077669756404078_n-1536x1152.jpg 1536w, https:\/\/www.pierre-le-cycliste.fr\/wp-content\/uploads\/2024\/02\/428486805_122121671222197567_2001077669756404078_n.jpg 2048w\" sizes=\"auto, (max-width: 640px) 100vw, 640px\" \/><p id=\"caption-attachment-698\" class=\"wp-caption-text\">En gare d&rsquo;Huriel.<\/p><\/div>\n<div id=\"attachment_728\" style=\"width: 778px\" class=\"wp-caption alignnone\"><img loading=\"lazy\" decoding=\"async\" aria-describedby=\"caption-attachment-728\" src=\"https:\/\/www.pierre-le-cycliste.fr\/wp-content\/uploads\/2024\/02\/image3-2.jpeg\" alt=\"\" width=\"768\" height=\"576\" class=\"size-full wp-image-728\" srcset=\"https:\/\/www.pierre-le-cycliste.fr\/wp-content\/uploads\/2024\/02\/image3-2.jpeg 768w, https:\/\/www.pierre-le-cycliste.fr\/wp-content\/uploads\/2024\/02\/image3-2-300x225.jpeg 300w\" sizes=\"auto, (max-width: 768px) 100vw, 768px\" \/><p id=\"caption-attachment-728\" class=\"wp-caption-text\">En gare d&rsquo;Huriel.<\/p><\/div>\n<div id=\"attachment_729\" style=\"width: 778px\" class=\"wp-caption alignnone\"><img loading=\"lazy\" decoding=\"async\" aria-describedby=\"caption-attachment-729\" src=\"https:\/\/www.pierre-le-cycliste.fr\/wp-content\/uploads\/2024\/02\/image4-2.jpeg\" alt=\"\" width=\"768\" height=\"576\" class=\"size-full wp-image-729\" srcset=\"https:\/\/www.pierre-le-cycliste.fr\/wp-content\/uploads\/2024\/02\/image4-2.jpeg 768w, https:\/\/www.pierre-le-cycliste.fr\/wp-content\/uploads\/2024\/02\/image4-2-300x225.jpeg 300w\" sizes=\"auto, (max-width: 768px) 100vw, 768px\" \/><p id=\"caption-attachment-729\" class=\"wp-caption-text\">En gare d&rsquo;Huriel.<\/p><\/div>\n<div id=\"attachment_727\" style=\"width: 586px\" class=\"wp-caption alignnone\"><img loading=\"lazy\" decoding=\"async\" aria-describedby=\"caption-attachment-727\" src=\"https:\/\/www.pierre-le-cycliste.fr\/wp-content\/uploads\/2024\/02\/image2-4.jpeg\" alt=\"\" width=\"576\" height=\"768\" class=\"size-full wp-image-727\" srcset=\"https:\/\/www.pierre-le-cycliste.fr\/wp-content\/uploads\/2024\/02\/image2-4.jpeg 576w, https:\/\/www.pierre-le-cycliste.fr\/wp-content\/uploads\/2024\/02\/image2-4-225x300.jpeg 225w\" sizes=\"auto, (max-width: 576px) 100vw, 576px\" \/><p id=\"caption-attachment-727\" class=\"wp-caption-text\">En route.<\/p><\/div>\n<div id=\"attachment_726\" style=\"width: 778px\" class=\"wp-caption alignnone\"><img loading=\"lazy\" decoding=\"async\" aria-describedby=\"caption-attachment-726\" src=\"https:\/\/www.pierre-le-cycliste.fr\/wp-content\/uploads\/2024\/02\/image-8.jpeg\" alt=\"\" width=\"768\" height=\"576\" class=\"size-full wp-image-726\" srcset=\"https:\/\/www.pierre-le-cycliste.fr\/wp-content\/uploads\/2024\/02\/image-8.jpeg 768w, https:\/\/www.pierre-le-cycliste.fr\/wp-content\/uploads\/2024\/02\/image-8-300x225.jpeg 300w\" sizes=\"auto, (max-width: 768px) 100vw, 768px\" \/><p id=\"caption-attachment-726\" class=\"wp-caption-text\">En gare de Montlu\u00e7on.<\/p><\/div>\n<div id=\"attachment_709\" style=\"width: 778px\" class=\"wp-caption alignnone\"><img loading=\"lazy\" decoding=\"async\" aria-describedby=\"caption-attachment-709\" src=\"https:\/\/www.pierre-le-cycliste.fr\/wp-content\/uploads\/2024\/02\/image-7.jpeg\" alt=\"\" width=\"768\" height=\"576\" class=\"size-full wp-image-709\" srcset=\"https:\/\/www.pierre-le-cycliste.fr\/wp-content\/uploads\/2024\/02\/image-7.jpeg 768w, https:\/\/www.pierre-le-cycliste.fr\/wp-content\/uploads\/2024\/02\/image-7-300x225.jpeg 300w\" sizes=\"auto, (max-width: 768px) 100vw, 768px\" \/><p id=\"caption-attachment-709\" class=\"wp-caption-text\">La r\u00e9union publique \u00e0 Montlu\u00e7on.<\/p><\/div>\n<div id=\"attachment_710\" style=\"width: 778px\" class=\"wp-caption alignnone\"><img loading=\"lazy\" decoding=\"async\" aria-describedby=\"caption-attachment-710\" src=\"https:\/\/www.pierre-le-cycliste.fr\/wp-content\/uploads\/2024\/02\/image2-3.jpeg\" alt=\"\" width=\"768\" height=\"576\" class=\"size-full wp-image-710\" srcset=\"https:\/\/www.pierre-le-cycliste.fr\/wp-content\/uploads\/2024\/02\/image2-3.jpeg 768w, https:\/\/www.pierre-le-cycliste.fr\/wp-content\/uploads\/2024\/02\/image2-3-300x225.jpeg 300w\" sizes=\"auto, (max-width: 768px) 100vw, 768px\" \/><p id=\"caption-attachment-710\" class=\"wp-caption-text\">La r\u00e9union publique \u00e0 Montlu\u00e7on.<\/p><\/div>\n<p><strong>Les prochains rendez-vous du Grand D\u00e9fi Railcoop<br \/>\n<\/strong><\/p>\n<p><strong>mardi 27 f\u00e9vrier 2024<\/strong><br \/>\nMontlu\u00e7on\u00a0\u00a0\u00a0\u00a0\u00a0\u00a0\u00a0\u00a0\u00a0\u00a0\u00a0\u00a0\u00a0\u00a0\u00a0\u00a0\u00a0\u00a0\u00a0\u00a0\u00a0\u00a0\u00a0\u00a0\u00a0\u00a0\u00a0\u00a0\u00a0\u00a0 8h30\u00a0\u00a0\u00a0\u00a0\u00a0\u00a0 Marche 13 km<br \/>\nCommentry\u00a0\u00a0\u00a0\u00a0\u00a0\u00a0\u00a0\u00a0\u00a0\u00a0\u00a0\u00a0\u00a0\u00a0\u00a0\u00a0\u00a0\u00a0\u00a0\u00a0\u00a0\u00a0\u00a0\u00a0\u00a0\u00a0\u00a0\u00a0 11h30\u00a0\u00a0\u00a0\u00a0 V\u00e9lo 16 km<br \/>\nLapeyrouse\u00a0\u00a0\u00a0\u00a0\u00a0\u00a0\u00a0\u00a0\u00a0\u00a0\u00a0\u00a0\u00a0\u00a0\u00a0\u00a0\u00a0\u00a0\u00a0\u00a0\u00a0\u00a0\u00a0\u00a0\u00a0\u00a0\u00a0\u00a0 14h00\u00a0\u00a0\u00a0\u00a0\u00a0 V\u00e9lo 23 km<br \/>\nBellenave\u00a0\u00a0\u00a0\u00a0\u00a0\u00a0\u00a0\u00a0\u00a0\u00a0\u00a0\u00a0\u00a0\u00a0\u00a0\u00a0\u00a0\u00a0\u00a0\u00a0\u00a0\u00a0\u00a0\u00a0\u00a0\u00a0\u00a0\u00a0\u00a0\u00a0 15h45\u00a0\u00a0\u00a0\u00a0\u00a0 V\u00e9lo 20 km<br \/>\nSaint Bonnet de Rochefort\u00a0\u00a0\u00a0\u00a0 17h30\u00a0\u00a0\u00a0\u00a0\u00a0 V\u00e9lo 10 km<br \/>\nGannat\u00a0\u00a0\u00a0\u00a0\u00a0\u00a0\u00a0\u00a0\u00a0\u00a0\u00a0\u00a0\u00a0\u00a0\u00a0\u00a0\u00a0\u00a0\u00a0\u00a0\u00a0\u00a0\u00a0\u00a0\u00a0\u00a0\u00a0\u00a0\u00a0\u00a0\u00a0\u00a0\u00a0\u00a0 18h<\/p>\n<p><strong>mercredi 28 f\u00e9vrier 2024<\/strong><br \/>\nGannat\u00a0\u00a0\u00a0\u00a0\u00a0\u00a0\u00a0\u00a0\u00a0\u00a0\u00a0\u00a0\u00a0\u00a0\u00a0\u00a0\u00a0\u00a0\u00a0\u00a0\u00a0\u00a0\u00a0\u00a0\u00a0\u00a0\u00a0\u00a0\u00a0\u00a0\u00a0\u00a0 9h30\u00a0\u00a0\u00a0\u00a0\u00a0 V\u00e9lo 11 km<br \/>\nEspinasse Vauzelle\u00a0\u00a0\u00a0\u00a0\u00a0\u00a0\u00a0\u00a0\u00a0\u00a0\u00a0\u00a0\u00a0 11h30\u00a0\u00a0\u00a0\u00a0 V\u00e9lo 6 km<br \/>\nVendat\u00a0\u00a0\u00a0\u00a0\u00a0\u00a0\u00a0\u00a0\u00a0\u00a0\u00a0\u00a0\u00a0\u00a0\u00a0\u00a0\u00a0\u00a0\u00a0\u00a0\u00a0\u00a0\u00a0\u00a0\u00a0\u00a0\u00a0\u00a0\u00a0\u00a0\u00a0 13h30\u00a0\u00a0\u00a0\u00a0 V\u00e9lo 12 km<br \/>\nSaint Germain des Foss\u00e9s \u00a0 16h<\/p>\n<p><strong>jeudi 29 f\u00e9vrier 2024<\/strong><br \/>\nSaint Germain des Foss\u00e9s\u00a0\u00a0\u00a0 8h30\u00a0\u00a0\u00a0 V\u00e9lo 20 km<br \/>\nLa Palisse Saint Prix\u00a0\u00a0\u00a0\u00a0\u00a0\u00a0\u00a0\u00a0\u00a0\u00a0 10h30\u00a0\u00a0 V\u00e9lo 17 km<br \/>\nSaint Martin d&rsquo;Estreaux\u00a0\u00a0\u00a0\u00a0\u00a0 13h\u00a0\u00a0\u00a0\u00a0\u00a0 V\u00e9lo 20 km<br \/>\nRomain La Motte\u00a0\u00a0\u00a0\u00a0\u00a0\u00a0\u00a0\u00a0\u00a0\u00a0\u00a0\u00a0\u00a0\u00a0 15h\u00a0\u00a0\u00a0\u00a0\u00a0 Marche 10 km<br \/>\nRoanne 17h<\/p>\n<p><strong>vendredi 1 mars 2024<\/strong><br \/>\nRoanne\u00a0\u00a0\u00a0\u00a0\u00a0\u00a0\u00a0\u00a0\u00a0\u00a0\u00a0\u00a0\u00a0\u00a0\u00a0\u00a0 8h30\u00a0\u00a0\u00a0\u00a0\u00a0 V\u00e9lo 16 km<br \/>\nRegny\u00a0\u00a0\u00a0\u00a0\u00a0\u00a0\u00a0\u00a0\u00a0\u00a0\u00a0\u00a0\u00a0\u00a0\u00a0\u00a0\u00a0\u00a0 9h45\u00a0\u00a0\u00a0\u00a0\u00a0 V\u00e9lo 13 km<br \/>\nAmplepuis\u00a0\u00a0\u00a0\u00a0\u00a0\u00a0\u00a0\u00a0\u00a0\u00a0\u00a0 10h45\u00a0\u00a0\u00a0 V\u00e9lo 16 km<br \/>\nTarare\u00a0\u00a0\u00a0\u00a0\u00a0\u00a0\u00a0\u00a0\u00a0\u00a0\u00a0\u00a0\u00a0\u00a0\u00a0\u00a0\u00a0 13h\u00a0\u00a0\u00a0\u00a0\u00a0\u00a0\u00a0 V\u00e9lo 20 km<br \/>\nL&rsquo;arbresie\u00a0\u00a0\u00a0\u00a0\u00a0\u00a0\u00a0\u00a0\u00a0\u00a0\u00a0\u00a0 14h45\u00a0\u00a0\u00a0 V\u00e9lo 8 km<br \/>\nLozanne\u00a0\u00a0\u00a0\u00a0\u00a0\u00a0\u00a0\u00a0\u00a0\u00a0\u00a0\u00a0\u00a0\u00a0 15h30\u00a0\u00a0\u00a0 V\u00e9lo 26 km<br \/>\nLyon Part Dieu\u00a0\u00a0\u00a0\u00a0 17h30<\/p>\n<p><strong>samedi 2 mars 2024<\/strong><br \/>\nLyon Part Dieu\u00a0\u00a0\u00a0\u00a0\u00a0\u00a0 10h\u00a0\u00a0\u00a0\u00a0\u00a0\u00a0\u00a0\u00a0\u00a0 Marche\u00a0\u00a0\u00a0 6 km<br \/>\nLyon Perrache\u00a0\u00a0\u00a0\u00a0\u00a0\u00a0\u00a0 11h30<\/p>\n","protected":false},"excerpt":{"rendered":"<p>Longue \u00e9tape aujourd&rsquo;hui, 73 kilom\u00e8tres de v\u00e9lo et fin par une marche de 11 kilom\u00e8tres. Les prochains rendez-vous du Grand D\u00e9fi Railcoop mardi 27 f\u00e9vrier 2024 Montlu\u00e7on\u00a0\u00a0\u00a0\u00a0\u00a0\u00a0\u00a0\u00a0\u00a0\u00a0\u00a0\u00a0\u00a0\u00a0\u00a0\u00a0\u00a0\u00a0\u00a0\u00a0\u00a0\u00a0\u00a0\u00a0\u00a0\u00a0\u00a0\u00a0\u00a0\u00a0 8h30\u00a0\u00a0\u00a0\u00a0\u00a0\u00a0 Marche 13 km Commentry\u00a0\u00a0\u00a0\u00a0\u00a0\u00a0\u00a0\u00a0\u00a0\u00a0\u00a0\u00a0\u00a0\u00a0\u00a0\u00a0\u00a0\u00a0\u00a0\u00a0\u00a0\u00a0\u00a0\u00a0\u00a0\u00a0\u00a0\u00a0 11h30\u00a0\u00a0\u00a0\u00a0 V\u00e9lo 16 km Lapeyrouse\u00a0\u00a0\u00a0\u00a0\u00a0\u00a0\u00a0\u00a0\u00a0\u00a0\u00a0\u00a0\u00a0\u00a0\u00a0\u00a0\u00a0\u00a0\u00a0\u00a0\u00a0\u00a0\u00a0\u00a0\u00a0\u00a0\u00a0\u00a0 14h00\u00a0\u00a0\u00a0\u00a0\u00a0 V\u00e9lo 23 &hellip; <a href=\"https:\/\/www.pierre-le-cycliste.fr\/index.php\/2024\/02\/27\/le-grand-defi-railcoop-jour-9-gueret-montlucon-84-km\/\">Continuer la lecture <span class=\"meta-nav\">&rarr;<\/span><\/a><\/p>\n","protected":false},"author":1,"featured_media":0,"comment_status":"open","ping_status":"open","sticky":false,"template":"","format":"standard","meta":{"footnotes":""},"categories":[1],"tags":[],"class_list":["post-684","post","type-post","status-publish","format-standard","hentry","category-non-classe"],"_links":{"self":[{"href":"https:\/\/www.pierre-le-cycliste.fr\/index.php\/wp-json\/wp\/v2\/posts\/684","targetHints":{"allow":["GET"]}}],"collection":[{"href":"https:\/\/www.pierre-le-cycliste.fr\/index.php\/wp-json\/wp\/v2\/posts"}],"about":[{"href":"https:\/\/www.pierre-le-cycliste.fr\/index.php\/wp-json\/wp\/v2\/types\/post"}],"author":[{"embeddable":true,"href":"https:\/\/www.pierre-le-cycliste.fr\/index.php\/wp-json\/wp\/v2\/users\/1"}],"replies":[{"embeddable":true,"href":"https:\/\/www.pierre-le-cycliste.fr\/index.php\/wp-json\/wp\/v2\/comments?post=684"}],"version-history":[{"count":10,"href":"https:\/\/www.pierre-le-cycliste.fr\/index.php\/wp-json\/wp\/v2\/posts\/684\/revisions"}],"predecessor-version":[{"id":711,"href":"https:\/\/www.pierre-le-cycliste.fr\/index.php\/wp-json\/wp\/v2\/posts\/684\/revisions\/711"}],"wp:attachment":[{"href":"https:\/\/www.pierre-le-cycliste.fr\/index.php\/wp-json\/wp\/v2\/media?parent=684"}],"wp:term":[{"taxonomy":"category","embeddable":true,"href":"https:\/\/www.pierre-le-cycliste.fr\/index.php\/wp-json\/wp\/v2\/categories?post=684"},{"taxonomy":"post_tag","embeddable":true,"href":"https:\/\/www.pierre-le-cycliste.fr\/index.php\/wp-json\/wp\/v2\/tags?post=684"}],"curies":[{"name":"wp","href":"https:\/\/api.w.org\/{rel}","templated":true}]}}