{"id":713,"date":"2024-02-27T17:35:53","date_gmt":"2024-02-27T16:35:53","guid":{"rendered":"https:\/\/www.pierre-le-cycliste.fr\/?p=713"},"modified":"2024-02-27T20:40:24","modified_gmt":"2024-02-27T19:40:24","slug":"le-grand-defi-railcoop-jour-10-montlucon-gannat-70-km","status":"publish","type":"post","link":"https:\/\/www.pierre-le-cycliste.fr\/index.php\/2024\/02\/27\/le-grand-defi-railcoop-jour-10-montlucon-gannat-70-km\/","title":{"rendered":"Le grand d\u00e9fi Railcoop &#8211; jour 10 &#8211;  Montlu\u00e7on &#8211; Gannat &#8211; 70 km"},"content":{"rendered":"<p>\u00c9tape un peu perturb\u00e9e par le brouillard.<\/p>\n<p>L&rsquo;\u00e9tape commence par une marche de 13 kilom\u00e8tres entre Montlu\u00e7on et Commentry. Le duo de marcheurs, Marie-H\u00e8l\u00e8ne, la chauffeure de la voiture-balai et un Suisse qui avait d\u00e9j\u00e0 particip\u00e9 \u00e0 une marche entre Saint Sulpice Lauri\u00e8re et Gu\u00e9ret, ils devancent les cyclistes d&rsquo;un quart d&rsquo;heure.<\/p>\n<p>Les cyclistes roulent ensuite dans le brouillard&#8230;<\/p>\n<p>Il devrait faire meilleur demain.<\/p>\n<div id=\"attachment_719\" style=\"width: 778px\" class=\"wp-caption alignnone\"><img loading=\"lazy\" decoding=\"async\" aria-describedby=\"caption-attachment-719\" src=\"https:\/\/www.pierre-le-cycliste.fr\/wp-content\/uploads\/2024\/02\/image7.jpeg\" alt=\"\" width=\"768\" height=\"576\" class=\"size-full wp-image-719\" srcset=\"https:\/\/www.pierre-le-cycliste.fr\/wp-content\/uploads\/2024\/02\/image7.jpeg 768w, https:\/\/www.pierre-le-cycliste.fr\/wp-content\/uploads\/2024\/02\/image7-300x225.jpeg 300w\" sizes=\"auto, (max-width: 768px) 100vw, 768px\" \/><p id=\"caption-attachment-719\" class=\"wp-caption-text\">Arriv\u00e9e des cyclistes en gare de Commentry.<\/p><\/div>\n<div id=\"attachment_720\" style=\"width: 586px\" class=\"wp-caption alignnone\"><img loading=\"lazy\" decoding=\"async\" aria-describedby=\"caption-attachment-720\" src=\"https:\/\/www.pierre-le-cycliste.fr\/wp-content\/uploads\/2024\/02\/image8.jpeg\" alt=\"\" width=\"576\" height=\"768\" class=\"size-full wp-image-720\" srcset=\"https:\/\/www.pierre-le-cycliste.fr\/wp-content\/uploads\/2024\/02\/image8.jpeg 576w, https:\/\/www.pierre-le-cycliste.fr\/wp-content\/uploads\/2024\/02\/image8-225x300.jpeg 225w\" sizes=\"auto, (max-width: 576px) 100vw, 576px\" \/><p id=\"caption-attachment-720\" class=\"wp-caption-text\">En gare de Commentry. Les marcheurs, un duo franco-suisse, sont arriv\u00e9s un quart d&rsquo;heure avant les cyclistes apr\u00e8s 13 km de marche.<\/p><\/div>\n<div id=\"attachment_718\" style=\"width: 778px\" class=\"wp-caption alignnone\"><img loading=\"lazy\" decoding=\"async\" aria-describedby=\"caption-attachment-718\" src=\"https:\/\/www.pierre-le-cycliste.fr\/wp-content\/uploads\/2024\/02\/image6.jpeg\" alt=\"\" width=\"768\" height=\"576\" class=\"size-full wp-image-718\" srcset=\"https:\/\/www.pierre-le-cycliste.fr\/wp-content\/uploads\/2024\/02\/image6.jpeg 768w, https:\/\/www.pierre-le-cycliste.fr\/wp-content\/uploads\/2024\/02\/image6-300x225.jpeg 300w\" sizes=\"auto, (max-width: 768px) 100vw, 768px\" \/><p id=\"caption-attachment-718\" class=\"wp-caption-text\">No comment !<\/p><\/div>\n<div id=\"attachment_717\" style=\"width: 778px\" class=\"wp-caption alignnone\"><img loading=\"lazy\" decoding=\"async\" aria-describedby=\"caption-attachment-717\" src=\"https:\/\/www.pierre-le-cycliste.fr\/wp-content\/uploads\/2024\/02\/image5-1.jpeg\" alt=\"\" width=\"768\" height=\"576\" class=\"size-full wp-image-717\" srcset=\"https:\/\/www.pierre-le-cycliste.fr\/wp-content\/uploads\/2024\/02\/image5-1.jpeg 768w, https:\/\/www.pierre-le-cycliste.fr\/wp-content\/uploads\/2024\/02\/image5-1-300x225.jpeg 300w\" sizes=\"auto, (max-width: 768px) 100vw, 768px\" \/><p id=\"caption-attachment-717\" class=\"wp-caption-text\">Route dans le brouillard.<\/p><\/div>\n<div id=\"attachment_716\" style=\"width: 586px\" class=\"wp-caption alignnone\"><img loading=\"lazy\" decoding=\"async\" aria-describedby=\"caption-attachment-716\" src=\"https:\/\/www.pierre-le-cycliste.fr\/wp-content\/uploads\/2024\/02\/image4-1-576x1024.jpeg\" alt=\"\" width=\"576\" height=\"1024\" class=\"size-large wp-image-716\" srcset=\"https:\/\/www.pierre-le-cycliste.fr\/wp-content\/uploads\/2024\/02\/image4-1-576x1024.jpeg 576w, https:\/\/www.pierre-le-cycliste.fr\/wp-content\/uploads\/2024\/02\/image4-1-169x300.jpeg 169w, https:\/\/www.pierre-le-cycliste.fr\/wp-content\/uploads\/2024\/02\/image4-1-768x1365.jpeg 768w, https:\/\/www.pierre-le-cycliste.fr\/wp-content\/uploads\/2024\/02\/image4-1-864x1536.jpeg 864w, https:\/\/www.pierre-le-cycliste.fr\/wp-content\/uploads\/2024\/02\/image4-1.jpeg 1152w\" sizes=\"auto, (max-width: 576px) 100vw, 576px\" \/><p id=\"caption-attachment-716\" class=\"wp-caption-text\">Un breton de 75 ans sur un v\u00e9lo Brompton fait un bout de route avec le groupe des cyclistes.<\/p><\/div>\n<div id=\"attachment_715\" style=\"width: 586px\" class=\"wp-caption alignnone\"><img loading=\"lazy\" decoding=\"async\" aria-describedby=\"caption-attachment-715\" src=\"https:\/\/www.pierre-le-cycliste.fr\/wp-content\/uploads\/2024\/02\/image3-1-576x1024.jpeg\" alt=\"\" width=\"576\" height=\"1024\" class=\"size-large wp-image-715\" srcset=\"https:\/\/www.pierre-le-cycliste.fr\/wp-content\/uploads\/2024\/02\/image3-1-576x1024.jpeg 576w, https:\/\/www.pierre-le-cycliste.fr\/wp-content\/uploads\/2024\/02\/image3-1-169x300.jpeg 169w, https:\/\/www.pierre-le-cycliste.fr\/wp-content\/uploads\/2024\/02\/image3-1-768x1365.jpeg 768w, https:\/\/www.pierre-le-cycliste.fr\/wp-content\/uploads\/2024\/02\/image3-1-864x1536.jpeg 864w, https:\/\/www.pierre-le-cycliste.fr\/wp-content\/uploads\/2024\/02\/image3-1.jpeg 1152w\" sizes=\"auto, (max-width: 576px) 100vw, 576px\" \/><p id=\"caption-attachment-715\" class=\"wp-caption-text\">Elisabeth, 70 ans, vient de Brive la Gaillarde. Depuis Bordeaux, elle participe au Grand D\u00e9fi pour faire conna\u00eetre le projet de la future ligne de train Bordeaux Lyon port\u00e9e par la coop\u00e9rative Railcoop. Cette aventure lui pla\u00eet beaucoup gr\u00e2ce \u00e0 son aspect sportif et gr\u00e2ce aux rencontres faites au cours des \u00e9tapes. Et puis militer pour une ligne de train transversale lui para\u00eet indispensable car Briviste depuis 1 an et retournant souvent en Rh\u00f4ne-Alpes. Actuellement le train c&rsquo;est vraiment gal\u00e8re.<\/p><\/div>\n<div id=\"attachment_721\" style=\"width: 586px\" class=\"wp-caption alignnone\"><img loading=\"lazy\" decoding=\"async\" aria-describedby=\"caption-attachment-721\" src=\"https:\/\/www.pierre-le-cycliste.fr\/wp-content\/uploads\/2024\/02\/image9-576x1024.jpeg\" alt=\"\" width=\"576\" height=\"1024\" class=\"size-large wp-image-721\" srcset=\"https:\/\/www.pierre-le-cycliste.fr\/wp-content\/uploads\/2024\/02\/image9-576x1024.jpeg 576w, https:\/\/www.pierre-le-cycliste.fr\/wp-content\/uploads\/2024\/02\/image9-169x300.jpeg 169w, https:\/\/www.pierre-le-cycliste.fr\/wp-content\/uploads\/2024\/02\/image9-768x1365.jpeg 768w, https:\/\/www.pierre-le-cycliste.fr\/wp-content\/uploads\/2024\/02\/image9-864x1536.jpeg 864w, https:\/\/www.pierre-le-cycliste.fr\/wp-content\/uploads\/2024\/02\/image9.jpeg 1152w\" sizes=\"auto, (max-width: 576px) 100vw, 576px\" \/><p id=\"caption-attachment-721\" class=\"wp-caption-text\">Mireille \u00e0 Gartempe samedi apr\u00e8s-midi, peu avant d&rsquo;arriver \u00e0 Gu\u00e9ret. Pourquoi cette photo \u00e0 Gartempe ? Parce que Mireille habite au bord de la rivi\u00e8re Gartempe, qui arrose le village de Gartempe et le village o\u00f9 elle r\u00e9side du c\u00f4t\u00e9 de Poitiers.Elle participe au Grand D\u00e9fi Railcoop car elle est convaincue que plus de lignes de train en France c&rsquo;est absolument n\u00e9cessaire.  Il ne faut pas oublier les communes rurales ni pour la sant\u00e9, l&rsquo;\u00e9ducation et le transport. Elle prends le Ter Poitiers \/ Chatellerault avec son v\u00e9lo au quotidien pour se rendre \u00e0 son travail.  Elle est \u00e9galement adepte de voyages \u00e0 v\u00e9lo depuis 20 ans et utilise le train pour le d\u00e9part et\/ou retour. Bref, la politique d\u00e9raille et elle, elle veut des trains sur les rails.<\/p><\/div>\n<div id=\"attachment_733\" style=\"width: 778px\" class=\"wp-caption alignnone\"><img loading=\"lazy\" decoding=\"async\" aria-describedby=\"caption-attachment-733\" src=\"https:\/\/www.pierre-le-cycliste.fr\/wp-content\/uploads\/2024\/02\/image7-1.jpeg\" alt=\"\" width=\"768\" height=\"576\" class=\"size-full wp-image-733\" srcset=\"https:\/\/www.pierre-le-cycliste.fr\/wp-content\/uploads\/2024\/02\/image7-1.jpeg 768w, https:\/\/www.pierre-le-cycliste.fr\/wp-content\/uploads\/2024\/02\/image7-1-300x225.jpeg 300w\" sizes=\"auto, (max-width: 768px) 100vw, 768px\" \/><p id=\"caption-attachment-733\" class=\"wp-caption-text\">En gare de Gannat.<\/p><\/div>\n<div id=\"attachment_732\" style=\"width: 778px\" class=\"wp-caption alignnone\"><img loading=\"lazy\" decoding=\"async\" aria-describedby=\"caption-attachment-732\" src=\"https:\/\/www.pierre-le-cycliste.fr\/wp-content\/uploads\/2024\/02\/imag8.jpeg\" alt=\"\" width=\"768\" height=\"576\" class=\"size-full wp-image-732\" srcset=\"https:\/\/www.pierre-le-cycliste.fr\/wp-content\/uploads\/2024\/02\/imag8.jpeg 768w, https:\/\/www.pierre-le-cycliste.fr\/wp-content\/uploads\/2024\/02\/imag8-300x225.jpeg 300w\" sizes=\"auto, (max-width: 768px) 100vw, 768px\" \/><p id=\"caption-attachment-732\" class=\"wp-caption-text\">Gannat.<\/p><\/div>\n<div id=\"attachment_737\" style=\"width: 778px\" class=\"wp-caption alignnone\"><img loading=\"lazy\" decoding=\"async\" aria-describedby=\"caption-attachment-737\" src=\"https:\/\/www.pierre-le-cycliste.fr\/wp-content\/uploads\/2024\/02\/image10.jpeg\" alt=\"\" width=\"768\" height=\"576\" class=\"size-full wp-image-737\" srcset=\"https:\/\/www.pierre-le-cycliste.fr\/wp-content\/uploads\/2024\/02\/image10.jpeg 768w, https:\/\/www.pierre-le-cycliste.fr\/wp-content\/uploads\/2024\/02\/image10-300x225.jpeg 300w\" sizes=\"auto, (max-width: 768px) 100vw, 768px\" \/><p id=\"caption-attachment-737\" class=\"wp-caption-text\">R\u00e9union publique \u00e0 Gannat.<\/p><\/div>\n<div id=\"attachment_736\" style=\"width: 778px\" class=\"wp-caption alignnone\"><img loading=\"lazy\" decoding=\"async\" aria-describedby=\"caption-attachment-736\" src=\"https:\/\/www.pierre-le-cycliste.fr\/wp-content\/uploads\/2024\/02\/image9-1.jpeg\" alt=\"\" width=\"768\" height=\"576\" class=\"size-full wp-image-736\" srcset=\"https:\/\/www.pierre-le-cycliste.fr\/wp-content\/uploads\/2024\/02\/image9-1.jpeg 768w, https:\/\/www.pierre-le-cycliste.fr\/wp-content\/uploads\/2024\/02\/image9-1-300x225.jpeg 300w\" sizes=\"auto, (max-width: 768px) 100vw, 768px\" \/><p id=\"caption-attachment-736\" class=\"wp-caption-text\">R\u00e9union publique \u00e0 Gannat.<\/p><\/div>\n<div id=\"attachment_740\" style=\"width: 650px\" class=\"wp-caption alignnone\"><img loading=\"lazy\" decoding=\"async\" aria-describedby=\"caption-attachment-740\" src=\"https:\/\/www.pierre-le-cycliste.fr\/wp-content\/uploads\/2024\/02\/image12-1024x576.jpeg\" alt=\"\" width=\"640\" height=\"360\" class=\"size-large wp-image-740\" srcset=\"https:\/\/www.pierre-le-cycliste.fr\/wp-content\/uploads\/2024\/02\/image12-1024x576.jpeg 1024w, https:\/\/www.pierre-le-cycliste.fr\/wp-content\/uploads\/2024\/02\/image12-300x169.jpeg 300w, https:\/\/www.pierre-le-cycliste.fr\/wp-content\/uploads\/2024\/02\/image12-768x432.jpeg 768w, https:\/\/www.pierre-le-cycliste.fr\/wp-content\/uploads\/2024\/02\/image12-1536x864.jpeg 1536w, https:\/\/www.pierre-le-cycliste.fr\/wp-content\/uploads\/2024\/02\/image12.jpeg 2048w\" sizes=\"auto, (max-width: 640px) 100vw, 640px\" \/><p id=\"caption-attachment-740\" class=\"wp-caption-text\">R\u00e9union publique \u00e0 Gannat.<\/p><\/div>\n<div id=\"attachment_739\" style=\"width: 586px\" class=\"wp-caption alignnone\"><img loading=\"lazy\" decoding=\"async\" aria-describedby=\"caption-attachment-739\" src=\"https:\/\/www.pierre-le-cycliste.fr\/wp-content\/uploads\/2024\/02\/image11-576x1024.jpeg\" alt=\"\" width=\"576\" height=\"1024\" class=\"size-large wp-image-739\" srcset=\"https:\/\/www.pierre-le-cycliste.fr\/wp-content\/uploads\/2024\/02\/image11-576x1024.jpeg 576w, https:\/\/www.pierre-le-cycliste.fr\/wp-content\/uploads\/2024\/02\/image11-169x300.jpeg 169w, https:\/\/www.pierre-le-cycliste.fr\/wp-content\/uploads\/2024\/02\/image11-768x1365.jpeg 768w, https:\/\/www.pierre-le-cycliste.fr\/wp-content\/uploads\/2024\/02\/image11-864x1536.jpeg 864w, https:\/\/www.pierre-le-cycliste.fr\/wp-content\/uploads\/2024\/02\/image11.jpeg 1152w\" sizes=\"auto, (max-width: 576px) 100vw, 576px\" \/><p id=\"caption-attachment-739\" class=\"wp-caption-text\">Le dortoir \u00e0 Gannat.<\/p><\/div>\n<div id=\"attachment_742\" style=\"width: 650px\" class=\"wp-caption alignnone\"><img loading=\"lazy\" decoding=\"async\" aria-describedby=\"caption-attachment-742\" src=\"https:\/\/www.pierre-le-cycliste.fr\/wp-content\/uploads\/2024\/02\/image13-1024x576.jpeg\" alt=\"\" width=\"640\" height=\"360\" class=\"size-large wp-image-742\" srcset=\"https:\/\/www.pierre-le-cycliste.fr\/wp-content\/uploads\/2024\/02\/image13-1024x576.jpeg 1024w, https:\/\/www.pierre-le-cycliste.fr\/wp-content\/uploads\/2024\/02\/image13-300x169.jpeg 300w, https:\/\/www.pierre-le-cycliste.fr\/wp-content\/uploads\/2024\/02\/image13-768x432.jpeg 768w, https:\/\/www.pierre-le-cycliste.fr\/wp-content\/uploads\/2024\/02\/image13-1536x864.jpeg 1536w, https:\/\/www.pierre-le-cycliste.fr\/wp-content\/uploads\/2024\/02\/image13.jpeg 2048w\" sizes=\"auto, (max-width: 640px) 100vw, 640px\" \/><p id=\"caption-attachment-742\" class=\"wp-caption-text\">Apr\u00e8s l&rsquo;effort, le r\u00e9confort au Gaec de la Licorne !<\/p><\/div>\n<p><strong>Les prochains rendez-vous du Grand D\u00e9fi Railcoop<br \/>\n<\/strong><\/p>\n<p><strong>mercredi 28 f\u00e9vrier 2024<\/strong><br \/>\nGannat\u00a0\u00a0\u00a0\u00a0\u00a0\u00a0\u00a0\u00a0\u00a0\u00a0\u00a0\u00a0\u00a0\u00a0\u00a0\u00a0\u00a0\u00a0\u00a0\u00a0\u00a0\u00a0\u00a0\u00a0\u00a0\u00a0\u00a0\u00a0\u00a0\u00a0\u00a0\u00a0 8h30\u00a0\u00a0\u00a0\u00a0\u00a0 Marche 11 km<br \/>\nEspinasse Vauzelle\u00a0\u00a0\u00a0\u00a0\u00a0\u00a0\u00a0\u00a0\u00a0\u00a0\u00a0\u00a0\u00a0 10h30\u00a0\u00a0\u00a0\u00a0 Marche 6 km<br \/>\nVendat\u00a0\u00a0\u00a0\u00a0\u00a0\u00a0\u00a0\u00a0\u00a0\u00a0\u00a0\u00a0\u00a0\u00a0\u00a0\u00a0\u00a0\u00a0\u00a0\u00a0\u00a0\u00a0\u00a0\u00a0\u00a0\u00a0\u00a0\u00a0\u00a0\u00a0\u00a0 13h30\u00a0\u00a0\u00a0\u00a0 Marche 12 km<br \/>\nSaint Germain des Foss\u00e9s \u00a0 16h<br \/>\n<strong>R\u00e9union publique \u00e0 La Navette \u00e0 19h avec la participation de Nicolas Debaisieux, directeur G\u00e9n\u00e9ral de Railcoop.<\/strong><\/p>\n<p><strong>jeudi 29 f\u00e9vrier 2024<\/strong><br \/>\nSaint Germain des Foss\u00e9s\u00a0\u00a0\u00a0 8h30\u00a0\u00a0\u00a0 V\u00e9lo 20 km<br \/>\nLa Palisse Saint Prix\u00a0\u00a0\u00a0\u00a0\u00a0\u00a0\u00a0\u00a0\u00a0\u00a0 10h30\u00a0\u00a0 V\u00e9lo 17 km<br \/>\nSaint Martin d&rsquo;Estreaux\u00a0\u00a0\u00a0\u00a0\u00a0 13h\u00a0\u00a0\u00a0\u00a0\u00a0 V\u00e9lo 20 km<br \/>\nRomain La Motte\u00a0\u00a0\u00a0\u00a0\u00a0\u00a0\u00a0\u00a0\u00a0\u00a0\u00a0\u00a0\u00a0\u00a0 15h\u00a0\u00a0\u00a0\u00a0\u00a0 Marche 10 km<br \/>\nRoanne 17h<\/p>\n<p><strong>vendredi 1 mars 2024<\/strong><br \/>\nRoanne\u00a0\u00a0\u00a0\u00a0\u00a0\u00a0\u00a0\u00a0\u00a0\u00a0\u00a0\u00a0\u00a0\u00a0\u00a0\u00a0 8h00\u00a0\u00a0\u00a0\u00a0\u00a0 V\u00e9lo 16 km<br \/>\nRegny\u00a0\u00a0\u00a0\u00a0\u00a0\u00a0\u00a0\u00a0\u00a0\u00a0\u00a0\u00a0\u00a0\u00a0\u00a0\u00a0\u00a0\u00a0 9h30\u00a0\u00a0\u00a0\u00a0\u00a0 V\u00e9lo 13 km<br \/>\nAmplepuis\u00a0\u00a0\u00a0\u00a0\u00a0\u00a0\u00a0\u00a0\u00a0\u00a0\u00a0 10h30\u00a0\u00a0\u00a0 V\u00e9lo 16 km<br \/>\nTarare\u00a0\u00a0\u00a0\u00a0\u00a0\u00a0\u00a0\u00a0\u00a0\u00a0\u00a0\u00a0\u00a0\u00a0\u00a0\u00a0\u00a0 12h-13h\u00a0\u00a0\u00a0\u00a0\u00a0\u00a0\u00a0 V\u00e9lo 20 km<br \/>\nL&rsquo;arbresie\u00a0\u00a0\u00a0\u00a0\u00a0\u00a0\u00a0\u00a0\u00a0\u00a0\u00a0\u00a0 15h\u00a0\u00a0\u00a0 V\u00e9lo 8 km<br \/>\nLozanne\u00a0\u00a0\u00a0\u00a0\u00a0\u00a0\u00a0\u00a0\u00a0\u00a0\u00a0\u00a0\u00a0\u00a0 15h45\u00a0\u00a0\u00a0 V\u00e9lo 26 km<br \/>\nLyon Part Dieu\u00a0\u00a0\u00a0\u00a0 17h30<\/p>\n<p><strong>samedi 2 mars 2024<\/strong><br \/>\nLyon Part Dieu\u00a0\u00a0\u00a0\u00a0\u00a0\u00a0 10h\u00a0\u00a0\u00a0\u00a0\u00a0\u00a0\u00a0\u00a0\u00a0 Marche\u00a0\u00a0\u00a0 6 km<br \/>\nLyon Perrache\u00a0\u00a0\u00a0\u00a0\u00a0\u00a0\u00a0 11h30<\/p>\n","protected":false},"excerpt":{"rendered":"<p>\u00c9tape un peu perturb\u00e9e par le brouillard. L&rsquo;\u00e9tape commence par une marche de 13 kilom\u00e8tres entre Montlu\u00e7on et Commentry. Le duo de marcheurs, Marie-H\u00e8l\u00e8ne, la chauffeure de la voiture-balai et un Suisse qui avait d\u00e9j\u00e0 particip\u00e9 \u00e0 une marche entre &hellip; <a href=\"https:\/\/www.pierre-le-cycliste.fr\/index.php\/2024\/02\/27\/le-grand-defi-railcoop-jour-10-montlucon-gannat-70-km\/\">Continuer la lecture <span class=\"meta-nav\">&rarr;<\/span><\/a><\/p>\n","protected":false},"author":1,"featured_media":0,"comment_status":"open","ping_status":"open","sticky":false,"template":"","format":"standard","meta":{"footnotes":""},"categories":[1],"tags":[],"class_list":["post-713","post","type-post","status-publish","format-standard","hentry","category-non-classe"],"_links":{"self":[{"href":"https:\/\/www.pierre-le-cycliste.fr\/index.php\/wp-json\/wp\/v2\/posts\/713","targetHints":{"allow":["GET"]}}],"collection":[{"href":"https:\/\/www.pierre-le-cycliste.fr\/index.php\/wp-json\/wp\/v2\/posts"}],"about":[{"href":"https:\/\/www.pierre-le-cycliste.fr\/index.php\/wp-json\/wp\/v2\/types\/post"}],"author":[{"embeddable":true,"href":"https:\/\/www.pierre-le-cycliste.fr\/index.php\/wp-json\/wp\/v2\/users\/1"}],"replies":[{"embeddable":true,"href":"https:\/\/www.pierre-le-cycliste.fr\/index.php\/wp-json\/wp\/v2\/comments?post=713"}],"version-history":[{"count":9,"href":"https:\/\/www.pierre-le-cycliste.fr\/index.php\/wp-json\/wp\/v2\/posts\/713\/revisions"}],"predecessor-version":[{"id":743,"href":"https:\/\/www.pierre-le-cycliste.fr\/index.php\/wp-json\/wp\/v2\/posts\/713\/revisions\/743"}],"wp:attachment":[{"href":"https:\/\/www.pierre-le-cycliste.fr\/index.php\/wp-json\/wp\/v2\/media?parent=713"}],"wp:term":[{"taxonomy":"category","embeddable":true,"href":"https:\/\/www.pierre-le-cycliste.fr\/index.php\/wp-json\/wp\/v2\/categories?post=713"},{"taxonomy":"post_tag","embeddable":true,"href":"https:\/\/www.pierre-le-cycliste.fr\/index.php\/wp-json\/wp\/v2\/tags?post=713"}],"curies":[{"name":"wp","href":"https:\/\/api.w.org\/{rel}","templated":true}]}}