{"id":745,"date":"2024-02-28T20:02:53","date_gmt":"2024-02-28T19:02:53","guid":{"rendered":"https:\/\/www.pierre-le-cycliste.fr\/?p=745"},"modified":"2024-02-29T08:00:13","modified_gmt":"2024-02-29T07:00:13","slug":"le-grand-defi-railcoop-jour-11-gannat-saint-germain-des-fosses-29-km","status":"publish","type":"post","link":"https:\/\/www.pierre-le-cycliste.fr\/index.php\/2024\/02\/28\/le-grand-defi-railcoop-jour-11-gannat-saint-germain-des-fosses-29-km\/","title":{"rendered":"Le grand d\u00e9fi Railcoop &#8211; jour 11 &#8211;  Gannat &#8211; Saint Germain des Foss\u00e9s -29 km"},"content":{"rendered":"<p>Aujourd&rsquo;hui, c&rsquo;\u00e9tait une marche \u00e0 pied de 29 kilom\u00e8tres de Gannat \u00e0 Saint Germain des Foss\u00e9s en passant par Monteignet sur l&rsquo;Andelot, Espinasse-Vozelle, Vendat o\u00f9 la municipalit\u00e9 avait mis \u00e0 disposition une salle chauff\u00e9e pour la pause casse-cro\u00fbte, Saint R\u00e9my en Rollat.<\/p>\n<p>Accueil en mairie de Saint Germain des Foss\u00e9s et mise \u00e0 disposition d&rsquo;un gymnase pour la nuit..<\/p>\n<div id=\"attachment_746\" style=\"width: 586px\" class=\"wp-caption alignnone\"><img loading=\"lazy\" decoding=\"async\" aria-describedby=\"caption-attachment-746\" src=\"https:\/\/www.pierre-le-cycliste.fr\/wp-content\/uploads\/2024\/02\/IMG_20240228_113827_323.jpg\" alt=\"\" width=\"576\" height=\"768\" class=\"size-full wp-image-746\" srcset=\"https:\/\/www.pierre-le-cycliste.fr\/wp-content\/uploads\/2024\/02\/IMG_20240228_113827_323.jpg 576w, https:\/\/www.pierre-le-cycliste.fr\/wp-content\/uploads\/2024\/02\/IMG_20240228_113827_323-225x300.jpg 225w\" sizes=\"auto, (max-width: 576px) 100vw, 576px\" \/><p id=\"caption-attachment-746\" class=\"wp-caption-text\">Mathieu. \u00ab\u00a0Participer a cette belle aventure qu&rsquo;est le grand d\u00e9fi railcoop est une \u00e9vidence pour moi! J&rsquo;ai grandi dans un moulin sur la vienne au bord d&rsquo;une ligne de chemin de fer qui est Aujourd&rsquo;hui menac\u00e9e r\u00e9guli\u00e8rement de fermeture, peut \u00eatre l&rsquo;origine de ma passion pour le train&#8230;j&rsquo;habite en Corr\u00e8ze ou plusieurs petites lignes ont \u00e9t\u00e9 ferm\u00e9es et abandonn\u00e9s c&rsquo;est triste dans le contexte actuel de rechauffement climatique le train est une des solutions les plus logique pour r\u00e9duire notre impact sur l&rsquo;environnement \u00ab\u00a0<\/p><\/div>\n<div id=\"attachment_747\" style=\"width: 586px\" class=\"wp-caption alignnone\"><img loading=\"lazy\" decoding=\"async\" aria-describedby=\"caption-attachment-747\" src=\"https:\/\/www.pierre-le-cycliste.fr\/wp-content\/uploads\/2024\/02\/image22-576x1024.jpeg\" alt=\"\" width=\"576\" height=\"1024\" class=\"size-large wp-image-747\" srcset=\"https:\/\/www.pierre-le-cycliste.fr\/wp-content\/uploads\/2024\/02\/image22-576x1024.jpeg 576w, https:\/\/www.pierre-le-cycliste.fr\/wp-content\/uploads\/2024\/02\/image22-169x300.jpeg 169w, https:\/\/www.pierre-le-cycliste.fr\/wp-content\/uploads\/2024\/02\/image22-768x1365.jpeg 768w, https:\/\/www.pierre-le-cycliste.fr\/wp-content\/uploads\/2024\/02\/image22-864x1536.jpeg 864w, https:\/\/www.pierre-le-cycliste.fr\/wp-content\/uploads\/2024\/02\/image22.jpeg 1152w\" sizes=\"auto, (max-width: 576px) 100vw, 576px\" \/><p id=\"caption-attachment-747\" class=\"wp-caption-text\">Tim, ce matin, se pr\u00e9pare au d\u00e9part.<\/p><\/div>\n<div id=\"attachment_748\" style=\"width: 650px\" class=\"wp-caption alignnone\"><img loading=\"lazy\" decoding=\"async\" aria-describedby=\"caption-attachment-748\" src=\"https:\/\/www.pierre-le-cycliste.fr\/wp-content\/uploads\/2024\/02\/WhatsApp-Image-2024-02-28-a-09.13.33_32a861e3-1024x768.jpg\" alt=\"\" width=\"640\" height=\"480\" class=\"size-large wp-image-748\" srcset=\"https:\/\/www.pierre-le-cycliste.fr\/wp-content\/uploads\/2024\/02\/WhatsApp-Image-2024-02-28-a-09.13.33_32a861e3-1024x768.jpg 1024w, https:\/\/www.pierre-le-cycliste.fr\/wp-content\/uploads\/2024\/02\/WhatsApp-Image-2024-02-28-a-09.13.33_32a861e3-300x225.jpg 300w, https:\/\/www.pierre-le-cycliste.fr\/wp-content\/uploads\/2024\/02\/WhatsApp-Image-2024-02-28-a-09.13.33_32a861e3-768x576.jpg 768w, https:\/\/www.pierre-le-cycliste.fr\/wp-content\/uploads\/2024\/02\/WhatsApp-Image-2024-02-28-a-09.13.33_32a861e3-1536x1153.jpg 1536w, https:\/\/www.pierre-le-cycliste.fr\/wp-content\/uploads\/2024\/02\/WhatsApp-Image-2024-02-28-a-09.13.33_32a861e3.jpg 1599w\" sizes=\"auto, (max-width: 640px) 100vw, 640px\" \/><p id=\"caption-attachment-748\" class=\"wp-caption-text\">Les marcheurs au d\u00e9part de Gannat.<\/p><\/div>\n<div id=\"attachment_751\" style=\"width: 778px\" class=\"wp-caption alignnone\"><img loading=\"lazy\" decoding=\"async\" aria-describedby=\"caption-attachment-751\" src=\"https:\/\/www.pierre-le-cycliste.fr\/wp-content\/uploads\/2024\/02\/image19.jpeg\" alt=\"\" width=\"768\" height=\"576\" class=\"size-full wp-image-751\" srcset=\"https:\/\/www.pierre-le-cycliste.fr\/wp-content\/uploads\/2024\/02\/image19.jpeg 768w, https:\/\/www.pierre-le-cycliste.fr\/wp-content\/uploads\/2024\/02\/image19-300x225.jpeg 300w\" sizes=\"auto, (max-width: 768px) 100vw, 768px\" \/><p id=\"caption-attachment-751\" class=\"wp-caption-text\">Marcheurs accompagn\u00e9s de cyclistes.<\/p><\/div>\n<div id=\"attachment_752\" style=\"width: 586px\" class=\"wp-caption alignnone\"><img loading=\"lazy\" decoding=\"async\" aria-describedby=\"caption-attachment-752\" src=\"https:\/\/www.pierre-le-cycliste.fr\/wp-content\/uploads\/2024\/02\/image18.jpeg\" alt=\"\" width=\"576\" height=\"768\" class=\"size-full wp-image-752\" srcset=\"https:\/\/www.pierre-le-cycliste.fr\/wp-content\/uploads\/2024\/02\/image18.jpeg 576w, https:\/\/www.pierre-le-cycliste.fr\/wp-content\/uploads\/2024\/02\/image18-225x300.jpeg 225w\" sizes=\"auto, (max-width: 576px) 100vw, 576px\" \/><p id=\"caption-attachment-752\" class=\"wp-caption-text\">Marcheurs.<\/p><\/div>\n<div id=\"attachment_755\" style=\"width: 586px\" class=\"wp-caption alignnone\"><img loading=\"lazy\" decoding=\"async\" aria-describedby=\"caption-attachment-755\" src=\"https:\/\/www.pierre-le-cycliste.fr\/wp-content\/uploads\/2024\/02\/image15.jpeg\" alt=\"\" width=\"576\" height=\"768\" class=\"size-full wp-image-755\" srcset=\"https:\/\/www.pierre-le-cycliste.fr\/wp-content\/uploads\/2024\/02\/image15.jpeg 576w, https:\/\/www.pierre-le-cycliste.fr\/wp-content\/uploads\/2024\/02\/image15-225x300.jpeg 225w\" sizes=\"auto, (max-width: 576px) 100vw, 576px\" \/><p id=\"caption-attachment-755\" class=\"wp-caption-text\">Marcheurs entre Gannat et Espinasse-Vozelle.<\/p><\/div>\n<div id=\"attachment_754\" style=\"width: 586px\" class=\"wp-caption alignnone\"><img loading=\"lazy\" decoding=\"async\" aria-describedby=\"caption-attachment-754\" src=\"https:\/\/www.pierre-le-cycliste.fr\/wp-content\/uploads\/2024\/02\/image16.jpeg\" alt=\"\" width=\"576\" height=\"768\" class=\"size-full wp-image-754\" srcset=\"https:\/\/www.pierre-le-cycliste.fr\/wp-content\/uploads\/2024\/02\/image16.jpeg 576w, https:\/\/www.pierre-le-cycliste.fr\/wp-content\/uploads\/2024\/02\/image16-225x300.jpeg 225w\" sizes=\"auto, (max-width: 576px) 100vw, 576px\" \/><p id=\"caption-attachment-754\" class=\"wp-caption-text\">Marcheurs entre Gannat et Espinasse-Vozelle.<\/p><\/div>\n<div id=\"attachment_765\" style=\"width: 778px\" class=\"wp-caption alignnone\"><img loading=\"lazy\" decoding=\"async\" aria-describedby=\"caption-attachment-765\" src=\"https:\/\/www.pierre-le-cycliste.fr\/wp-content\/uploads\/2024\/02\/image5-3.jpeg\" alt=\"\" width=\"768\" height=\"576\" class=\"size-full wp-image-765\" srcset=\"https:\/\/www.pierre-le-cycliste.fr\/wp-content\/uploads\/2024\/02\/image5-3.jpeg 768w, https:\/\/www.pierre-le-cycliste.fr\/wp-content\/uploads\/2024\/02\/image5-3-300x225.jpeg 300w\" sizes=\"auto, (max-width: 768px) 100vw, 768px\" \/><p id=\"caption-attachment-765\" class=\"wp-caption-text\">Marcheurs \u00e0 l&rsquo;entr\u00e9e d&rsquo;Espinasse-Vozelle.<\/p><\/div>\n<div id=\"attachment_753\" style=\"width: 778px\" class=\"wp-caption alignnone\"><img loading=\"lazy\" decoding=\"async\" aria-describedby=\"caption-attachment-753\" src=\"https:\/\/www.pierre-le-cycliste.fr\/wp-content\/uploads\/2024\/02\/image17.jpeg\" alt=\"\" width=\"768\" height=\"576\" class=\"size-full wp-image-753\" srcset=\"https:\/\/www.pierre-le-cycliste.fr\/wp-content\/uploads\/2024\/02\/image17.jpeg 768w, https:\/\/www.pierre-le-cycliste.fr\/wp-content\/uploads\/2024\/02\/image17-300x225.jpeg 300w\" sizes=\"auto, (max-width: 768px) 100vw, 768px\" \/><p id=\"caption-attachment-753\" class=\"wp-caption-text\">En mairie de Espinasse-Vozelle.<\/p><\/div>\n<div id=\"attachment_763\" style=\"width: 778px\" class=\"wp-caption alignnone\"><img loading=\"lazy\" decoding=\"async\" aria-describedby=\"caption-attachment-763\" src=\"https:\/\/www.pierre-le-cycliste.fr\/wp-content\/uploads\/2024\/02\/image7-2.jpeg\" alt=\"\" width=\"768\" height=\"576\" class=\"size-full wp-image-763\" srcset=\"https:\/\/www.pierre-le-cycliste.fr\/wp-content\/uploads\/2024\/02\/image7-2.jpeg 768w, https:\/\/www.pierre-le-cycliste.fr\/wp-content\/uploads\/2024\/02\/image7-2-300x225.jpeg 300w\" sizes=\"auto, (max-width: 768px) 100vw, 768px\" \/><p id=\"caption-attachment-763\" class=\"wp-caption-text\">Marcheurs.<\/p><\/div>\n<div id=\"attachment_764\" style=\"width: 778px\" class=\"wp-caption alignnone\"><img loading=\"lazy\" decoding=\"async\" aria-describedby=\"caption-attachment-764\" src=\"https:\/\/www.pierre-le-cycliste.fr\/wp-content\/uploads\/2024\/02\/image6-1.jpeg\" alt=\"\" width=\"768\" height=\"576\" class=\"size-full wp-image-764\" srcset=\"https:\/\/www.pierre-le-cycliste.fr\/wp-content\/uploads\/2024\/02\/image6-1.jpeg 768w, https:\/\/www.pierre-le-cycliste.fr\/wp-content\/uploads\/2024\/02\/image6-1-300x225.jpeg 300w\" sizes=\"auto, (max-width: 768px) 100vw, 768px\" \/><p id=\"caption-attachment-764\" class=\"wp-caption-text\">Marcheurs.<\/p><\/div>\n<div id=\"attachment_767\" style=\"width: 778px\" class=\"wp-caption alignnone\"><img loading=\"lazy\" decoding=\"async\" aria-describedby=\"caption-attachment-767\" src=\"https:\/\/www.pierre-le-cycliste.fr\/wp-content\/uploads\/2024\/02\/image3-3.jpeg\" alt=\"Marcheurs.\" width=\"768\" height=\"576\" class=\"size-full wp-image-767\" srcset=\"https:\/\/www.pierre-le-cycliste.fr\/wp-content\/uploads\/2024\/02\/image3-3.jpeg 768w, https:\/\/www.pierre-le-cycliste.fr\/wp-content\/uploads\/2024\/02\/image3-3-300x225.jpeg 300w\" sizes=\"auto, (max-width: 768px) 100vw, 768px\" \/><p id=\"caption-attachment-767\" class=\"wp-caption-text\">Marcheurs.<\/p><\/div>\n<div id=\"attachment_749\" style=\"width: 650px\" class=\"wp-caption alignnone\"><img loading=\"lazy\" decoding=\"async\" aria-describedby=\"caption-attachment-749\" src=\"https:\/\/www.pierre-le-cycliste.fr\/wp-content\/uploads\/2024\/02\/image21-1024x576.jpeg\" alt=\"\" width=\"640\" height=\"360\" class=\"size-large wp-image-749\" srcset=\"https:\/\/www.pierre-le-cycliste.fr\/wp-content\/uploads\/2024\/02\/image21-1024x576.jpeg 1024w, https:\/\/www.pierre-le-cycliste.fr\/wp-content\/uploads\/2024\/02\/image21-300x169.jpeg 300w, https:\/\/www.pierre-le-cycliste.fr\/wp-content\/uploads\/2024\/02\/image21-768x432.jpeg 768w, https:\/\/www.pierre-le-cycliste.fr\/wp-content\/uploads\/2024\/02\/image21-1536x864.jpeg 1536w, https:\/\/www.pierre-le-cycliste.fr\/wp-content\/uploads\/2024\/02\/image21.jpeg 2048w\" sizes=\"auto, (max-width: 640px) 100vw, 640px\" \/><p id=\"caption-attachment-749\" class=\"wp-caption-text\">La pause pique-nique dans une salle municipale chauff\u00e9e \u00e0 Vendat. Les marcheurs ont d\u00e9j\u00e0 parcouru 17 kilom\u00e8tres.<\/p><\/div>\n<div id=\"attachment_762\" style=\"width: 778px\" class=\"wp-caption alignnone\"><img loading=\"lazy\" decoding=\"async\" aria-describedby=\"caption-attachment-762\" src=\"https:\/\/www.pierre-le-cycliste.fr\/wp-content\/uploads\/2024\/02\/image8-1.jpeg\" alt=\"\" width=\"768\" height=\"576\" class=\"size-full wp-image-762\" srcset=\"https:\/\/www.pierre-le-cycliste.fr\/wp-content\/uploads\/2024\/02\/image8-1.jpeg 768w, https:\/\/www.pierre-le-cycliste.fr\/wp-content\/uploads\/2024\/02\/image8-1-300x225.jpeg 300w\" sizes=\"auto, (max-width: 768px) 100vw, 768px\" \/><p id=\"caption-attachment-762\" class=\"wp-caption-text\">Cheval !<\/p><\/div>\n<div id=\"attachment_761\" style=\"width: 778px\" class=\"wp-caption alignnone\"><img loading=\"lazy\" decoding=\"async\" aria-describedby=\"caption-attachment-761\" src=\"https:\/\/www.pierre-le-cycliste.fr\/wp-content\/uploads\/2024\/02\/image9-2.jpeg\" alt=\"\" width=\"768\" height=\"576\" class=\"size-full wp-image-761\" srcset=\"https:\/\/www.pierre-le-cycliste.fr\/wp-content\/uploads\/2024\/02\/image9-2.jpeg 768w, https:\/\/www.pierre-le-cycliste.fr\/wp-content\/uploads\/2024\/02\/image9-2-300x225.jpeg 300w\" sizes=\"auto, (max-width: 768px) 100vw, 768px\" \/><p id=\"caption-attachment-761\" class=\"wp-caption-text\">Pont sur l&rsquo;Allier.<\/p><\/div>\n<div id=\"attachment_766\" style=\"width: 778px\" class=\"wp-caption alignnone\"><img loading=\"lazy\" decoding=\"async\" aria-describedby=\"caption-attachment-766\" src=\"https:\/\/www.pierre-le-cycliste.fr\/wp-content\/uploads\/2024\/02\/image4-3.jpeg\" alt=\"\" width=\"768\" height=\"576\" class=\"size-full wp-image-766\" srcset=\"https:\/\/www.pierre-le-cycliste.fr\/wp-content\/uploads\/2024\/02\/image4-3.jpeg 768w, https:\/\/www.pierre-le-cycliste.fr\/wp-content\/uploads\/2024\/02\/image4-3-300x225.jpeg 300w\" sizes=\"auto, (max-width: 768px) 100vw, 768px\" \/><p id=\"caption-attachment-766\" class=\"wp-caption-text\">La ligne &#8230;<\/p><\/div>\n<div id=\"attachment_759\" style=\"width: 650px\" class=\"wp-caption alignnone\"><img loading=\"lazy\" decoding=\"async\" aria-describedby=\"caption-attachment-759\" src=\"https:\/\/www.pierre-le-cycliste.fr\/wp-content\/uploads\/2024\/02\/image11-1-1024x576.jpeg\" alt=\"\" width=\"640\" height=\"360\" class=\"size-large wp-image-759\" srcset=\"https:\/\/www.pierre-le-cycliste.fr\/wp-content\/uploads\/2024\/02\/image11-1-1024x576.jpeg 1024w, https:\/\/www.pierre-le-cycliste.fr\/wp-content\/uploads\/2024\/02\/image11-1-300x169.jpeg 300w, https:\/\/www.pierre-le-cycliste.fr\/wp-content\/uploads\/2024\/02\/image11-1-768x432.jpeg 768w, https:\/\/www.pierre-le-cycliste.fr\/wp-content\/uploads\/2024\/02\/image11-1-1536x864.jpeg 1536w, https:\/\/www.pierre-le-cycliste.fr\/wp-content\/uploads\/2024\/02\/image11-1.jpeg 2048w\" sizes=\"auto, (max-width: 640px) 100vw, 640px\" \/><p id=\"caption-attachment-759\" class=\"wp-caption-text\">Arriv\u00e9e \u00e0 Saint Germain des Foss\u00e9s.<\/p><\/div>\n<div id=\"attachment_750\" style=\"width: 650px\" class=\"wp-caption alignnone\"><img loading=\"lazy\" decoding=\"async\" aria-describedby=\"caption-attachment-750\" src=\"https:\/\/www.pierre-le-cycliste.fr\/wp-content\/uploads\/2024\/02\/image20-1-1024x576.jpeg\" alt=\"\" width=\"640\" height=\"360\" class=\"size-large wp-image-750\" srcset=\"https:\/\/www.pierre-le-cycliste.fr\/wp-content\/uploads\/2024\/02\/image20-1-1024x576.jpeg 1024w, https:\/\/www.pierre-le-cycliste.fr\/wp-content\/uploads\/2024\/02\/image20-1-300x169.jpeg 300w, https:\/\/www.pierre-le-cycliste.fr\/wp-content\/uploads\/2024\/02\/image20-1-768x432.jpeg 768w, https:\/\/www.pierre-le-cycliste.fr\/wp-content\/uploads\/2024\/02\/image20-1-1536x864.jpeg 1536w, https:\/\/www.pierre-le-cycliste.fr\/wp-content\/uploads\/2024\/02\/image20-1.jpeg 2048w\" sizes=\"auto, (max-width: 640px) 100vw, 640px\" \/><p id=\"caption-attachment-750\" class=\"wp-caption-text\">Petit train \u00e0 l&rsquo;entr\u00e9e de Saint Germain des Foss\u00e9s.<\/p><\/div>\n<div id=\"attachment_758\" style=\"width: 650px\" class=\"wp-caption alignnone\"><img loading=\"lazy\" decoding=\"async\" aria-describedby=\"caption-attachment-758\" src=\"https:\/\/www.pierre-le-cycliste.fr\/wp-content\/uploads\/2024\/02\/image12-1-1024x576.jpeg\" alt=\"\" width=\"640\" height=\"360\" class=\"size-large wp-image-758\" srcset=\"https:\/\/www.pierre-le-cycliste.fr\/wp-content\/uploads\/2024\/02\/image12-1-1024x576.jpeg 1024w, https:\/\/www.pierre-le-cycliste.fr\/wp-content\/uploads\/2024\/02\/image12-1-300x169.jpeg 300w, https:\/\/www.pierre-le-cycliste.fr\/wp-content\/uploads\/2024\/02\/image12-1-768x432.jpeg 768w, https:\/\/www.pierre-le-cycliste.fr\/wp-content\/uploads\/2024\/02\/image12-1-1536x864.jpeg 1536w, https:\/\/www.pierre-le-cycliste.fr\/wp-content\/uploads\/2024\/02\/image12-1.jpeg 2048w\" sizes=\"auto, (max-width: 640px) 100vw, 640px\" \/><p id=\"caption-attachment-758\" class=\"wp-caption-text\">En gare de Saint Germain des Foss\u00e9s.<\/p><\/div>\n<div id=\"attachment_756\" style=\"width: 650px\" class=\"wp-caption alignnone\"><img loading=\"lazy\" decoding=\"async\" aria-describedby=\"caption-attachment-756\" src=\"https:\/\/www.pierre-le-cycliste.fr\/wp-content\/uploads\/2024\/02\/image14-1024x576.jpeg\" alt=\"\" width=\"640\" height=\"360\" class=\"size-large wp-image-756\" srcset=\"https:\/\/www.pierre-le-cycliste.fr\/wp-content\/uploads\/2024\/02\/image14-1024x576.jpeg 1024w, https:\/\/www.pierre-le-cycliste.fr\/wp-content\/uploads\/2024\/02\/image14-300x169.jpeg 300w, https:\/\/www.pierre-le-cycliste.fr\/wp-content\/uploads\/2024\/02\/image14-768x432.jpeg 768w, https:\/\/www.pierre-le-cycliste.fr\/wp-content\/uploads\/2024\/02\/image14-1536x864.jpeg 1536w, https:\/\/www.pierre-le-cycliste.fr\/wp-content\/uploads\/2024\/02\/image14.jpeg 2048w\" sizes=\"auto, (max-width: 640px) 100vw, 640px\" \/><p id=\"caption-attachment-756\" class=\"wp-caption-text\">Accueil en mairie de Saint Germain des Foss\u00e9s.<\/p><\/div>\n<div id=\"attachment_757\" style=\"width: 650px\" class=\"wp-caption alignnone\"><img loading=\"lazy\" decoding=\"async\" aria-describedby=\"caption-attachment-757\" src=\"https:\/\/www.pierre-le-cycliste.fr\/wp-content\/uploads\/2024\/02\/image13-1-1024x576.jpeg\" alt=\"\" width=\"640\" height=\"360\" class=\"size-large wp-image-757\" srcset=\"https:\/\/www.pierre-le-cycliste.fr\/wp-content\/uploads\/2024\/02\/image13-1-1024x576.jpeg 1024w, https:\/\/www.pierre-le-cycliste.fr\/wp-content\/uploads\/2024\/02\/image13-1-300x169.jpeg 300w, https:\/\/www.pierre-le-cycliste.fr\/wp-content\/uploads\/2024\/02\/image13-1-768x432.jpeg 768w, https:\/\/www.pierre-le-cycliste.fr\/wp-content\/uploads\/2024\/02\/image13-1-1536x864.jpeg 1536w, https:\/\/www.pierre-le-cycliste.fr\/wp-content\/uploads\/2024\/02\/image13-1.jpeg 2048w\" sizes=\"auto, (max-width: 640px) 100vw, 640px\" \/><p id=\"caption-attachment-757\" class=\"wp-caption-text\">Accueil en mairie de Saint Germain des Foss\u00e9s.<\/p><\/div>\n<div id=\"attachment_760\" style=\"width: 650px\" class=\"wp-caption alignnone\"><img loading=\"lazy\" decoding=\"async\" aria-describedby=\"caption-attachment-760\" src=\"https:\/\/www.pierre-le-cycliste.fr\/wp-content\/uploads\/2024\/02\/image10-1-1024x576.jpeg\" alt=\"\" width=\"640\" height=\"360\" class=\"size-large wp-image-760\" srcset=\"https:\/\/www.pierre-le-cycliste.fr\/wp-content\/uploads\/2024\/02\/image10-1-1024x576.jpeg 1024w, https:\/\/www.pierre-le-cycliste.fr\/wp-content\/uploads\/2024\/02\/image10-1-300x169.jpeg 300w, https:\/\/www.pierre-le-cycliste.fr\/wp-content\/uploads\/2024\/02\/image10-1-768x432.jpeg 768w, https:\/\/www.pierre-le-cycliste.fr\/wp-content\/uploads\/2024\/02\/image10-1-1536x864.jpeg 1536w, https:\/\/www.pierre-le-cycliste.fr\/wp-content\/uploads\/2024\/02\/image10-1.jpeg 2048w\" sizes=\"auto, (max-width: 640px) 100vw, 640px\" \/><p id=\"caption-attachment-760\" class=\"wp-caption-text\">Marie-H\u00e9l\u00e8ne, Elisabeth, Yara.<\/p><\/div>\n<div id=\"attachment_768\" style=\"width: 778px\" class=\"wp-caption alignnone\"><img loading=\"lazy\" decoding=\"async\" aria-describedby=\"caption-attachment-768\" src=\"https:\/\/www.pierre-le-cycliste.fr\/wp-content\/uploads\/2024\/02\/image2-5.jpeg\" alt=\"\" width=\"768\" height=\"576\" class=\"size-full wp-image-768\" srcset=\"https:\/\/www.pierre-le-cycliste.fr\/wp-content\/uploads\/2024\/02\/image2-5.jpeg 768w, https:\/\/www.pierre-le-cycliste.fr\/wp-content\/uploads\/2024\/02\/image2-5-300x225.jpeg 300w\" sizes=\"auto, (max-width: 768px) 100vw, 768px\" \/><p id=\"caption-attachment-768\" class=\"wp-caption-text\">Le dortoir \u00e0 Saint Germain des Foss\u00e9s.<\/p><\/div>\n<div id=\"attachment_772\" style=\"width: 778px\" class=\"wp-caption alignnone\"><img loading=\"lazy\" decoding=\"async\" aria-describedby=\"caption-attachment-772\" src=\"https:\/\/www.pierre-le-cycliste.fr\/wp-content\/uploads\/2024\/02\/image2-2-1.jpeg\" alt=\"\" width=\"768\" height=\"576\" class=\"size-full wp-image-772\" srcset=\"https:\/\/www.pierre-le-cycliste.fr\/wp-content\/uploads\/2024\/02\/image2-2-1.jpeg 768w, https:\/\/www.pierre-le-cycliste.fr\/wp-content\/uploads\/2024\/02\/image2-2-1-300x225.jpeg 300w\" sizes=\"auto, (max-width: 768px) 100vw, 768px\" \/><p id=\"caption-attachment-772\" class=\"wp-caption-text\">Pause dans un caf\u00e9.<\/p><\/div>\n<div id=\"attachment_776\" style=\"width: 778px\" class=\"wp-caption alignnone\"><img loading=\"lazy\" decoding=\"async\" aria-describedby=\"caption-attachment-776\" src=\"https:\/\/www.pierre-le-cycliste.fr\/wp-content\/uploads\/2024\/02\/image6-2.jpeg\" alt=\"\" width=\"768\" height=\"576\" class=\"size-full wp-image-776\" srcset=\"https:\/\/www.pierre-le-cycliste.fr\/wp-content\/uploads\/2024\/02\/image6-2.jpeg 768w, https:\/\/www.pierre-le-cycliste.fr\/wp-content\/uploads\/2024\/02\/image6-2-300x225.jpeg 300w\" sizes=\"auto, (max-width: 768px) 100vw, 768px\" \/><p id=\"caption-attachment-776\" class=\"wp-caption-text\">R\u00e9union publique \u00e0 la Navette.<\/p><\/div>\n<div id=\"attachment_777\" style=\"width: 586px\" class=\"wp-caption alignnone\"><img loading=\"lazy\" decoding=\"async\" aria-describedby=\"caption-attachment-777\" src=\"https:\/\/www.pierre-le-cycliste.fr\/wp-content\/uploads\/2024\/02\/image5-4-576x1024.jpeg\" alt=\"\" width=\"576\" height=\"1024\" class=\"size-large wp-image-777\" srcset=\"https:\/\/www.pierre-le-cycliste.fr\/wp-content\/uploads\/2024\/02\/image5-4-576x1024.jpeg 576w, https:\/\/www.pierre-le-cycliste.fr\/wp-content\/uploads\/2024\/02\/image5-4-169x300.jpeg 169w, https:\/\/www.pierre-le-cycliste.fr\/wp-content\/uploads\/2024\/02\/image5-4-768x1365.jpeg 768w, https:\/\/www.pierre-le-cycliste.fr\/wp-content\/uploads\/2024\/02\/image5-4-864x1536.jpeg 864w, https:\/\/www.pierre-le-cycliste.fr\/wp-content\/uploads\/2024\/02\/image5-4.jpeg 1152w\" sizes=\"auto, (max-width: 576px) 100vw, 576px\" \/><p id=\"caption-attachment-777\" class=\"wp-caption-text\">Le nettoyage du v\u00e9lo le matin, le cirage des chaussures le soir !<\/p><\/div>\n<div id=\"attachment_778\" style=\"width: 778px\" class=\"wp-caption alignnone\"><img loading=\"lazy\" decoding=\"async\" aria-describedby=\"caption-attachment-778\" src=\"https:\/\/www.pierre-le-cycliste.fr\/wp-content\/uploads\/2024\/02\/image4-4.jpeg\" alt=\"\" width=\"768\" height=\"576\" class=\"size-full wp-image-778\" srcset=\"https:\/\/www.pierre-le-cycliste.fr\/wp-content\/uploads\/2024\/02\/image4-4.jpeg 768w, https:\/\/www.pierre-le-cycliste.fr\/wp-content\/uploads\/2024\/02\/image4-4-300x225.jpeg 300w\" sizes=\"auto, (max-width: 768px) 100vw, 768px\" \/><p id=\"caption-attachment-778\" class=\"wp-caption-text\">Le d\u00eener.<\/p><\/div>\n<div id=\"attachment_779\" style=\"width: 778px\" class=\"wp-caption alignnone\"><img loading=\"lazy\" decoding=\"async\" aria-describedby=\"caption-attachment-779\" src=\"https:\/\/www.pierre-le-cycliste.fr\/wp-content\/uploads\/2024\/02\/image3-4.jpeg\" alt=\"\" width=\"768\" height=\"576\" class=\"size-full wp-image-779\" srcset=\"https:\/\/www.pierre-le-cycliste.fr\/wp-content\/uploads\/2024\/02\/image3-4.jpeg 768w, https:\/\/www.pierre-le-cycliste.fr\/wp-content\/uploads\/2024\/02\/image3-4-300x225.jpeg 300w\" sizes=\"auto, (max-width: 768px) 100vw, 768px\" \/><p id=\"caption-attachment-779\" class=\"wp-caption-text\">Le d\u00eener.<\/p><\/div>\n<div id=\"attachment_780\" style=\"width: 778px\" class=\"wp-caption alignnone\"><img loading=\"lazy\" decoding=\"async\" aria-describedby=\"caption-attachment-780\" src=\"https:\/\/www.pierre-le-cycliste.fr\/wp-content\/uploads\/2024\/02\/image2-6.jpeg\" alt=\"\" width=\"768\" height=\"576\" class=\"size-full wp-image-780\" srcset=\"https:\/\/www.pierre-le-cycliste.fr\/wp-content\/uploads\/2024\/02\/image2-6.jpeg 768w, https:\/\/www.pierre-le-cycliste.fr\/wp-content\/uploads\/2024\/02\/image2-6-300x225.jpeg 300w\" sizes=\"auto, (max-width: 768px) 100vw, 768px\" \/><p id=\"caption-attachment-780\" class=\"wp-caption-text\">Le d\u00eener.<\/p><\/div>\n<p>Encore un tr\u00e8s belle article au journal de Fr3 Auvergne.<\/p>\n<p>Attention, edition du mardi 27, entre 6 et 9 minutes.<br \/>\n<a href=\"https:\/\/france3-regions.francetvinfo.fr\/auvergne-rhone-alpes\/programmes\/france-3_auvergne-rhone-alpes_ici-19-20-auvergne\">https:\/\/france3-regions.francetvinfo.fr\/auvergne-rhone-alpes\/programmes\/france-3_auvergne-rhone-alpes_ici-19-20-auvergne<\/a><\/p>\n<p><strong>Les prochains rendez-vous du Grand D\u00e9fi Railcoop<br \/>\n<\/strong><\/p>\n<p><strong>jeudi 29 f\u00e9vrier 2024<\/strong><br \/>\nSaint Germain des Foss\u00e9s\u00a0\u00a0\u00a0 8h30\u00a0\u00a0\u00a0 V\u00e9lo 20 km<br \/>\nLa Palisse Saint Prix\u00a0\u00a0\u00a0\u00a0\u00a0\u00a0\u00a0\u00a0\u00a0\u00a0 10h30\u00a0\u00a0 V\u00e9lo 17 km<br \/>\nSaint Martin d&rsquo;Estreaux\u00a0\u00a0\u00a0\u00a0\u00a0 13h\u00a0\u00a0\u00a0\u00a0\u00a0 V\u00e9lo 20 km<br \/>\nRomain La Motte\u00a0\u00a0\u00a0\u00a0\u00a0\u00a0\u00a0\u00a0\u00a0\u00a0\u00a0\u00a0\u00a0\u00a0 15h\u00a0\u00a0\u00a0\u00a0\u00a0 Marche 10 km<br \/>\nRoanne 17h<\/p>\n<p><strong>vendredi 1 mars 2024<\/strong><br \/>\nRoanne\u00a0\u00a0\u00a0\u00a0\u00a0\u00a0\u00a0\u00a0\u00a0\u00a0\u00a0\u00a0\u00a0\u00a0\u00a0\u00a0 8h00\u00a0\u00a0\u00a0\u00a0\u00a0 V\u00e9lo 16 km<br \/>\nRegny\u00a0\u00a0\u00a0\u00a0\u00a0\u00a0\u00a0\u00a0\u00a0\u00a0\u00a0\u00a0\u00a0\u00a0\u00a0\u00a0\u00a0\u00a0 9h30\u00a0\u00a0\u00a0\u00a0\u00a0 V\u00e9lo 13 km<br \/>\nAmplepuis\u00a0\u00a0\u00a0\u00a0\u00a0\u00a0\u00a0\u00a0\u00a0\u00a0\u00a0 10h30\u00a0\u00a0\u00a0 V\u00e9lo 16 km<br \/>\nTarare\u00a0\u00a0\u00a0\u00a0\u00a0\u00a0\u00a0\u00a0\u00a0\u00a0\u00a0\u00a0\u00a0\u00a0\u00a0\u00a0\u00a0 12h-13h\u00a0\u00a0\u00a0\u00a0\u00a0\u00a0\u00a0 V\u00e9lo 20 km<br \/>\nL&rsquo;arbresie\u00a0\u00a0\u00a0\u00a0\u00a0\u00a0\u00a0\u00a0\u00a0\u00a0\u00a0\u00a0 15h\u00a0\u00a0\u00a0 V\u00e9lo 8 km<br \/>\nLozanne\u00a0\u00a0\u00a0\u00a0\u00a0\u00a0\u00a0\u00a0\u00a0\u00a0\u00a0\u00a0\u00a0\u00a0 15h45\u00a0\u00a0\u00a0 V\u00e9lo 26 km<br \/>\nLyon Part Dieu\u00a0\u00a0\u00a0\u00a0 17h30<\/p>\n<p><strong>samedi 2 mars 2024<\/strong><br \/>\nLyon Part Dieu\u00a0\u00a0\u00a0\u00a0\u00a0\u00a0 10h\u00a0\u00a0\u00a0\u00a0\u00a0\u00a0\u00a0\u00a0\u00a0 Marche\u00a0\u00a0\u00a0 6 km<br \/>\nLyon Perrache\u00a0\u00a0\u00a0\u00a0\u00a0\u00a0\u00a0 11h30<\/p>\n","protected":false},"excerpt":{"rendered":"<p>Aujourd&rsquo;hui, c&rsquo;\u00e9tait une marche \u00e0 pied de 29 kilom\u00e8tres de Gannat \u00e0 Saint Germain des Foss\u00e9s en passant par Monteignet sur l&rsquo;Andelot, Espinasse-Vozelle, Vendat o\u00f9 la municipalit\u00e9 avait mis \u00e0 disposition une salle chauff\u00e9e pour la pause casse-cro\u00fbte, Saint R\u00e9my &hellip; <a href=\"https:\/\/www.pierre-le-cycliste.fr\/index.php\/2024\/02\/28\/le-grand-defi-railcoop-jour-11-gannat-saint-germain-des-fosses-29-km\/\">Continuer la lecture <span class=\"meta-nav\">&rarr;<\/span><\/a><\/p>\n","protected":false},"author":1,"featured_media":0,"comment_status":"open","ping_status":"open","sticky":false,"template":"","format":"standard","meta":{"footnotes":""},"categories":[1],"tags":[],"class_list":["post-745","post","type-post","status-publish","format-standard","hentry","category-non-classe"],"_links":{"self":[{"href":"https:\/\/www.pierre-le-cycliste.fr\/index.php\/wp-json\/wp\/v2\/posts\/745","targetHints":{"allow":["GET"]}}],"collection":[{"href":"https:\/\/www.pierre-le-cycliste.fr\/index.php\/wp-json\/wp\/v2\/posts"}],"about":[{"href":"https:\/\/www.pierre-le-cycliste.fr\/index.php\/wp-json\/wp\/v2\/types\/post"}],"author":[{"embeddable":true,"href":"https:\/\/www.pierre-le-cycliste.fr\/index.php\/wp-json\/wp\/v2\/users\/1"}],"replies":[{"embeddable":true,"href":"https:\/\/www.pierre-le-cycliste.fr\/index.php\/wp-json\/wp\/v2\/comments?post=745"}],"version-history":[{"count":8,"href":"https:\/\/www.pierre-le-cycliste.fr\/index.php\/wp-json\/wp\/v2\/posts\/745\/revisions"}],"predecessor-version":[{"id":783,"href":"https:\/\/www.pierre-le-cycliste.fr\/index.php\/wp-json\/wp\/v2\/posts\/745\/revisions\/783"}],"wp:attachment":[{"href":"https:\/\/www.pierre-le-cycliste.fr\/index.php\/wp-json\/wp\/v2\/media?parent=745"}],"wp:term":[{"taxonomy":"category","embeddable":true,"href":"https:\/\/www.pierre-le-cycliste.fr\/index.php\/wp-json\/wp\/v2\/categories?post=745"},{"taxonomy":"post_tag","embeddable":true,"href":"https:\/\/www.pierre-le-cycliste.fr\/index.php\/wp-json\/wp\/v2\/tags?post=745"}],"curies":[{"name":"wp","href":"https:\/\/api.w.org\/{rel}","templated":true}]}}