{"id":784,"date":"2024-02-29T21:33:27","date_gmt":"2024-02-29T20:33:27","guid":{"rendered":"https:\/\/www.pierre-le-cycliste.fr\/?p=784"},"modified":"2024-02-29T22:05:44","modified_gmt":"2024-02-29T21:05:44","slug":"le-grand-defi-railcoop-jour-12-saint-germain-des-fosses-roanne-67-km","status":"publish","type":"post","link":"https:\/\/www.pierre-le-cycliste.fr\/index.php\/2024\/02\/29\/le-grand-defi-railcoop-jour-12-saint-germain-des-fosses-roanne-67-km\/","title":{"rendered":"Le grand d\u00e9fi Railcoop &#8211; jour 12 &#8211;  Saint Germain des Foss\u00e9s &#8211; Roanne &#8211; 67 km"},"content":{"rendered":"<div id=\"attachment_809\" style=\"width: 650px\" class=\"wp-caption alignnone\"><img loading=\"lazy\" decoding=\"async\" aria-describedby=\"caption-attachment-809\" src=\"https:\/\/www.pierre-le-cycliste.fr\/wp-content\/uploads\/2024\/02\/image8-2-1024x576.jpeg\" alt=\"\" width=\"640\" height=\"360\" class=\"size-large wp-image-809\" srcset=\"https:\/\/www.pierre-le-cycliste.fr\/wp-content\/uploads\/2024\/02\/image8-2-1024x576.jpeg 1024w, https:\/\/www.pierre-le-cycliste.fr\/wp-content\/uploads\/2024\/02\/image8-2-300x169.jpeg 300w, https:\/\/www.pierre-le-cycliste.fr\/wp-content\/uploads\/2024\/02\/image8-2-768x432.jpeg 768w, https:\/\/www.pierre-le-cycliste.fr\/wp-content\/uploads\/2024\/02\/image8-2-1536x864.jpeg 1536w, https:\/\/www.pierre-le-cycliste.fr\/wp-content\/uploads\/2024\/02\/image8-2.jpeg 2048w\" sizes=\"auto, (max-width: 640px) 100vw, 640px\" \/><p id=\"caption-attachment-809\" class=\"wp-caption-text\">D\u00e9part \u00e0 la gare de Saint Germain des Foss\u00e9s ce matin.<\/p><\/div>\n<div id=\"attachment_808\" style=\"width: 650px\" class=\"wp-caption alignnone\"><img loading=\"lazy\" decoding=\"async\" aria-describedby=\"caption-attachment-808\" src=\"https:\/\/www.pierre-le-cycliste.fr\/wp-content\/uploads\/2024\/02\/image9-3-1024x576.jpeg\" alt=\"\" width=\"640\" height=\"360\" class=\"size-large wp-image-808\" srcset=\"https:\/\/www.pierre-le-cycliste.fr\/wp-content\/uploads\/2024\/02\/image9-3-1024x576.jpeg 1024w, https:\/\/www.pierre-le-cycliste.fr\/wp-content\/uploads\/2024\/02\/image9-3-300x169.jpeg 300w, https:\/\/www.pierre-le-cycliste.fr\/wp-content\/uploads\/2024\/02\/image9-3-768x432.jpeg 768w, https:\/\/www.pierre-le-cycliste.fr\/wp-content\/uploads\/2024\/02\/image9-3-1536x864.jpeg 1536w, https:\/\/www.pierre-le-cycliste.fr\/wp-content\/uploads\/2024\/02\/image9-3.jpeg 2048w\" sizes=\"auto, (max-width: 640px) 100vw, 640px\" \/><p id=\"caption-attachment-808\" class=\"wp-caption-text\">Ce matin il faisait beau mais froid, il a fallu \u00ab\u00a0gratter\u00a0\u00bb. \u00e7a c&rsquo;est la voiture-balai mise \u00e0 disposition par <a href=\"https:\/\/citiz.coop\/qui-sommes-nous\">Citiz, soci\u00e9t\u00e9 coop\u00e9rative de consommation<\/a>, \u00e0 but non lucratif. Fond\u00e9 en 2002 sous le nom de France-Autopartage, le r\u00e9seau Citiz est une coop\u00e9rative cr\u00e9\u00e9e par les pionniers de l&rsquo;autopartage en France (groupes d&rsquo;habitants de Marseille, Lyon, Grenoble et Strasbourg). Avec comme objectif de d\u00e9velopper des services d&rsquo;autopartage proche des territoires et des utilisateurs, le r\u00e9seau Citiz regroupe aujourd&rsquo;hui 14 op\u00e9rateurs locaux d&rsquo;autopartage ind\u00e9pendants.<\/p><\/div>\n<div id=\"attachment_807\" style=\"width: 650px\" class=\"wp-caption alignnone\"><img loading=\"lazy\" decoding=\"async\" aria-describedby=\"caption-attachment-807\" src=\"https:\/\/www.pierre-le-cycliste.fr\/wp-content\/uploads\/2024\/02\/signal-2024-02-29-093445-768x1024.jpeg\" alt=\"\" width=\"640\" height=\"853\" class=\"size-large wp-image-807\" srcset=\"https:\/\/www.pierre-le-cycliste.fr\/wp-content\/uploads\/2024\/02\/signal-2024-02-29-093445-768x1024.jpeg 768w, https:\/\/www.pierre-le-cycliste.fr\/wp-content\/uploads\/2024\/02\/signal-2024-02-29-093445-225x300.jpeg 225w, https:\/\/www.pierre-le-cycliste.fr\/wp-content\/uploads\/2024\/02\/signal-2024-02-29-093445-1152x1536.jpeg 1152w, https:\/\/www.pierre-le-cycliste.fr\/wp-content\/uploads\/2024\/02\/signal-2024-02-29-093445.jpeg 1536w\" sizes=\"auto, (max-width: 640px) 100vw, 640px\" \/><p id=\"caption-attachment-807\" class=\"wp-caption-text\">Pause&#8230;<\/p><\/div>\n<div id=\"attachment_806\" style=\"width: 778px\" class=\"wp-caption alignnone\"><img loading=\"lazy\" decoding=\"async\" aria-describedby=\"caption-attachment-806\" src=\"https:\/\/www.pierre-le-cycliste.fr\/wp-content\/uploads\/2024\/02\/image10-2.jpeg\" alt=\"\" width=\"768\" height=\"576\" class=\"size-full wp-image-806\" srcset=\"https:\/\/www.pierre-le-cycliste.fr\/wp-content\/uploads\/2024\/02\/image10-2.jpeg 768w, https:\/\/www.pierre-le-cycliste.fr\/wp-content\/uploads\/2024\/02\/image10-2-300x225.jpeg 300w\" sizes=\"auto, (max-width: 768px) 100vw, 768px\" \/><p id=\"caption-attachment-806\" class=\"wp-caption-text\">Christophe.<\/p><\/div>\n<div id=\"attachment_805\" style=\"width: 650px\" class=\"wp-caption alignnone\"><img loading=\"lazy\" decoding=\"async\" aria-describedby=\"caption-attachment-805\" src=\"https:\/\/www.pierre-le-cycliste.fr\/wp-content\/uploads\/2024\/02\/image11-2-1024x576.jpeg\" alt=\"\" width=\"640\" height=\"360\" class=\"size-large wp-image-805\" srcset=\"https:\/\/www.pierre-le-cycliste.fr\/wp-content\/uploads\/2024\/02\/image11-2-1024x576.jpeg 1024w, https:\/\/www.pierre-le-cycliste.fr\/wp-content\/uploads\/2024\/02\/image11-2-300x169.jpeg 300w, https:\/\/www.pierre-le-cycliste.fr\/wp-content\/uploads\/2024\/02\/image11-2-768x432.jpeg 768w, https:\/\/www.pierre-le-cycliste.fr\/wp-content\/uploads\/2024\/02\/image11-2-1536x864.jpeg 1536w, https:\/\/www.pierre-le-cycliste.fr\/wp-content\/uploads\/2024\/02\/image11-2.jpeg 2048w\" sizes=\"auto, (max-width: 640px) 100vw, 640px\" \/><p id=\"caption-attachment-805\" class=\"wp-caption-text\">En gare de Lapalisse Saint Prix.<\/p><\/div>\n<div id=\"attachment_804\" style=\"width: 569px\" class=\"wp-caption alignnone\"><img loading=\"lazy\" decoding=\"async\" aria-describedby=\"caption-attachment-804\" src=\"https:\/\/www.pierre-le-cycliste.fr\/wp-content\/uploads\/2024\/02\/PortraitaMontaigut.jpg\" alt=\"\" width=\"559\" height=\"779\" class=\"size-full wp-image-804\" srcset=\"https:\/\/www.pierre-le-cycliste.fr\/wp-content\/uploads\/2024\/02\/PortraitaMontaigut.jpg 559w, https:\/\/www.pierre-le-cycliste.fr\/wp-content\/uploads\/2024\/02\/PortraitaMontaigut-215x300.jpg 215w\" sizes=\"auto, (max-width: 559px) 100vw, 559px\" \/><p id=\"caption-attachment-804\" class=\"wp-caption-text\">Louis.\u00a0\u00bbContribuer \u00e0 la pr\u00e9paration du grand d\u00e9fi puis \u00e0 son organisation ont \u00e9t\u00e9 pour moi une exp\u00e9rience passionnante avec une \u00e9quipe toujours tr\u00e8s enthousiaste. En participant de Bordeaux \u00e0 Busseau sur Creuse, j\u2019ai pu mesurer l\u2019attachement \u00e0 la ligne des habitants et des \u00e9lus. Le voyage \u00e0 v\u00e9lo permet de d\u00e9couvrir tous les charmes de la campagne du Bordelais, P\u00e9rigord, Limousin\u2026 Un nouveau \u00ab\u00a0sport d\u2019hiver\u00a0\u00bb\u00a0! Usager du train depuis l\u2019enfance, et pour avoir souvent fr\u00e9quent\u00e9 la ligne Bordeaux-Lyon en \u00ab\u00a0Turbotrain\u00a0\u00bb ou train de nuit, j\u2019esp\u00e8re vivement voir rouler \u00e0 nouveau prochainement des trains Railcoop sur cet itin\u00e9raire\u00a0! \u00ab\u00a0<\/p><\/div>\n<div id=\"attachment_802\" style=\"width: 794px\" class=\"wp-caption alignnone\"><img loading=\"lazy\" decoding=\"async\" aria-describedby=\"caption-attachment-802\" src=\"https:\/\/www.pierre-le-cycliste.fr\/wp-content\/uploads\/2024\/02\/Screenshot_2.jpg\" alt=\"\" width=\"784\" height=\"593\" class=\"size-full wp-image-802\" srcset=\"https:\/\/www.pierre-le-cycliste.fr\/wp-content\/uploads\/2024\/02\/Screenshot_2.jpg 784w, https:\/\/www.pierre-le-cycliste.fr\/wp-content\/uploads\/2024\/02\/Screenshot_2-300x227.jpg 300w, https:\/\/www.pierre-le-cycliste.fr\/wp-content\/uploads\/2024\/02\/Screenshot_2-768x581.jpg 768w\" sizes=\"auto, (max-width: 784px) 100vw, 784px\" \/><p id=\"caption-attachment-802\" class=\"wp-caption-text\">La carte du r\u00e9seau ferr\u00e9 Paris-Orl\u00e9ans en 1916. Le Limousin et l&rsquo;Auvergne sont tr\u00e8s bien desservis.<\/p><\/div>\n<div id=\"attachment_810\" style=\"width: 453px\" class=\"wp-caption alignnone\"><img loading=\"lazy\" decoding=\"async\" aria-describedby=\"caption-attachment-810\" src=\"https:\/\/www.pierre-le-cycliste.fr\/wp-content\/uploads\/2024\/02\/Screenshot_3.jpg\" alt=\"\" width=\"443\" height=\"422\" class=\"size-full wp-image-810\" srcset=\"https:\/\/www.pierre-le-cycliste.fr\/wp-content\/uploads\/2024\/02\/Screenshot_3.jpg 443w, https:\/\/www.pierre-le-cycliste.fr\/wp-content\/uploads\/2024\/02\/Screenshot_3-300x286.jpg 300w\" sizes=\"auto, (max-width: 443px) 100vw, 443px\" \/><p id=\"caption-attachment-810\" class=\"wp-caption-text\">Horaires de train en 1916.<\/p><\/div>\n<div id=\"attachment_803\" style=\"width: 464px\" class=\"wp-caption alignnone\"><img loading=\"lazy\" decoding=\"async\" aria-describedby=\"caption-attachment-803\" src=\"https:\/\/www.pierre-le-cycliste.fr\/wp-content\/uploads\/2024\/02\/Screenshot_1.jpg\" alt=\"\" width=\"454\" height=\"429\" class=\"size-full wp-image-803\" srcset=\"https:\/\/www.pierre-le-cycliste.fr\/wp-content\/uploads\/2024\/02\/Screenshot_1.jpg 454w, https:\/\/www.pierre-le-cycliste.fr\/wp-content\/uploads\/2024\/02\/Screenshot_1-300x283.jpg 300w\" sizes=\"auto, (max-width: 454px) 100vw, 454px\" \/><p id=\"caption-attachment-803\" class=\"wp-caption-text\">Horaires de train en 1916.<\/p><\/div>\n<div id=\"attachment_801\" style=\"width: 586px\" class=\"wp-caption alignnone\"><img loading=\"lazy\" decoding=\"async\" aria-describedby=\"caption-attachment-801\" src=\"https:\/\/www.pierre-le-cycliste.fr\/wp-content\/uploads\/2024\/02\/image12-2-576x1024.jpeg\" alt=\"\" width=\"576\" height=\"1024\" class=\"size-large wp-image-801\" srcset=\"https:\/\/www.pierre-le-cycliste.fr\/wp-content\/uploads\/2024\/02\/image12-2-576x1024.jpeg 576w, https:\/\/www.pierre-le-cycliste.fr\/wp-content\/uploads\/2024\/02\/image12-2-169x300.jpeg 169w, https:\/\/www.pierre-le-cycliste.fr\/wp-content\/uploads\/2024\/02\/image12-2-768x1365.jpeg 768w, https:\/\/www.pierre-le-cycliste.fr\/wp-content\/uploads\/2024\/02\/image12-2-864x1536.jpeg 864w, https:\/\/www.pierre-le-cycliste.fr\/wp-content\/uploads\/2024\/02\/image12-2.jpeg 1152w\" sizes=\"auto, (max-width: 576px) 100vw, 576px\" \/><p id=\"caption-attachment-801\" class=\"wp-caption-text\">Monument aux morts pacifiste de Saint Martin d&rsquo;Estreaux<\/p><\/div>\n<div id=\"attachment_800\" style=\"width: 650px\" class=\"wp-caption alignnone\"><img loading=\"lazy\" decoding=\"async\" aria-describedby=\"caption-attachment-800\" src=\"https:\/\/www.pierre-le-cycliste.fr\/wp-content\/uploads\/2024\/02\/image13-2-1024x576.jpeg\" alt=\"\" width=\"640\" height=\"360\" class=\"size-large wp-image-800\" srcset=\"https:\/\/www.pierre-le-cycliste.fr\/wp-content\/uploads\/2024\/02\/image13-2-1024x576.jpeg 1024w, https:\/\/www.pierre-le-cycliste.fr\/wp-content\/uploads\/2024\/02\/image13-2-300x169.jpeg 300w, https:\/\/www.pierre-le-cycliste.fr\/wp-content\/uploads\/2024\/02\/image13-2-768x432.jpeg 768w, https:\/\/www.pierre-le-cycliste.fr\/wp-content\/uploads\/2024\/02\/image13-2-1536x864.jpeg 1536w, https:\/\/www.pierre-le-cycliste.fr\/wp-content\/uploads\/2024\/02\/image13-2.jpeg 2048w\" sizes=\"auto, (max-width: 640px) 100vw, 640px\" \/><p id=\"caption-attachment-800\" class=\"wp-caption-text\">Entr\u00e9e du village du Crozet<\/p><\/div>\n<div id=\"attachment_799\" style=\"width: 650px\" class=\"wp-caption alignnone\"><img loading=\"lazy\" decoding=\"async\" aria-describedby=\"caption-attachment-799\" src=\"https:\/\/www.pierre-le-cycliste.fr\/wp-content\/uploads\/2024\/02\/image14-1-1024x576.jpeg\" alt=\"\" width=\"640\" height=\"360\" class=\"size-large wp-image-799\" srcset=\"https:\/\/www.pierre-le-cycliste.fr\/wp-content\/uploads\/2024\/02\/image14-1-1024x576.jpeg 1024w, https:\/\/www.pierre-le-cycliste.fr\/wp-content\/uploads\/2024\/02\/image14-1-300x169.jpeg 300w, https:\/\/www.pierre-le-cycliste.fr\/wp-content\/uploads\/2024\/02\/image14-1-768x432.jpeg 768w, https:\/\/www.pierre-le-cycliste.fr\/wp-content\/uploads\/2024\/02\/image14-1-1536x864.jpeg 1536w, https:\/\/www.pierre-le-cycliste.fr\/wp-content\/uploads\/2024\/02\/image14-1.jpeg 2048w\" sizes=\"auto, (max-width: 640px) 100vw, 640px\" \/><p id=\"caption-attachment-799\" class=\"wp-caption-text\">Pause&#8230;<\/p><\/div>\n<div id=\"attachment_797\" style=\"width: 586px\" class=\"wp-caption alignnone\"><img loading=\"lazy\" decoding=\"async\" aria-describedby=\"caption-attachment-797\" src=\"https:\/\/www.pierre-le-cycliste.fr\/wp-content\/uploads\/2024\/02\/image16-1-576x1024.jpeg\" alt=\"\" width=\"576\" height=\"1024\" class=\"size-large wp-image-797\" srcset=\"https:\/\/www.pierre-le-cycliste.fr\/wp-content\/uploads\/2024\/02\/image16-1-576x1024.jpeg 576w, https:\/\/www.pierre-le-cycliste.fr\/wp-content\/uploads\/2024\/02\/image16-1-169x300.jpeg 169w, https:\/\/www.pierre-le-cycliste.fr\/wp-content\/uploads\/2024\/02\/image16-1-768x1365.jpeg 768w, https:\/\/www.pierre-le-cycliste.fr\/wp-content\/uploads\/2024\/02\/image16-1-864x1536.jpeg 864w, https:\/\/www.pierre-le-cycliste.fr\/wp-content\/uploads\/2024\/02\/image16-1.jpeg 1152w\" sizes=\"auto, (max-width: 576px) 100vw, 576px\" \/><p id=\"caption-attachment-797\" class=\"wp-caption-text\">\u00c9glise de Saint Romain la Motte<\/p><\/div>\n<div id=\"attachment_796\" style=\"width: 650px\" class=\"wp-caption alignnone\"><img loading=\"lazy\" decoding=\"async\" aria-describedby=\"caption-attachment-796\" src=\"https:\/\/www.pierre-le-cycliste.fr\/wp-content\/uploads\/2024\/02\/image17-1-1024x576.jpeg\" alt=\"\" width=\"640\" height=\"360\" class=\"size-large wp-image-796\" srcset=\"https:\/\/www.pierre-le-cycliste.fr\/wp-content\/uploads\/2024\/02\/image17-1-1024x576.jpeg 1024w, https:\/\/www.pierre-le-cycliste.fr\/wp-content\/uploads\/2024\/02\/image17-1-300x169.jpeg 300w, https:\/\/www.pierre-le-cycliste.fr\/wp-content\/uploads\/2024\/02\/image17-1-768x432.jpeg 768w, https:\/\/www.pierre-le-cycliste.fr\/wp-content\/uploads\/2024\/02\/image17-1-1536x864.jpeg 1536w, https:\/\/www.pierre-le-cycliste.fr\/wp-content\/uploads\/2024\/02\/image17-1.jpeg 2048w\" sizes=\"auto, (max-width: 640px) 100vw, 640px\" \/><p id=\"caption-attachment-796\" class=\"wp-caption-text\">Pause&#8230;<\/p><\/div>\n<div id=\"attachment_795\" style=\"width: 650px\" class=\"wp-caption alignnone\"><img loading=\"lazy\" decoding=\"async\" aria-describedby=\"caption-attachment-795\" src=\"https:\/\/www.pierre-le-cycliste.fr\/wp-content\/uploads\/2024\/02\/image18-1-1024x576.jpeg\" alt=\"\" width=\"640\" height=\"360\" class=\"size-large wp-image-795\" srcset=\"https:\/\/www.pierre-le-cycliste.fr\/wp-content\/uploads\/2024\/02\/image18-1-1024x576.jpeg 1024w, https:\/\/www.pierre-le-cycliste.fr\/wp-content\/uploads\/2024\/02\/image18-1-300x169.jpeg 300w, https:\/\/www.pierre-le-cycliste.fr\/wp-content\/uploads\/2024\/02\/image18-1-768x432.jpeg 768w, https:\/\/www.pierre-le-cycliste.fr\/wp-content\/uploads\/2024\/02\/image18-1-1536x864.jpeg 1536w, https:\/\/www.pierre-le-cycliste.fr\/wp-content\/uploads\/2024\/02\/image18-1.jpeg 2048w\" sizes=\"auto, (max-width: 640px) 100vw, 640px\" \/><p id=\"caption-attachment-795\" class=\"wp-caption-text\">Pause&#8230;<\/p><\/div>\n<div id=\"attachment_792\" style=\"width: 650px\" class=\"wp-caption alignnone\"><img loading=\"lazy\" decoding=\"async\" aria-describedby=\"caption-attachment-792\" src=\"https:\/\/www.pierre-le-cycliste.fr\/wp-content\/uploads\/2024\/02\/signal-2024-02-29-181311-768x1024.jpeg\" alt=\"\" width=\"640\" height=\"853\" class=\"size-large wp-image-792\" srcset=\"https:\/\/www.pierre-le-cycliste.fr\/wp-content\/uploads\/2024\/02\/signal-2024-02-29-181311-768x1024.jpeg 768w, https:\/\/www.pierre-le-cycliste.fr\/wp-content\/uploads\/2024\/02\/signal-2024-02-29-181311-225x300.jpeg 225w, https:\/\/www.pierre-le-cycliste.fr\/wp-content\/uploads\/2024\/02\/signal-2024-02-29-181311-1152x1536.jpeg 1152w, https:\/\/www.pierre-le-cycliste.fr\/wp-content\/uploads\/2024\/02\/signal-2024-02-29-181311.jpeg 1536w\" sizes=\"auto, (max-width: 640px) 100vw, 640px\" \/><p id=\"caption-attachment-792\" class=\"wp-caption-text\">Sur la route.<\/p><\/div>\n<div id=\"attachment_785\" style=\"width: 778px\" class=\"wp-caption alignnone\"><img loading=\"lazy\" decoding=\"async\" aria-describedby=\"caption-attachment-785\" src=\"https:\/\/www.pierre-le-cycliste.fr\/wp-content\/uploads\/2024\/02\/image27.jpeg\" alt=\"\" width=\"768\" height=\"576\" class=\"size-full wp-image-785\" srcset=\"https:\/\/www.pierre-le-cycliste.fr\/wp-content\/uploads\/2024\/02\/image27.jpeg 768w, https:\/\/www.pierre-le-cycliste.fr\/wp-content\/uploads\/2024\/02\/image27-300x225.jpeg 300w\" sizes=\"auto, (max-width: 768px) 100vw, 768px\" \/><p id=\"caption-attachment-785\" class=\"wp-caption-text\">La voiture-balai mise \u00e0 disposition par Citiz.<\/p><\/div>\n<div id=\"attachment_791\" style=\"width: 778px\" class=\"wp-caption alignnone\"><img loading=\"lazy\" decoding=\"async\" aria-describedby=\"caption-attachment-791\" src=\"https:\/\/www.pierre-le-cycliste.fr\/wp-content\/uploads\/2024\/02\/image21-1.jpeg\" alt=\"\" width=\"768\" height=\"576\" class=\"size-full wp-image-791\" srcset=\"https:\/\/www.pierre-le-cycliste.fr\/wp-content\/uploads\/2024\/02\/image21-1.jpeg 768w, https:\/\/www.pierre-le-cycliste.fr\/wp-content\/uploads\/2024\/02\/image21-1-300x225.jpeg 300w\" sizes=\"auto, (max-width: 768px) 100vw, 768px\" \/><p id=\"caption-attachment-791\" class=\"wp-caption-text\">Sur la route.<\/p><\/div>\n<div id=\"attachment_790\" style=\"width: 778px\" class=\"wp-caption alignnone\"><img loading=\"lazy\" decoding=\"async\" aria-describedby=\"caption-attachment-790\" src=\"https:\/\/www.pierre-le-cycliste.fr\/wp-content\/uploads\/2024\/02\/image22-1.jpeg\" alt=\"\" width=\"768\" height=\"576\" class=\"size-full wp-image-790\" srcset=\"https:\/\/www.pierre-le-cycliste.fr\/wp-content\/uploads\/2024\/02\/image22-1.jpeg 768w, https:\/\/www.pierre-le-cycliste.fr\/wp-content\/uploads\/2024\/02\/image22-1-300x225.jpeg 300w\" sizes=\"auto, (max-width: 768px) 100vw, 768px\" \/><p id=\"caption-attachment-790\" class=\"wp-caption-text\">Sur la route.<\/p><\/div>\n<div id=\"attachment_788\" style=\"width: 586px\" class=\"wp-caption alignnone\"><img loading=\"lazy\" decoding=\"async\" aria-describedby=\"caption-attachment-788\" src=\"https:\/\/www.pierre-le-cycliste.fr\/wp-content\/uploads\/2024\/02\/image24.jpeg\" alt=\"\" width=\"576\" height=\"768\" class=\"size-full wp-image-788\" srcset=\"https:\/\/www.pierre-le-cycliste.fr\/wp-content\/uploads\/2024\/02\/image24.jpeg 576w, https:\/\/www.pierre-le-cycliste.fr\/wp-content\/uploads\/2024\/02\/image24-225x300.jpeg 225w\" sizes=\"auto, (max-width: 576px) 100vw, 576px\" \/><p id=\"caption-attachment-788\" class=\"wp-caption-text\">Juliette.<\/p><\/div>\n<div id=\"attachment_787\" style=\"width: 586px\" class=\"wp-caption alignnone\"><img loading=\"lazy\" decoding=\"async\" aria-describedby=\"caption-attachment-787\" src=\"https:\/\/www.pierre-le-cycliste.fr\/wp-content\/uploads\/2024\/02\/image25.jpeg\" alt=\"\" width=\"576\" height=\"768\" class=\"size-full wp-image-787\" srcset=\"https:\/\/www.pierre-le-cycliste.fr\/wp-content\/uploads\/2024\/02\/image25.jpeg 576w, https:\/\/www.pierre-le-cycliste.fr\/wp-content\/uploads\/2024\/02\/image25-225x300.jpeg 225w\" sizes=\"auto, (max-width: 576px) 100vw, 576px\" \/><p id=\"caption-attachment-787\" class=\"wp-caption-text\">Passage \u00e0 Ch\u00e2tellus.<\/p><\/div>\n<div id=\"attachment_794\" style=\"width: 650px\" class=\"wp-caption alignnone\"><img loading=\"lazy\" decoding=\"async\" aria-describedby=\"caption-attachment-794\" src=\"https:\/\/www.pierre-le-cycliste.fr\/wp-content\/uploads\/2024\/02\/image19-1-1024x576.jpeg\" alt=\"\" width=\"640\" height=\"360\" class=\"size-large wp-image-794\" srcset=\"https:\/\/www.pierre-le-cycliste.fr\/wp-content\/uploads\/2024\/02\/image19-1-1024x576.jpeg 1024w, https:\/\/www.pierre-le-cycliste.fr\/wp-content\/uploads\/2024\/02\/image19-1-300x169.jpeg 300w, https:\/\/www.pierre-le-cycliste.fr\/wp-content\/uploads\/2024\/02\/image19-1-768x432.jpeg 768w, https:\/\/www.pierre-le-cycliste.fr\/wp-content\/uploads\/2024\/02\/image19-1-1536x864.jpeg 1536w, https:\/\/www.pierre-le-cycliste.fr\/wp-content\/uploads\/2024\/02\/image19-1.jpeg 2048w\" sizes=\"auto, (max-width: 640px) 100vw, 640px\" \/><p id=\"caption-attachment-794\" class=\"wp-caption-text\">Arriv\u00e9e en gare de Roanne.<\/p><\/div>\n<div id=\"attachment_793\" style=\"width: 778px\" class=\"wp-caption alignnone\"><img loading=\"lazy\" decoding=\"async\" aria-describedby=\"caption-attachment-793\" src=\"https:\/\/www.pierre-le-cycliste.fr\/wp-content\/uploads\/2024\/02\/image20-2.jpeg\" alt=\"\" width=\"768\" height=\"576\" class=\"size-full wp-image-793\" srcset=\"https:\/\/www.pierre-le-cycliste.fr\/wp-content\/uploads\/2024\/02\/image20-2.jpeg 768w, https:\/\/www.pierre-le-cycliste.fr\/wp-content\/uploads\/2024\/02\/image20-2-300x225.jpeg 300w\" sizes=\"auto, (max-width: 768px) 100vw, 768px\" \/><p id=\"caption-attachment-793\" class=\"wp-caption-text\">Arriv\u00e9e en gare de Roanne.<\/p><\/div>\n<div id=\"attachment_789\" style=\"width: 650px\" class=\"wp-caption alignnone\"><img loading=\"lazy\" decoding=\"async\" aria-describedby=\"caption-attachment-789\" src=\"https:\/\/www.pierre-le-cycliste.fr\/wp-content\/uploads\/2024\/02\/image23-1024x576.jpeg\" alt=\"\" width=\"640\" height=\"360\" class=\"size-large wp-image-789\" srcset=\"https:\/\/www.pierre-le-cycliste.fr\/wp-content\/uploads\/2024\/02\/image23-1024x576.jpeg 1024w, https:\/\/www.pierre-le-cycliste.fr\/wp-content\/uploads\/2024\/02\/image23-300x169.jpeg 300w, https:\/\/www.pierre-le-cycliste.fr\/wp-content\/uploads\/2024\/02\/image23-768x432.jpeg 768w, https:\/\/www.pierre-le-cycliste.fr\/wp-content\/uploads\/2024\/02\/image23-1536x864.jpeg 1536w, https:\/\/www.pierre-le-cycliste.fr\/wp-content\/uploads\/2024\/02\/image23.jpeg 2048w\" sizes=\"auto, (max-width: 640px) 100vw, 640px\" \/><p id=\"caption-attachment-789\" class=\"wp-caption-text\">L&rsquo;Universit\u00e9 de Roanne.<\/p><\/div>\n<div id=\"attachment_786\" style=\"width: 650px\" class=\"wp-caption alignnone\"><img loading=\"lazy\" decoding=\"async\" aria-describedby=\"caption-attachment-786\" src=\"https:\/\/www.pierre-le-cycliste.fr\/wp-content\/uploads\/2024\/02\/image26-1024x576.jpeg\" alt=\"\" width=\"640\" height=\"360\" class=\"size-large wp-image-786\" srcset=\"https:\/\/www.pierre-le-cycliste.fr\/wp-content\/uploads\/2024\/02\/image26-1024x576.jpeg 1024w, https:\/\/www.pierre-le-cycliste.fr\/wp-content\/uploads\/2024\/02\/image26-300x169.jpeg 300w, https:\/\/www.pierre-le-cycliste.fr\/wp-content\/uploads\/2024\/02\/image26-768x432.jpeg 768w, https:\/\/www.pierre-le-cycliste.fr\/wp-content\/uploads\/2024\/02\/image26-1536x864.jpeg 1536w, https:\/\/www.pierre-le-cycliste.fr\/wp-content\/uploads\/2024\/02\/image26.jpeg 2048w\" sizes=\"auto, (max-width: 640px) 100vw, 640px\" \/><p id=\"caption-attachment-786\" class=\"wp-caption-text\">R\u00e9union avec les soci\u00e9taires \u00e0 Roanne.<\/p><\/div>\n<p><strong>Les prochains rendez-vous du Grand D\u00e9fi Railcoop<br \/>\n<\/strong><\/p>\n<p><strong>vendredi 1 mars 2024<\/strong><br \/>\nRoanne\u00a0\u00a0\u00a0\u00a0\u00a0\u00a0\u00a0\u00a0\u00a0\u00a0\u00a0\u00a0\u00a0\u00a0\u00a0\u00a0 8h00\u00a0\u00a0\u00a0\u00a0\u00a0 V\u00e9lo 16 km<br \/>\nRegny\u00a0\u00a0\u00a0\u00a0\u00a0\u00a0\u00a0\u00a0\u00a0\u00a0\u00a0\u00a0\u00a0\u00a0\u00a0\u00a0\u00a0\u00a0 9h30\u00a0\u00a0\u00a0\u00a0\u00a0 V\u00e9lo 13 km<br \/>\nAmplepuis\u00a0\u00a0\u00a0\u00a0\u00a0\u00a0\u00a0\u00a0\u00a0\u00a0\u00a0 10h30\u00a0\u00a0\u00a0 V\u00e9lo 16 km<br \/>\nTarare\u00a0\u00a0\u00a0\u00a0\u00a0\u00a0\u00a0\u00a0\u00a0\u00a0\u00a0\u00a0\u00a0\u00a0\u00a0\u00a0\u00a0 12h-13h\u00a0\u00a0\u00a0\u00a0\u00a0\u00a0\u00a0 V\u00e9lo 20 km<br \/>\nL&rsquo;arbresie\u00a0\u00a0\u00a0\u00a0\u00a0\u00a0\u00a0\u00a0\u00a0\u00a0\u00a0\u00a0 15h\u00a0\u00a0\u00a0 V\u00e9lo 8 km<br \/>\nLozanne\u00a0\u00a0\u00a0\u00a0\u00a0\u00a0\u00a0\u00a0\u00a0\u00a0\u00a0\u00a0\u00a0\u00a0 15h45\u00a0\u00a0\u00a0 V\u00e9lo 26 km<br \/>\nLyon Part Dieu\u00a0\u00a0\u00a0\u00a0 17h30<\/p>\n<p><strong>samedi 2 mars 2024<\/strong><br \/>\nLyon Part Dieu\u00a0\u00a0\u00a0\u00a0\u00a0\u00a0 10h\u00a0\u00a0\u00a0\u00a0\u00a0\u00a0\u00a0\u00a0\u00a0 Marche\u00a0\u00a0\u00a0 6 km<br \/>\nLyon Perrache\u00a0\u00a0\u00a0\u00a0\u00a0\u00a0\u00a0 11h30<\/p>\n<p><strong>Programme de la journ\u00e9e d&rsquo;animation \u00e0 Lyon.<\/strong><\/p>\n<p>10h-11h30 : Marche citoyenne de Lyon Part Dieu \u00e0 Lyon Perrache<br \/>\n            D\u00e9part place de Francfort<\/p>\n<p>11h30-14h : Pique-nique g\u00e9ant en bord de Rh\u00f4ne face \u00e0 l\u2019H\u00f4tel-Dieu<br \/>\n            en cas de pluie,<br \/>\n                dans une salle de la mairie du 2\u00e9me, salle Bayard<\/p>\n<p>15h-17h   : r\u00e9union dans une salle de la mairie du 2\u00e9me, salle Bayard<br \/>\n            avec les \u00e9lus, les sponsors et les soci\u00e9taires de Railcoop<\/p>\n<div id=\"attachment_811\" style=\"width: 650px\" class=\"wp-caption alignnone\"><img loading=\"lazy\" decoding=\"async\" aria-describedby=\"caption-attachment-811\" src=\"https:\/\/www.pierre-le-cycliste.fr\/wp-content\/uploads\/2024\/02\/430057215_122122731176197567_2501244062690607771_n-724x1024.jpg\" alt=\"\" width=\"640\" height=\"905\" class=\"size-large wp-image-811\" srcset=\"https:\/\/www.pierre-le-cycliste.fr\/wp-content\/uploads\/2024\/02\/430057215_122122731176197567_2501244062690607771_n-724x1024.jpg 724w, https:\/\/www.pierre-le-cycliste.fr\/wp-content\/uploads\/2024\/02\/430057215_122122731176197567_2501244062690607771_n-212x300.jpg 212w, https:\/\/www.pierre-le-cycliste.fr\/wp-content\/uploads\/2024\/02\/430057215_122122731176197567_2501244062690607771_n-768x1086.jpg 768w, https:\/\/www.pierre-le-cycliste.fr\/wp-content\/uploads\/2024\/02\/430057215_122122731176197567_2501244062690607771_n-1086x1536.jpg 1086w, https:\/\/www.pierre-le-cycliste.fr\/wp-content\/uploads\/2024\/02\/430057215_122122731176197567_2501244062690607771_n.jpg 1448w\" sizes=\"auto, (max-width: 640px) 100vw, 640px\" \/><p id=\"caption-attachment-811\" class=\"wp-caption-text\">Programme de la journ\u00e9e d&rsquo;animation \u00e0 Lyon.<\/p><\/div>\n","protected":false},"excerpt":{"rendered":"<p>Les prochains rendez-vous du Grand D\u00e9fi Railcoop vendredi 1 mars 2024 Roanne\u00a0\u00a0\u00a0\u00a0\u00a0\u00a0\u00a0\u00a0\u00a0\u00a0\u00a0\u00a0\u00a0\u00a0\u00a0\u00a0 8h00\u00a0\u00a0\u00a0\u00a0\u00a0 V\u00e9lo 16 km Regny\u00a0\u00a0\u00a0\u00a0\u00a0\u00a0\u00a0\u00a0\u00a0\u00a0\u00a0\u00a0\u00a0\u00a0\u00a0\u00a0\u00a0\u00a0 9h30\u00a0\u00a0\u00a0\u00a0\u00a0 V\u00e9lo 13 km Amplepuis\u00a0\u00a0\u00a0\u00a0\u00a0\u00a0\u00a0\u00a0\u00a0\u00a0\u00a0 10h30\u00a0\u00a0\u00a0 V\u00e9lo 16 km Tarare\u00a0\u00a0\u00a0\u00a0\u00a0\u00a0\u00a0\u00a0\u00a0\u00a0\u00a0\u00a0\u00a0\u00a0\u00a0\u00a0\u00a0 12h-13h\u00a0\u00a0\u00a0\u00a0\u00a0\u00a0\u00a0 V\u00e9lo 20 km L&rsquo;arbresie\u00a0\u00a0\u00a0\u00a0\u00a0\u00a0\u00a0\u00a0\u00a0\u00a0\u00a0\u00a0 15h\u00a0\u00a0\u00a0 V\u00e9lo 8 km Lozanne\u00a0\u00a0\u00a0\u00a0\u00a0\u00a0\u00a0\u00a0\u00a0\u00a0\u00a0\u00a0\u00a0\u00a0 15h45\u00a0\u00a0\u00a0 V\u00e9lo 26 &hellip; <a href=\"https:\/\/www.pierre-le-cycliste.fr\/index.php\/2024\/02\/29\/le-grand-defi-railcoop-jour-12-saint-germain-des-fosses-roanne-67-km\/\">Continuer la lecture <span class=\"meta-nav\">&rarr;<\/span><\/a><\/p>\n","protected":false},"author":1,"featured_media":0,"comment_status":"open","ping_status":"open","sticky":false,"template":"","format":"standard","meta":{"footnotes":""},"categories":[1],"tags":[],"class_list":["post-784","post","type-post","status-publish","format-standard","hentry","category-non-classe"],"_links":{"self":[{"href":"https:\/\/www.pierre-le-cycliste.fr\/index.php\/wp-json\/wp\/v2\/posts\/784","targetHints":{"allow":["GET"]}}],"collection":[{"href":"https:\/\/www.pierre-le-cycliste.fr\/index.php\/wp-json\/wp\/v2\/posts"}],"about":[{"href":"https:\/\/www.pierre-le-cycliste.fr\/index.php\/wp-json\/wp\/v2\/types\/post"}],"author":[{"embeddable":true,"href":"https:\/\/www.pierre-le-cycliste.fr\/index.php\/wp-json\/wp\/v2\/users\/1"}],"replies":[{"embeddable":true,"href":"https:\/\/www.pierre-le-cycliste.fr\/index.php\/wp-json\/wp\/v2\/comments?post=784"}],"version-history":[{"count":10,"href":"https:\/\/www.pierre-le-cycliste.fr\/index.php\/wp-json\/wp\/v2\/posts\/784\/revisions"}],"predecessor-version":[{"id":822,"href":"https:\/\/www.pierre-le-cycliste.fr\/index.php\/wp-json\/wp\/v2\/posts\/784\/revisions\/822"}],"wp:attachment":[{"href":"https:\/\/www.pierre-le-cycliste.fr\/index.php\/wp-json\/wp\/v2\/media?parent=784"}],"wp:term":[{"taxonomy":"category","embeddable":true,"href":"https:\/\/www.pierre-le-cycliste.fr\/index.php\/wp-json\/wp\/v2\/categories?post=784"},{"taxonomy":"post_tag","embeddable":true,"href":"https:\/\/www.pierre-le-cycliste.fr\/index.php\/wp-json\/wp\/v2\/tags?post=784"}],"curies":[{"name":"wp","href":"https:\/\/api.w.org\/{rel}","templated":true}]}}