{"id":9655,"date":"2026-05-03T07:00:28","date_gmt":"2026-05-03T05:00:28","guid":{"rendered":"https:\/\/www.pierre-le-cycliste.fr\/?p=9655"},"modified":"2026-05-03T07:00:28","modified_gmt":"2026-05-03T05:00:28","slug":"printemps-marocain-jour-38-a-44-le-retour-75-km-100-km-80-km","status":"publish","type":"post","link":"https:\/\/www.pierre-le-cycliste.fr\/index.php\/2026\/05\/03\/printemps-marocain-jour-38-a-44-le-retour-75-km-100-km-80-km\/","title":{"rendered":"Printemps marocain &#8211; Jour 38 \u00e0 44 &#8211; Le retour &#8211; 75 km &#8211; 100 km &#8211; 80 km"},"content":{"rendered":"<p>Le voyage de retour a \u00e9t\u00e9 tr\u00e8s long, 7 jours, mais c&rsquo;\u00e9tait un choix de ma part : 2 jours de bateau, 2 jours pour rejoindre Perpignan, 1 jour de train, 1 jour \u00e0 La Roche sur Yon, et 1 jour pour rejoindre Nantes.<\/p>\n<p>Vendredi matin \u00e0 Nador, il faut s&rsquo;enregistrer \u00e0 partir de 9h et avant 13h pour un d\u00e9part fix\u00e9 \u00e0 17h (contrainte impos\u00e9e par les autorit\u00e9s marocaines).<\/p>\n<p>De mon h\u00f4tel \u00e0 Nador, j&rsquo;ai 16 km pour rejoindre Beni Ansart, le port de Nador.<\/p>\n<p>Comme je n&rsquo;aime pas prendre de risque, je pars vers 8h30, arriv\u00e9 \u00e0 Beni Ansart, je prends un petit-d\u00e9jeuner marocain dans un caf\u00e9 rep\u00e9r\u00e9 au mois d&rsquo;octobre,<\/p>\n<p>puis vers 10h30, je me fais enregistrer, et j&rsquo;esp\u00e9rais pouvoir aller m&rsquo;installer dans la belle gare maritime, mais les autorit\u00e9s en ont d\u00e9cid\u00e9 autrement.<\/p>\n<p>On fait entrer, dans l&rsquo;espace de la gare, toutes les camionnettes, et la cinquantaine de motos et le v\u00e9lo doivent attendre sur un parking \u00e0 l&rsquo;ext\u00e9rieur.<\/p>\n<p>Il faudra attendre environ jusqu&rsquo;\u00e0 14h pour p\u00e9n\u00e9trer dans l&rsquo;espace de la gare, et, comme d&rsquo;habitude j&#8217;embarque le premier vers 16h apr\u00e8s avoir vu la fin du d\u00e9barquement du ferry arriv\u00e9 de France. Je ne sais pas combien de temps il faut pour vider le ferry, mais c&rsquo;est plusieurs heures.<\/p>\n<p>Finalement le ferry d\u00e9collera \u00e0 19h15 avec plus de deux heures de retard.<\/p>\n<p>6 heures d&rsquo;attente debout n&rsquo;aura pas fait du bien \u00e0 mon dos, et je vais souffrir jusqu&rsquo;\u00e0 lundi apr\u00e8s-midi d&rsquo;un lumbago qui dispara\u00eetra \u00e0 mon arriv\u00e9e \u00e0 Perpignan.<\/p>\n<p>L&rsquo;attente m&rsquo;aura permis d&rsquo;\u00e9changer avec de nombreux motards, discussions tr\u00e8s int\u00e9ressantes, m\u00eame si nos probl\u00e9matiques sont tr\u00e8s diff\u00e9rentes. Certains viennent faire les pistes du Paris-Dakar avec des motos de type cross, d&rsquo;autres viennent avec des motos plus classiques, peu adapt\u00e9es aux pistes.<\/p>\n<p>Le ferry navigue tr\u00e8s vite pendant la premi\u00e8re partie du voyage (64 noeuds, 35 km\/h), puis se calme pour ne pas arriver trop t\u00f4t \u00e0 S\u00e8te (46 noeuds, 25 km\/h). Il me semble que ce n&rsquo;est pas tr\u00e8s optimal en terme de consommation d&rsquo;\u00e9nergie.<\/p>\n<p>En octobre et lors de mon trajet aller, le ferry avait fait escale \u00e0 Barcelone, mais cette fois-ci pas d&rsquo;escale.<\/p>\n<p>Dans le ferry, deux nuits, j&rsquo;\u00e9tais dans une cabine 4 couchettes avec deux motards.<\/p>\n<p>D\u00e9barquement \u00e0 9h30 \u00e0 S\u00e8te, j&rsquo;\u00e9tais quasiment le premier \u00e0 descendre, formalit\u00e9s d&rsquo;entr\u00e9e en Europe tr\u00e8s simple et rapide (contr\u00f4le du passeport).<\/p>\n<p>Courses au Lidl avant de prendre la route vers Gruissan, petit ville au sud de Narbonne.<\/p>\n<p>Bel itin\u00e9raire, le long de la c\u00f4te, au d\u00e9but tr\u00e8s pr\u00e8s de la mer, ensuite un peu plus loin.<\/p>\n<p>Passage par Agde.<\/p>\n<p>Je ne prends pas de photos, comme en octobre quand j&rsquo;avais rejoins B\u00e9ziers \u00e0 partir de S\u00e8te. Les deux nuits dans le bateau (40 heures de voyage) sont assez fatigantes (et mon lumbago n&rsquo;a rien arrang\u00e9). Cela ne m&rsquo;a pas emp\u00each\u00e9 de bien rouler, mais aucune envie de m&rsquo;arr\u00eater pour prendre des photos.<\/p>\n<p>Arriv\u00e9e vers 17h \u00e0 Gruissan.<\/p>\n<p>Le lendemain matin, route vers Perpignan. Tr\u00e8s bel itin\u00e9raire en quittant Gruissan, mais erreur de parcours en arrivant sur le canal de la Robine (je n&rsquo;avais pas pr\u00e9par\u00e9 mon itin\u00e9raire la veille) et je remonte jusqu&rsquo;\u00e0 Narbonne en suivant un chemin de bonne qualit\u00e9 mais tr\u00e8s poussi\u00e9reux et je salis plus mon v\u00e9lo en une heure sur ce chemin qu&rsquo;en trente trois jours au Maroc.<\/p>\n<p>A partir de Narbonne, je suis sur une route avec une certaine circulation, beaux paysages, mais itin\u00e9raire moins tranquille qu&rsquo;au Maroc.<\/p>\n<p>Ce parcours de Gruissan \u00e0 Perpignan m\u00e9rite d&rsquo;\u00eatre re-parcouru tranquillement en suivant l&rsquo;itin\u00e9raire \u00ab\u00a0cyclotourisme\u00a0\u00bb qui doit \u00eatre beaucoup moins confortable et plus sportif que la route goudronn\u00e9e, mais beaucoup plus agr\u00e9able. A faire sans contrainte de temps.<\/p>\n<p>A Perpignan, je rends visite \u00e0 mon oncle Ren\u00e9, bient\u00f4t 94 ans et \u00e0 mes cousines Annie-Sophie et Genevi\u00e8ve.<\/p>\n<p>Mardi matin, 6h09, train pour Narbonne.<\/p>\n<p>A Narbonne, je descends tranquillement du train.<\/p>\n<p>3 minutes apr\u00e8s, grosse mont\u00e9e d&rsquo;adr\u00e9naline ! Je regarde mon v\u00e9lo, mon sac \u00e0 dos est bien sur le v\u00e9lo, attach\u00e9 au guidon comme d&rsquo;habitude, mais pas de sacoches. Je r\u00e9alise que je les ai oubli\u00e9 dans le train ! Panique !<\/p>\n<p>Heureusement le train est encore l\u00e0. Je crie au contr\u00f4leur : \u00ab\u00a0ne partez pas ! ne partez pas !\u00a0\u00bb et je me rue dans le train pour r\u00e9cup\u00e9rer mes sacoches.<\/p>\n<p>Mais le train faisait un arr\u00eat de 10 minutes \u00e0 Narbonne &#8230; J&rsquo;ai de la chance &#8230;<\/p>\n<p>Train pour Bordeaux o\u00f9 j&rsquo;arrive peu avant midi, d&rsquo;o\u00f9 je repars peu apr\u00e8s 18h. 6 heures d&rsquo;attente. J&rsquo;aurai pu prendre un train plus t\u00f4t, mais je ne voulais pas risquer de rater la correspondance \u00e0 Bordeaux si mon train Narbonne-Toulouse avait du retard. Avec un v\u00e9lo, il faut r\u00e9server une place pour le v\u00e9lo et en cas de retard, cela peut devenir tr\u00e8s compliqu\u00e9.<\/p>\n<p>A Bordeaux, je vais attendre mon train dans le parc (Jardin de l&rsquo;Ars) d&rsquo;un nouveau quartier de Bordeaux. Une fontaine publique d&rsquo;eau potable me permet de nettoyer mon v\u00e9lo qui n&rsquo;a pas \u00e9t\u00e9 sali au Maroc, mais dans les marais entre Gruissan et Narbonne. Les quelques kilom\u00e8tres sur ce chemin ont recouvert mon v\u00e9lo et mes sacoches d&rsquo;une fine poussi\u00e8re.<\/p>\n<p>J&rsquo;ai un billet Bordeaux-Nantes, mais je descends \u00e0 La Roche sur Yon (le billet Bordeaux-Nantes \u00e9tait moins cher que le billet Bordeaux-La Roche, absurdit\u00e9 des tarifs SNCF).<\/p>\n<p>Mercredi, je tonds la pelouse de la maison de famille,<\/p>\n<p>et jeudi, je rejoins Nantes \u00e0 v\u00e9lo (80 km), ultime \u00e9tape de ce voyage au Maroc.<\/p>\n<p>Hier entretien de mon v\u00e9lo \u00ab\u00a0neuf\u00a0\u00bb qui a maintenant 12 000 kilom\u00e8tres apr\u00e8s 5 voyages :<br \/>\n&#8211; novembre 2024 : sur les traces de mon grand-p\u00e8re pendant la guerre 14-18<br \/>\n&#8211; hiver 2025 : un tour en Allemagne avec mon ami Michel<br \/>\n&#8211; printemps 2025 : les Alpes europ\u00e9ennes<br \/>\n&#8211; automne 2025 : C\u00f4te m\u00e9diterran\u00e9enne de l&rsquo;Espagne et du Maroc<br \/>\n&#8211; printemps 2026 : un tour au Maroc Oriental<\/p>\n<p>&#8211; Vidange de la bo\u00eete de vitesse (une fois tous les 5000 kilom\u00e8tres, je suis un peu en retard)<br \/>\n&#8211; V\u00e9rification de l&rsquo;usure de la cha\u00eene, je l&rsquo;ai chang\u00e9 une fois, mais aujourd&rsquo;hui, elle n&rsquo;a pas besoin d&rsquo;\u00eatre chang\u00e9 (l&rsquo;outil de mesure montre qu&rsquo;il y a moins de 0,075 mm d&rsquo;usure).<br \/>\n&#8211; V\u00e9rification de l&rsquo;usure des plaquettes de frein : d\u00e9montage des plaquettes &#8230; elles peuvent encore durer un moment. Ce sont toujours les plaquettes d&rsquo;origine. Elles ont pourtant beaucoup servi l&rsquo;ann\u00e9e derni\u00e8re dans les Alpes.<br \/>\n&#8211; V\u00e9rification des pneus. La bande de roulement est us\u00e9e, mais peut encore durer. Quelques incrustations de cailloux et bout de verre que j&rsquo;enl\u00e8ve, mais rien de grave. Un cisaillement sur le flanc d&rsquo;un pneu, probablement le frottement sur un caillou sur une piste. On voit presque la chambre \u00e0 air. Je renforce le pneu \u00e0 l&rsquo;int\u00e9rieur et \u00e0 l&rsquo;ext\u00e9rieur avec un bout de Scotch renforc\u00e9, cela devrait tenir ind\u00e9finiment. Autrefois, quand, en voyage, on s&rsquo;apercevait de l&rsquo;usure d&rsquo;un pneu, on mettait un bout de carton &#8230; et cela tenait longtemps !<br \/>\n&#8211; un peu de jeu dans l&rsquo;axe de p\u00e9dalier, \u00e0 suivre, il faudra peut-\u00eatre changer le bo\u00eetier de p\u00e9dalier, usure normale.<\/p>\n<p>Ce nouveau v\u00e9lo demande moins d&rsquo;entretien et de changement de pi\u00e8ces que le pr\u00e9c\u00e9dent. La bo\u00eete de vitesse \u00e9vite d&rsquo;avoir \u00e0 changer la cha\u00eene tous les 2000-3000 kilom\u00e8tres et la cassette une fois sur deux changements de cha\u00eene. Les freins \u00e0 disque \u00e9vite d&rsquo;avoir \u00e0 changer les patins de freins, et surtout les jantes qui s&rsquo;usent avec le freinage, au risque d&rsquo;explosion de la roue, exp\u00e9rience que j&rsquo;ai v\u00e9cue en 2017 avant mon d\u00e9part en Angleterre, et que mon ami Michel a v\u00e9cu en 2025 lors de notre premi\u00e8re \u00e9tape de notre tour en Allemagne.<\/p>\n<p>Cette nuit, surprise ! J&rsquo;ai un appel WhatsApp de Driss et son \u00e9pouse Na\u00efma, Driss le berger qui m&rsquo;avait accueilli quand un soir, dans le d\u00e9sert, \u00e0 la nuit tombante, je ne savais pas o\u00f9 dormir. \u00c9change chaleureux !<\/p>\n<p>Via WhatsApp, je garde ainsi des \u00e9changes avec les Marocains qui m&rsquo;ont aid\u00e9 et se sont int\u00e9ress\u00e9s \u00e0 mon voyage.<\/p>\n<p>Comment ne pourrais-je pas retourner au Maroc ?<\/p>\n<div id=\"attachment_9642\" style=\"width: 650px\" class=\"wp-caption alignnone\"><img loading=\"lazy\" decoding=\"async\" aria-describedby=\"caption-attachment-9642\" class=\"size-large wp-image-9642\" src=\"https:\/\/www.pierre-le-cycliste.fr\/wp-content\/uploads\/2026\/04\/20260424_111542.jpg.resize-1024x768.jpg\" alt=\"\" width=\"640\" height=\"480\" srcset=\"https:\/\/www.pierre-le-cycliste.fr\/wp-content\/uploads\/2026\/04\/20260424_111542.jpg.resize-1024x768.jpg 1024w, https:\/\/www.pierre-le-cycliste.fr\/wp-content\/uploads\/2026\/04\/20260424_111542.jpg.resize-300x225.jpg 300w, https:\/\/www.pierre-le-cycliste.fr\/wp-content\/uploads\/2026\/04\/20260424_111542.jpg.resize-768x576.jpg 768w, https:\/\/www.pierre-le-cycliste.fr\/wp-content\/uploads\/2026\/04\/20260424_111542.jpg.resize.jpg 1156w\" sizes=\"auto, (max-width: 640px) 100vw, 640px\" \/><p id=\"caption-attachment-9642\" class=\"wp-caption-text\">Aper\u00e7u de la file de camionnettes en attente d&rsquo;entr\u00e9e dans l&rsquo;espace de la gare maritime.<\/p><\/div>\n<div id=\"attachment_9643\" style=\"width: 650px\" class=\"wp-caption alignnone\"><img loading=\"lazy\" decoding=\"async\" aria-describedby=\"caption-attachment-9643\" class=\"size-large wp-image-9643\" src=\"https:\/\/www.pierre-le-cycliste.fr\/wp-content\/uploads\/2026\/04\/20260424_191752.jpg.resize-1024x768.jpg\" alt=\"\" width=\"640\" height=\"480\" srcset=\"https:\/\/www.pierre-le-cycliste.fr\/wp-content\/uploads\/2026\/04\/20260424_191752.jpg.resize-1024x768.jpg 1024w, https:\/\/www.pierre-le-cycliste.fr\/wp-content\/uploads\/2026\/04\/20260424_191752.jpg.resize-300x225.jpg 300w, https:\/\/www.pierre-le-cycliste.fr\/wp-content\/uploads\/2026\/04\/20260424_191752.jpg.resize-768x576.jpg 768w, https:\/\/www.pierre-le-cycliste.fr\/wp-content\/uploads\/2026\/04\/20260424_191752.jpg.resize.jpg 1156w\" sizes=\"auto, (max-width: 640px) 100vw, 640px\" \/><p id=\"caption-attachment-9643\" class=\"wp-caption-text\">Le ferry d\u00e9marre. Adieu le Maroc.<\/p><\/div>\n<div id=\"attachment_9644\" style=\"width: 650px\" class=\"wp-caption alignnone\"><img loading=\"lazy\" decoding=\"async\" aria-describedby=\"caption-attachment-9644\" class=\"size-large wp-image-9644\" src=\"https:\/\/www.pierre-le-cycliste.fr\/wp-content\/uploads\/2026\/04\/20260424_192007.jpg.resize-1024x768.jpg\" alt=\"\" width=\"640\" height=\"480\" srcset=\"https:\/\/www.pierre-le-cycliste.fr\/wp-content\/uploads\/2026\/04\/20260424_192007.jpg.resize-1024x768.jpg 1024w, https:\/\/www.pierre-le-cycliste.fr\/wp-content\/uploads\/2026\/04\/20260424_192007.jpg.resize-300x225.jpg 300w, https:\/\/www.pierre-le-cycliste.fr\/wp-content\/uploads\/2026\/04\/20260424_192007.jpg.resize-768x576.jpg 768w, https:\/\/www.pierre-le-cycliste.fr\/wp-content\/uploads\/2026\/04\/20260424_192007.jpg.resize.jpg 1156w\" sizes=\"auto, (max-width: 640px) 100vw, 640px\" \/><p id=\"caption-attachment-9644\" class=\"wp-caption-text\">Le ferry d\u00e9marre. Adieu le Maroc.<\/p><\/div>\n<div id=\"attachment_9645\" style=\"width: 650px\" class=\"wp-caption alignnone\"><img loading=\"lazy\" decoding=\"async\" aria-describedby=\"caption-attachment-9645\" class=\"size-large wp-image-9645\" src=\"https:\/\/www.pierre-le-cycliste.fr\/wp-content\/uploads\/2026\/04\/20260427_100853.jpg.resize-1024x768.jpg\" alt=\"\" width=\"640\" height=\"480\" srcset=\"https:\/\/www.pierre-le-cycliste.fr\/wp-content\/uploads\/2026\/04\/20260427_100853.jpg.resize-1024x768.jpg 1024w, https:\/\/www.pierre-le-cycliste.fr\/wp-content\/uploads\/2026\/04\/20260427_100853.jpg.resize-300x225.jpg 300w, https:\/\/www.pierre-le-cycliste.fr\/wp-content\/uploads\/2026\/04\/20260427_100853.jpg.resize-768x576.jpg 768w, https:\/\/www.pierre-le-cycliste.fr\/wp-content\/uploads\/2026\/04\/20260427_100853.jpg.resize.jpg 1156w\" sizes=\"auto, (max-width: 640px) 100vw, 640px\" \/><p id=\"caption-attachment-9645\" class=\"wp-caption-text\">Paysage.<\/p><\/div>\n<div id=\"attachment_9646\" style=\"width: 650px\" class=\"wp-caption alignnone\"><img loading=\"lazy\" decoding=\"async\" aria-describedby=\"caption-attachment-9646\" class=\"size-large wp-image-9646\" src=\"https:\/\/www.pierre-le-cycliste.fr\/wp-content\/uploads\/2026\/04\/20260427_102339.jpg.resize-1024x768.jpg\" alt=\"\" width=\"640\" height=\"480\" srcset=\"https:\/\/www.pierre-le-cycliste.fr\/wp-content\/uploads\/2026\/04\/20260427_102339.jpg.resize-1024x768.jpg 1024w, https:\/\/www.pierre-le-cycliste.fr\/wp-content\/uploads\/2026\/04\/20260427_102339.jpg.resize-300x225.jpg 300w, https:\/\/www.pierre-le-cycliste.fr\/wp-content\/uploads\/2026\/04\/20260427_102339.jpg.resize-768x576.jpg 768w, https:\/\/www.pierre-le-cycliste.fr\/wp-content\/uploads\/2026\/04\/20260427_102339.jpg.resize.jpg 1156w\" sizes=\"auto, (max-width: 640px) 100vw, 640px\" \/><p id=\"caption-attachment-9646\" class=\"wp-caption-text\">Leucate vue derri\u00e8re l&rsquo;\u00e9tang de Salses-Leucate<\/p><\/div>\n<div id=\"attachment_9647\" style=\"width: 650px\" class=\"wp-caption alignnone\"><img loading=\"lazy\" decoding=\"async\" aria-describedby=\"caption-attachment-9647\" class=\"size-large wp-image-9647\" src=\"https:\/\/www.pierre-le-cycliste.fr\/wp-content\/uploads\/2026\/04\/20260427_102345.jpg.resize-1024x768.jpg\" alt=\"\" width=\"640\" height=\"480\" srcset=\"https:\/\/www.pierre-le-cycliste.fr\/wp-content\/uploads\/2026\/04\/20260427_102345.jpg.resize-1024x768.jpg 1024w, https:\/\/www.pierre-le-cycliste.fr\/wp-content\/uploads\/2026\/04\/20260427_102345.jpg.resize-300x225.jpg 300w, https:\/\/www.pierre-le-cycliste.fr\/wp-content\/uploads\/2026\/04\/20260427_102345.jpg.resize-768x576.jpg 768w, https:\/\/www.pierre-le-cycliste.fr\/wp-content\/uploads\/2026\/04\/20260427_102345.jpg.resize.jpg 1156w\" sizes=\"auto, (max-width: 640px) 100vw, 640px\" \/><p id=\"caption-attachment-9647\" class=\"wp-caption-text\">Paysage.<\/p><\/div>\n<div id=\"attachment_9648\" style=\"width: 650px\" class=\"wp-caption alignnone\"><img loading=\"lazy\" decoding=\"async\" aria-describedby=\"caption-attachment-9648\" class=\"size-large wp-image-9648\" src=\"https:\/\/www.pierre-le-cycliste.fr\/wp-content\/uploads\/2026\/04\/20260427_104208.jpg.resize-1024x768.jpg\" alt=\"\" width=\"640\" height=\"480\" srcset=\"https:\/\/www.pierre-le-cycliste.fr\/wp-content\/uploads\/2026\/04\/20260427_104208.jpg.resize-1024x768.jpg 1024w, https:\/\/www.pierre-le-cycliste.fr\/wp-content\/uploads\/2026\/04\/20260427_104208.jpg.resize-300x225.jpg 300w, https:\/\/www.pierre-le-cycliste.fr\/wp-content\/uploads\/2026\/04\/20260427_104208.jpg.resize-768x576.jpg 768w, https:\/\/www.pierre-le-cycliste.fr\/wp-content\/uploads\/2026\/04\/20260427_104208.jpg.resize.jpg 1156w\" sizes=\"auto, (max-width: 640px) 100vw, 640px\" \/><p id=\"caption-attachment-9648\" class=\"wp-caption-text\">Paysage au niveau de Port Leucate.<\/p><\/div>\n<div id=\"attachment_9649\" style=\"width: 650px\" class=\"wp-caption alignnone\"><img loading=\"lazy\" decoding=\"async\" aria-describedby=\"caption-attachment-9649\" class=\"size-large wp-image-9649\" src=\"https:\/\/www.pierre-le-cycliste.fr\/wp-content\/uploads\/2026\/04\/20260427_132231.jpg.resize-1024x768.jpg\" alt=\"\" width=\"640\" height=\"480\" srcset=\"https:\/\/www.pierre-le-cycliste.fr\/wp-content\/uploads\/2026\/04\/20260427_132231.jpg.resize-1024x768.jpg 1024w, https:\/\/www.pierre-le-cycliste.fr\/wp-content\/uploads\/2026\/04\/20260427_132231.jpg.resize-300x225.jpg 300w, https:\/\/www.pierre-le-cycliste.fr\/wp-content\/uploads\/2026\/04\/20260427_132231.jpg.resize-768x576.jpg 768w, https:\/\/www.pierre-le-cycliste.fr\/wp-content\/uploads\/2026\/04\/20260427_132231.jpg.resize.jpg 1156w\" sizes=\"auto, (max-width: 640px) 100vw, 640px\" \/><p id=\"caption-attachment-9649\" class=\"wp-caption-text\">Le fleuve T\u00eat en approchant de Perpignan. La T\u00eat (114 kilom\u00e8tres de long) prend sa source en dessous du puig de la Cometa d&rsquo;Espagne (\u00e0 cinq kilom\u00e8tres au nord du pic Carlit), \u00e0 2 579 m d&rsquo;altitude et se jette dans la M\u00e9dit\u00e9rann\u00e9e \u00e0 Canet de Roussilon apr\u00e8s avoir travers\u00e9 Perpignan.<\/p><\/div>\n<div id=\"attachment_9650\" style=\"width: 650px\" class=\"wp-caption alignnone\"><img loading=\"lazy\" decoding=\"async\" aria-describedby=\"caption-attachment-9650\" class=\"size-large wp-image-9650\" src=\"https:\/\/www.pierre-le-cycliste.fr\/wp-content\/uploads\/2026\/04\/20260427_172044.jpg.resize-1024x768.jpg\" alt=\"\" width=\"640\" height=\"480\" srcset=\"https:\/\/www.pierre-le-cycliste.fr\/wp-content\/uploads\/2026\/04\/20260427_172044.jpg.resize-1024x768.jpg 1024w, https:\/\/www.pierre-le-cycliste.fr\/wp-content\/uploads\/2026\/04\/20260427_172044.jpg.resize-300x225.jpg 300w, https:\/\/www.pierre-le-cycliste.fr\/wp-content\/uploads\/2026\/04\/20260427_172044.jpg.resize-768x576.jpg 768w, https:\/\/www.pierre-le-cycliste.fr\/wp-content\/uploads\/2026\/04\/20260427_172044.jpg.resize.jpg 1156w\" sizes=\"auto, (max-width: 640px) 100vw, 640px\" \/><p id=\"caption-attachment-9650\" class=\"wp-caption-text\">Annie-Sophie, Ren\u00e9, Genevi\u00e8ve.<\/p><\/div>\n<div id=\"attachment_9651\" style=\"width: 650px\" class=\"wp-caption alignnone\"><img loading=\"lazy\" decoding=\"async\" aria-describedby=\"caption-attachment-9651\" class=\"size-large wp-image-9651\" src=\"https:\/\/www.pierre-le-cycliste.fr\/wp-content\/uploads\/2026\/04\/20260427_172107.jpg.resize-1024x768.jpg\" alt=\"\" width=\"640\" height=\"480\" srcset=\"https:\/\/www.pierre-le-cycliste.fr\/wp-content\/uploads\/2026\/04\/20260427_172107.jpg.resize-1024x768.jpg 1024w, https:\/\/www.pierre-le-cycliste.fr\/wp-content\/uploads\/2026\/04\/20260427_172107.jpg.resize-300x225.jpg 300w, https:\/\/www.pierre-le-cycliste.fr\/wp-content\/uploads\/2026\/04\/20260427_172107.jpg.resize-768x576.jpg 768w, https:\/\/www.pierre-le-cycliste.fr\/wp-content\/uploads\/2026\/04\/20260427_172107.jpg.resize.jpg 1156w\" sizes=\"auto, (max-width: 640px) 100vw, 640px\" \/><p id=\"caption-attachment-9651\" class=\"wp-caption-text\">Annie-Sophie, Ren\u00e9, Pierre.<\/p><\/div>\n<div id=\"attachment_9653\" style=\"width: 650px\" class=\"wp-caption alignnone\"><img loading=\"lazy\" decoding=\"async\" aria-describedby=\"caption-attachment-9653\" class=\"size-large wp-image-9653\" src=\"https:\/\/www.pierre-le-cycliste.fr\/wp-content\/uploads\/2026\/04\/20260428_145111.jpg.resize-1024x768.jpg\" alt=\"\" width=\"640\" height=\"480\" srcset=\"https:\/\/www.pierre-le-cycliste.fr\/wp-content\/uploads\/2026\/04\/20260428_145111.jpg.resize-1024x768.jpg 1024w, https:\/\/www.pierre-le-cycliste.fr\/wp-content\/uploads\/2026\/04\/20260428_145111.jpg.resize-300x225.jpg 300w, https:\/\/www.pierre-le-cycliste.fr\/wp-content\/uploads\/2026\/04\/20260428_145111.jpg.resize-768x576.jpg 768w, https:\/\/www.pierre-le-cycliste.fr\/wp-content\/uploads\/2026\/04\/20260428_145111.jpg.resize.jpg 1156w\" sizes=\"auto, (max-width: 640px) 100vw, 640px\" \/><p id=\"caption-attachment-9653\" class=\"wp-caption-text\">Nettoyage du v\u00e9lo dans le Jardin de l&rsquo;Ars, non loin de la gare Saint Jean \u00e0 Bordeaux, nouveau quartier de Bordeaux, \u00e9quip\u00e9 d&rsquo;une fontaine d&rsquo;eau potable !<\/p><\/div>\n<div id=\"attachment_9658\" style=\"width: 650px\" class=\"wp-caption alignnone\"><img loading=\"lazy\" decoding=\"async\" aria-describedby=\"caption-attachment-9658\" src=\"https:\/\/www.pierre-le-cycliste.fr\/wp-content\/uploads\/2026\/05\/20260430_120639.jpg.resize-1024x768.jpg\" alt=\"\" width=\"640\" height=\"480\" class=\"size-large wp-image-9658\" srcset=\"https:\/\/www.pierre-le-cycliste.fr\/wp-content\/uploads\/2026\/05\/20260430_120639.jpg.resize-1024x768.jpg 1024w, https:\/\/www.pierre-le-cycliste.fr\/wp-content\/uploads\/2026\/05\/20260430_120639.jpg.resize-300x225.jpg 300w, https:\/\/www.pierre-le-cycliste.fr\/wp-content\/uploads\/2026\/05\/20260430_120639.jpg.resize-768x576.jpg 768w, https:\/\/www.pierre-le-cycliste.fr\/wp-content\/uploads\/2026\/05\/20260430_120639.jpg.resize.jpg 1156w\" sizes=\"auto, (max-width: 640px) 100vw, 640px\" \/><p id=\"caption-attachment-9658\" class=\"wp-caption-text\">Photo \u00e0 mon arriv\u00e9e devant la maison, jardin bien fleuri !<\/p><\/div>\n<div id=\"attachment_9664\" style=\"width: 650px\" class=\"wp-caption alignnone\"><img loading=\"lazy\" decoding=\"async\" aria-describedby=\"caption-attachment-9664\" src=\"https:\/\/www.pierre-le-cycliste.fr\/wp-content\/uploads\/2026\/05\/20260502_143028.jpg.resize-1024x768.jpg\" alt=\"\" width=\"640\" height=\"480\" class=\"size-large wp-image-9664\" srcset=\"https:\/\/www.pierre-le-cycliste.fr\/wp-content\/uploads\/2026\/05\/20260502_143028.jpg.resize-1024x768.jpg 1024w, https:\/\/www.pierre-le-cycliste.fr\/wp-content\/uploads\/2026\/05\/20260502_143028.jpg.resize-300x225.jpg 300w, https:\/\/www.pierre-le-cycliste.fr\/wp-content\/uploads\/2026\/05\/20260502_143028.jpg.resize-768x576.jpg 768w, https:\/\/www.pierre-le-cycliste.fr\/wp-content\/uploads\/2026\/05\/20260502_143028.jpg.resize.jpg 1156w\" sizes=\"auto, (max-width: 640px) 100vw, 640px\" \/><p id=\"caption-attachment-9664\" class=\"wp-caption-text\">Biodiversit\u00e9 de notre jardin.<\/p><\/div>\n<div id=\"attachment_9662\" style=\"width: 650px\" class=\"wp-caption alignnone\"><img loading=\"lazy\" decoding=\"async\" aria-describedby=\"caption-attachment-9662\" src=\"https:\/\/www.pierre-le-cycliste.fr\/wp-content\/uploads\/2026\/05\/20260502_132439.jpg.resize-1024x768.jpg\" alt=\"\" width=\"640\" height=\"480\" class=\"size-large wp-image-9662\" srcset=\"https:\/\/www.pierre-le-cycliste.fr\/wp-content\/uploads\/2026\/05\/20260502_132439.jpg.resize-1024x768.jpg 1024w, https:\/\/www.pierre-le-cycliste.fr\/wp-content\/uploads\/2026\/05\/20260502_132439.jpg.resize-300x225.jpg 300w, https:\/\/www.pierre-le-cycliste.fr\/wp-content\/uploads\/2026\/05\/20260502_132439.jpg.resize-768x576.jpg 768w, https:\/\/www.pierre-le-cycliste.fr\/wp-content\/uploads\/2026\/05\/20260502_132439.jpg.resize.jpg 1156w\" sizes=\"auto, (max-width: 640px) 100vw, 640px\" \/><p id=\"caption-attachment-9662\" class=\"wp-caption-text\">La tajine \u00ab\u00a0poulet\u00a0\u00bb que j&rsquo;ai pr\u00e9par\u00e9 hier. Je ne suis pas tr\u00e8s au point, les carottes sont longues \u00e0 cuire &#8230;<\/p><\/div>\n<div id=\"attachment_9663\" style=\"width: 650px\" class=\"wp-caption alignnone\"><img loading=\"lazy\" decoding=\"async\" aria-describedby=\"caption-attachment-9663\" src=\"https:\/\/www.pierre-le-cycliste.fr\/wp-content\/uploads\/2026\/05\/20260502_132518.jpg.resize-1024x768.jpg\" alt=\"\" width=\"640\" height=\"480\" class=\"size-large wp-image-9663\" srcset=\"https:\/\/www.pierre-le-cycliste.fr\/wp-content\/uploads\/2026\/05\/20260502_132518.jpg.resize-1024x768.jpg 1024w, https:\/\/www.pierre-le-cycliste.fr\/wp-content\/uploads\/2026\/05\/20260502_132518.jpg.resize-300x225.jpg 300w, https:\/\/www.pierre-le-cycliste.fr\/wp-content\/uploads\/2026\/05\/20260502_132518.jpg.resize-768x576.jpg 768w, https:\/\/www.pierre-le-cycliste.fr\/wp-content\/uploads\/2026\/05\/20260502_132518.jpg.resize.jpg 1156w\" sizes=\"auto, (max-width: 640px) 100vw, 640px\" \/><p id=\"caption-attachment-9663\" class=\"wp-caption-text\">La tajine \u00ab\u00a0poulet\u00a0\u00bb que j&rsquo;ai pr\u00e9par\u00e9 hier. Je ne suis pas tr\u00e8s au point, les carottes sont longues \u00e0 cuire &#8230;<\/p><\/div>\n<div id=\"attachment_9667\" style=\"width: 650px\" class=\"wp-caption alignnone\"><img loading=\"lazy\" decoding=\"async\" aria-describedby=\"caption-attachment-9667\" src=\"https:\/\/www.pierre-le-cycliste.fr\/wp-content\/uploads\/2026\/05\/20260502_143501.jpg.resize-1024x768.jpg\" alt=\"\" width=\"640\" height=\"480\" class=\"size-large wp-image-9667\" srcset=\"https:\/\/www.pierre-le-cycliste.fr\/wp-content\/uploads\/2026\/05\/20260502_143501.jpg.resize-1024x768.jpg 1024w, https:\/\/www.pierre-le-cycliste.fr\/wp-content\/uploads\/2026\/05\/20260502_143501.jpg.resize-300x225.jpg 300w, https:\/\/www.pierre-le-cycliste.fr\/wp-content\/uploads\/2026\/05\/20260502_143501.jpg.resize-768x576.jpg 768w, https:\/\/www.pierre-le-cycliste.fr\/wp-content\/uploads\/2026\/05\/20260502_143501.jpg.resize.jpg 1156w\" sizes=\"auto, (max-width: 640px) 100vw, 640px\" \/><p id=\"caption-attachment-9667\" class=\"wp-caption-text\">Ext\u00e9rieur de mon pneu avant r\u00e9paration.<\/p><\/div>\n<div id=\"attachment_9665\" style=\"width: 650px\" class=\"wp-caption alignnone\"><img loading=\"lazy\" decoding=\"async\" aria-describedby=\"caption-attachment-9665\" src=\"https:\/\/www.pierre-le-cycliste.fr\/wp-content\/uploads\/2026\/05\/20260502_143300.jpg.resize-768x1024.jpg\" alt=\"\" width=\"640\" height=\"853\" class=\"size-large wp-image-9665\" srcset=\"https:\/\/www.pierre-le-cycliste.fr\/wp-content\/uploads\/2026\/05\/20260502_143300.jpg.resize-768x1024.jpg 768w, https:\/\/www.pierre-le-cycliste.fr\/wp-content\/uploads\/2026\/05\/20260502_143300.jpg.resize-225x300.jpg 225w, https:\/\/www.pierre-le-cycliste.fr\/wp-content\/uploads\/2026\/05\/20260502_143300.jpg.resize-rotated.jpg 867w\" sizes=\"auto, (max-width: 640px) 100vw, 640px\" \/><p id=\"caption-attachment-9665\" class=\"wp-caption-text\">Int\u00e9rieur de mon pneu avant r\u00e9paration.<\/p><\/div>\n<div id=\"attachment_9668\" style=\"width: 650px\" class=\"wp-caption alignnone\"><img loading=\"lazy\" decoding=\"async\" aria-describedby=\"caption-attachment-9668\" src=\"https:\/\/www.pierre-le-cycliste.fr\/wp-content\/uploads\/2026\/05\/20260502_143611.jpg.resize-1024x768.jpg\" alt=\"\" width=\"640\" height=\"480\" class=\"size-large wp-image-9668\" srcset=\"https:\/\/www.pierre-le-cycliste.fr\/wp-content\/uploads\/2026\/05\/20260502_143611.jpg.resize-1024x768.jpg 1024w, https:\/\/www.pierre-le-cycliste.fr\/wp-content\/uploads\/2026\/05\/20260502_143611.jpg.resize-300x225.jpg 300w, https:\/\/www.pierre-le-cycliste.fr\/wp-content\/uploads\/2026\/05\/20260502_143611.jpg.resize-768x576.jpg 768w, https:\/\/www.pierre-le-cycliste.fr\/wp-content\/uploads\/2026\/05\/20260502_143611.jpg.resize.jpg 1156w\" sizes=\"auto, (max-width: 640px) 100vw, 640px\" \/><p id=\"caption-attachment-9668\" class=\"wp-caption-text\">Ext\u00e9rieur de mon pneu apr\u00e8s r\u00e9paration.<\/p><\/div>\n<div id=\"attachment_9666\" style=\"width: 650px\" class=\"wp-caption alignnone\"><img loading=\"lazy\" decoding=\"async\" aria-describedby=\"caption-attachment-9666\" src=\"https:\/\/www.pierre-le-cycliste.fr\/wp-content\/uploads\/2026\/05\/20260502_143437.jpg.resize-1024x768.jpg\" alt=\"\" width=\"640\" height=\"480\" class=\"size-large wp-image-9666\" srcset=\"https:\/\/www.pierre-le-cycliste.fr\/wp-content\/uploads\/2026\/05\/20260502_143437.jpg.resize-1024x768.jpg 1024w, https:\/\/www.pierre-le-cycliste.fr\/wp-content\/uploads\/2026\/05\/20260502_143437.jpg.resize-300x225.jpg 300w, https:\/\/www.pierre-le-cycliste.fr\/wp-content\/uploads\/2026\/05\/20260502_143437.jpg.resize-768x576.jpg 768w, https:\/\/www.pierre-le-cycliste.fr\/wp-content\/uploads\/2026\/05\/20260502_143437.jpg.resize.jpg 1156w\" sizes=\"auto, (max-width: 640px) 100vw, 640px\" \/><p id=\"caption-attachment-9666\" class=\"wp-caption-text\">Int\u00e9rieur de mon pneu apr\u00e8s r\u00e9paration.<\/p><\/div>\n","protected":false},"excerpt":{"rendered":"<p>Le voyage de retour a \u00e9t\u00e9 tr\u00e8s long, 7 jours, mais c&rsquo;\u00e9tait un choix de ma part : 2 jours de bateau, 2 jours pour rejoindre Perpignan, 1 jour de train, 1 jour \u00e0 La Roche sur Yon, et 1 &hellip; <a href=\"https:\/\/www.pierre-le-cycliste.fr\/index.php\/2026\/05\/03\/printemps-marocain-jour-38-a-44-le-retour-75-km-100-km-80-km\/\">Continuer la lecture <span class=\"meta-nav\">&rarr;<\/span><\/a><\/p>\n","protected":false},"author":1,"featured_media":0,"comment_status":"open","ping_status":"open","sticky":false,"template":"","format":"standard","meta":{"footnotes":""},"categories":[1],"tags":[],"class_list":["post-9655","post","type-post","status-publish","format-standard","hentry","category-non-classe"],"_links":{"self":[{"href":"https:\/\/www.pierre-le-cycliste.fr\/index.php\/wp-json\/wp\/v2\/posts\/9655","targetHints":{"allow":["GET"]}}],"collection":[{"href":"https:\/\/www.pierre-le-cycliste.fr\/index.php\/wp-json\/wp\/v2\/posts"}],"about":[{"href":"https:\/\/www.pierre-le-cycliste.fr\/index.php\/wp-json\/wp\/v2\/types\/post"}],"author":[{"embeddable":true,"href":"https:\/\/www.pierre-le-cycliste.fr\/index.php\/wp-json\/wp\/v2\/users\/1"}],"replies":[{"embeddable":true,"href":"https:\/\/www.pierre-le-cycliste.fr\/index.php\/wp-json\/wp\/v2\/comments?post=9655"}],"version-history":[{"count":9,"href":"https:\/\/www.pierre-le-cycliste.fr\/index.php\/wp-json\/wp\/v2\/posts\/9655\/revisions"}],"predecessor-version":[{"id":9672,"href":"https:\/\/www.pierre-le-cycliste.fr\/index.php\/wp-json\/wp\/v2\/posts\/9655\/revisions\/9672"}],"wp:attachment":[{"href":"https:\/\/www.pierre-le-cycliste.fr\/index.php\/wp-json\/wp\/v2\/media?parent=9655"}],"wp:term":[{"taxonomy":"category","embeddable":true,"href":"https:\/\/www.pierre-le-cycliste.fr\/index.php\/wp-json\/wp\/v2\/categories?post=9655"},{"taxonomy":"post_tag","embeddable":true,"href":"https:\/\/www.pierre-le-cycliste.fr\/index.php\/wp-json\/wp\/v2\/tags?post=9655"}],"curies":[{"name":"wp","href":"https:\/\/api.w.org\/{rel}","templated":true}]}}